{"id":2039,"date":"2020-10-03T23:34:11","date_gmt":"2020-10-03T23:34:11","guid":{"rendered":"https:\/\/tribunavm.com.ar\/?p=2039"},"modified":"2020-10-04T13:36:05","modified_gmt":"2020-10-04T13:36:05","slug":"las-lineas-de-la-desigualdad","status":"publish","type":"post","link":"https:\/\/tribunavm.com.ar\/index.php\/2020\/10\/03\/las-lineas-de-la-desigualdad\/","title":{"rendered":"Las l\u00edneas de la desigualdad"},"content":{"rendered":"<div class=\"row clearfix\">\n<div class=\"col-md-7\">\n<p style=\"text-align: left;\"><span style=\"color: #212121; font-size: 1.5em; letter-spacing: -0.01em;\">Durante el primer semestre del 2020, se encuentran bajo la l\u00ednea de pobreza 2.849.755 hogares, es decir 11.680.575 personas. A su vez, 754.155 hogares se ubican bajo la l\u00ednea de indigencia e incluyen a 2.995.878 personas, seg\u00fan inform\u00f3 el INDEC.<\/span><\/p>\n<p><span style=\"font-weight: 400;\"><span class=\"dropcap \" style=\"background-color: #ffffff; color: #dd9933; border-color: #ffffff;\">L<\/span>a pandemia irrumpi\u00f3 en Argentina apenas tres meses despu\u00e9s de que el actual presidente, Alberto Fern\u00e1ndez, asumiera las riendas del Ejecutivo con el principal prop\u00f3sito de acabar con la pobreza en el pa\u00eds, que atraviesa una recesi\u00f3n desde mediados del 2018 y est\u00e1 inmerso en una profunda espiral inflacionaria.<\/span><\/p>\n<p><span style=\"font-weight: 400;\">Con la llegada del coronavirus, el Gobierno opt\u00f3 por priorizar la salud y el 20 de marzo instaur\u00f3 una r\u00edgida cuarentena en todo el pa\u00eds, unas restricciones que siguen m\u00e1s o menos vigentes hasta el d\u00eda de hoy.<\/span><\/p>\n<p><b>&#8220;Prefiero tener 10% m\u00e1s pobres y no 100.000 muertos en la Argentina por coronavirus. Los que plantean el dilema entre la econom\u00eda y la salud, est\u00e1n diciendo algo falso&#8221;, <\/b><span style=\"font-weight: 400;\">dijo el presidente <strong>Alberto Fern\u00e1ndez en abril pasado<\/strong>, el mes de la cuarentena m\u00e1s dura, que registr\u00f3 la ca\u00edda del PBI m\u00e1s importante en la historia (-26,4%). El segundo trimestre del 2020 cay\u00f3 19,1%, un n\u00famero que supera el mayor tropiezo trimestral de 2002, seg\u00fan INDEC.<\/span><\/p>\n<p><span style=\"font-weight: 400;\">A su vez, la mayor ca\u00edda en Argentina fue para la inversi\u00f3n, que se hundi\u00f3 38,4% interanual (levemente por debajo de la registrada en 2002). Las importaciones cayeron 30,1%; las exportaciones, un 11,7%; el consumo privado cay\u00f3 22,3% y el consumo p\u00fablico un 10,1%.<\/span><\/p>\n<p><span style=\"font-weight: 400;\">La mayor retracci\u00f3n se observ\u00f3 en Hoteles y restaurantes que registr\u00f3 una baja de 73,4% interanual. Mientras que la construcci\u00f3n tuvo un descenso de 52,1%; la industria, de 20,8% y el comercio mayorista y minorista, y reparaciones, de 16,9%.<\/span><\/p>\n<p><span style=\"color: #ff9900;\"><b>Pobreza e indigencia<\/b><\/span><\/p>\n<p><span style=\"font-weight: 400;\">El d\u00eda mi\u00e9rcoles se dieron a conocer las cifras sobre pobreza, correspondientes al primer trimestre del 2020, informadas por el Instituto oficial de estad\u00edsticas (INDEC).<\/span><\/p>\n<blockquote class=\"twitter-tweet\">\n<p dir=\"ltr\" lang=\"es\"><a href=\"https:\/\/twitter.com\/hashtag\/DatoINDEC?src=hash&amp;ref_src=twsrc%5Etfw\">#DatoINDEC<\/a><br \/>\nLa pobreza alcanz\u00f3 al 40,9% de las personas y al 30,4% de los hogares en el 1\u00b0 semestre de 2020; la indigencia, al 10,5% y 8,1%, respectivamente <a href=\"https:\/\/t.co\/zhQG4hJpMp\">https:\/\/t.co\/zhQG4hJpMp<\/a> <a href=\"https:\/\/t.co\/U2TZrVPOVO\">pic.twitter.com\/U2TZrVPOVO<\/a><\/p>\n<p>\u2014 INDEC Argentina (@INDECArgentina) <a href=\"https:\/\/twitter.com\/INDECArgentina\/status\/1311380375072014336?ref_src=twsrc%5Etfw\">September 30, 2020<\/a><\/p><\/blockquote>\n<p><script async src=\"https:\/\/platform.twitter.com\/widgets.js\" charset=\"utf-8\"><\/script><\/p>\n<p><span style=\"font-weight: 400;\">Entre los 9.429.189 hogares encuestados, 2,85 millones de \u00e9stos (11.7 millones de personas) tienen como ingreso promedio alrededor de $25.759, mientras que la canasta b\u00e1sica total (CBT) por hogar de cuatro integrantes, tiene un costo de $43.758. Esto genera una brecha del 41,2% entre los ingresos por familia y el costo de la CBT.<\/span><\/p>\n<p><span style=\"font-weight: 400;\">Con respecto a la l\u00ednea de indigencia, un 10,5% de la poblaci\u00f3n, es decir 754.000 hogares (3 millones de personas) poseen un ingreso promedio de $10.301, cuando la canasta b\u00e1sica alimentaria (CBA) tiene un costo de $17.625 demostrando una distancia del 41,6% entre sus ingresos y el costo de la CBA.<\/span><\/p>\n<p><span style=\"font-weight: 400;\">Mientras la CBT aument\u00f3 un 19,2% y la CBA un 23,1% el ingreso total familiar solo tuvo un incremento de 11,0% promedio por debajo de la suma de canastas, lo que se refleja directamente en el aumento de familias pobres e indigentes.<\/span><\/p>\n<p><span style=\"font-weight: 400;\">El c\u00e1lculo de las l\u00edneas tanto de indigencia como de pobreza, se realiza mediante un presupuesto estimativo del costo de la CBA y de la CBT, respectivamente. La Canasta B\u00e1sica Total incluye alimentos m\u00e1s servicios, como por ejemplo, calzado, indumentaria, transporte, vivienda, atenci\u00f3n m\u00e9dica, gastos de salud, educaci\u00f3n etc. Mientras que la Canasta B\u00e1sica Alimentaria, constituye una canasta de alimentos capaz de satisfacer un umbral m\u00ednimo de necesidades energ\u00e9ticas y proteicas.\u00a0<\/span><\/p>\n<p><span style=\"font-weight: 400;\">Es en este contexto d\u00f3nde estos indicadores cr\u00edticos nos muestran que la realidad de multitud de familias en Argentina, se encuentra pendiendo de un hilo. La tasa de desempleo se ubica en el 13,1% por ciento, generando presi\u00f3n sobre el <\/span><b>40,9% de pobreza actual.<\/b><\/p>\n<p><span style=\"font-weight: 400;\">Son alrededor de 17,6 millones de personas econ\u00f3micamente inactivas, es decir, el 61,6% de los 28.6 millones de encuestados.<\/span><\/p>\n<p><span style=\"font-weight: 400;\">En un an\u00e1lisis por sexo y edad, el informe del INDEC sobre trabajo revela que la desocupaci\u00f3n se increment\u00f3 en todos los grupos, pero que es mayor entre las mujeres de 14 a 29 a\u00f1os donde pas\u00f3 de 23,9% en el primer trimestre de 2020 a 28,5% en el segundo trimestre.<\/span><\/p>\n<p><span style=\"color: #ff9900;\"><b>La crisis sobre la espalda<\/b><\/span><\/p>\n<p><span style=\"font-weight: 400;\">Aunque el Gobierno puso en marcha una serie de medidas dedicadas a mitigar los efectos del confinamiento en los sectores m\u00e1s vulnerables, como por ejemplo la creaci\u00f3n del Ingreso Familiar de Emergencia (IFE), una ayuda mensual de $10.000 dirigida a desempleados y trabajadores informales y que alcanza a unas 9 millones de personas, o la tarjeta Alimentar que abarca a 11 millones de personas, los \u00edndices de desigualdad social siguen en aumento.<\/span><\/p>\n<p><span style=\"font-weight: 400;\">Con distintos \u00e9nfasis y matices, la crisis ha reca\u00eddo sobre las espaldas del los sectores populares y a pesar de la implementaci\u00f3n de distintas pol\u00edticas sociales \u00e9stas no han pasado de ser un paliativo frente a la pobreza. La actual crisis, agravada por su car\u00e1cter mundial, significa un desaf\u00edo para un gobierno que ha priorizado la vida por encima de cualquier otra cuesti\u00f3n.<\/span><\/p>\n<figure id=\"attachment_2041\" aria-describedby=\"caption-attachment-2041\" style=\"width: 800px\" class=\"wp-caption alignright\"><img loading=\"lazy\" decoding=\"async\" class=\"size-full wp-image-2041\" src=\"https:\/\/tribunavm.com.ar\/wp-content\/uploads\/2020\/10\/114719449_2-1.jpg\" alt=\"\" width=\"800\" height=\"450\" srcset=\"https:\/\/tribunavm.com.ar\/wp-content\/uploads\/2020\/10\/114719449_2-1.jpg 800w, https:\/\/tribunavm.com.ar\/wp-content\/uploads\/2020\/10\/114719449_2-1-300x169.jpg 300w, https:\/\/tribunavm.com.ar\/wp-content\/uploads\/2020\/10\/114719449_2-1-768x432.jpg 768w, https:\/\/tribunavm.com.ar\/wp-content\/uploads\/2020\/10\/114719449_2-1-750x422.jpg 750w\" sizes=\"(max-width: 800px) 100vw, 800px\" \/><figcaption id=\"caption-attachment-2041\" class=\"wp-caption-text\">El desalojo en Guernica previsto para el 1 de octubre fue postergado<\/figcaption><\/figure>\n<p><span style=\"font-weight: 400;\">Los crudos n\u00fameros de pobreza dados por INDEC son vividos en los territorios como problemas concretos, como la situaci\u00f3n que aqueja a miles de familias en las tomas de terrenos, hoy en Guernica, por citar. &#8220;Tuve que elegir entre pagar el alquiler y darle de comer a mis hijos&#8221;, declar\u00f3 una de las mujeres que vive actualmente en Guernica.\u00a0 N\u00fameros y voces. Son las dimensiones que asume una profunda crisis que es sostenida bajo las espaldas del pueblo trabajador.<\/span><\/p>\n<\/div>\n<\/div>\n","protected":false},"excerpt":{"rendered":"<p>Durante el primer semestre del 2020, se encuentran bajo la l\u00ednea de pobreza 2.849.755 hogares, es decir 11.680.575 personas. A su vez, 754.155 hogares se ubican bajo la l\u00ednea de indigencia e incluyen a 2.995.878 personas, seg\u00fan inform\u00f3 el INDEC. La pandemia irrumpi\u00f3 en Argentina apenas tres meses despu\u00e9s de que el actual presidente, Alberto [&hellip;]<\/p>\n","protected":false},"author":2,"featured_media":2040,"comment_status":"open","ping_status":"open","sticky":false,"template":"","format":"standard","meta":{"_exactmetrics_skip_tracking":false,"_exactmetrics_sitenote_active":false,"_exactmetrics_sitenote_note":"","_exactmetrics_sitenote_category":0,"jnews-multi-image_gallery":[],"jnews_single_post":{"source_name":"","source_url":"","via_name":"","via_url":"","override_template":"0","override":[{"template":"1","single_blog_custom":"","parallax":"1","fullscreen":"0","layout":"right-sidebar","sidebar":"default-sidebar","second_sidebar":"default-sidebar","sticky_sidebar":"1","share_position":"top","share_float_style":"share-monocrhome","show_share_counter":"1","show_view_counter":"1","show_featured":"1","show_post_meta":"1","show_post_author":"1","show_post_author_image":"1","show_post_date":"1","post_date_format":"default","post_date_format_custom":"Y\/m\/d","show_post_category":"1","show_post_reading_time":"0","post_reading_time_wpm":"300","show_zoom_button":"0","zoom_button_out_step":"2","zoom_button_in_step":"3","show_post_tag":"1","show_prev_next_post":"1","show_popup_post":"1","number_popup_post":"1","show_author_box":"0","show_post_related":"0","show_inline_post_related":"0"}],"override_image_size":"0","image_override":[{"single_post_thumbnail_size":"crop-500","single_post_gallery_size":"crop-500"}],"trending_post":"0","trending_post_position":"meta","trending_post_label":"Trending","sponsored_post":"0","sponsored_post_label":"Sponsored by","sponsored_post_name":"","sponsored_post_url":"","sponsored_post_logo_enable":"0","sponsored_post_logo":"","sponsored_post_desc":""},"jnews_primary_category":{"id":"23"},"jnews_social_meta":{"fb_title":"","fb_description":"","fb_image":"","twitter_title":"","twitter_description":"","twitter_image":""},"jnews_override_counter":{"override_view_counter":"0","view_counter_number":"0","override_share_counter":"0","share_counter_number":"0","override_like_counter":"0","like_counter_number":"0","override_dislike_counter":"0","dislike_counter_number":"0"},"_joinchat":[],"footnotes":""},"categories":[23],"tags":[105,72,34,35],"class_list":["post-2039","post","type-post","status-publish","format-standard","has-post-thumbnail","hentry","category-analisis","tag-edicion-33","tag-edicion-digital","tag-social","tag-trabajadores"],"_links":{"self":[{"href":"https:\/\/tribunavm.com.ar\/index.php\/wp-json\/wp\/v2\/posts\/2039"}],"collection":[{"href":"https:\/\/tribunavm.com.ar\/index.php\/wp-json\/wp\/v2\/posts"}],"about":[{"href":"https:\/\/tribunavm.com.ar\/index.php\/wp-json\/wp\/v2\/types\/post"}],"author":[{"embeddable":true,"href":"https:\/\/tribunavm.com.ar\/index.php\/wp-json\/wp\/v2\/users\/2"}],"replies":[{"embeddable":true,"href":"https:\/\/tribunavm.com.ar\/index.php\/wp-json\/wp\/v2\/comments?post=2039"}],"version-history":[{"count":7,"href":"https:\/\/tribunavm.com.ar\/index.php\/wp-json\/wp\/v2\/posts\/2039\/revisions"}],"predecessor-version":[{"id":2055,"href":"https:\/\/tribunavm.com.ar\/index.php\/wp-json\/wp\/v2\/posts\/2039\/revisions\/2055"}],"wp:featuredmedia":[{"embeddable":true,"href":"https:\/\/tribunavm.com.ar\/index.php\/wp-json\/wp\/v2\/media\/2040"}],"wp:attachment":[{"href":"https:\/\/tribunavm.com.ar\/index.php\/wp-json\/wp\/v2\/media?parent=2039"}],"wp:term":[{"taxonomy":"category","embeddable":true,"href":"https:\/\/tribunavm.com.ar\/index.php\/wp-json\/wp\/v2\/categories?post=2039"},{"taxonomy":"post_tag","embeddable":true,"href":"https:\/\/tribunavm.com.ar\/index.php\/wp-json\/wp\/v2\/tags?post=2039"}],"curies":[{"name":"wp","href":"https:\/\/api.w.org\/{rel}","templated":true}]}}