{"id":2150,"date":"2020-10-17T01:40:04","date_gmt":"2020-10-17T01:40:04","guid":{"rendered":"https:\/\/tribunavm.com.ar\/?p=2150"},"modified":"2020-10-17T01:41:37","modified_gmt":"2020-10-17T01:41:37","slug":"condiciones-de-vida-en-latinoamerica","status":"publish","type":"post","link":"https:\/\/tribunavm.com.ar\/index.php\/2020\/10\/17\/condiciones-de-vida-en-latinoamerica\/","title":{"rendered":"Condiciones de vida en Latinoam\u00e9rica"},"content":{"rendered":"<div class=\"row clearfix\">\n<div class=\"col-md-8\">\n<p><span style=\"color: #212121; font-size: 1.5em; letter-spacing: -0.01em;\">Mientras el COVID avanza\u00a0 a lo largo y ancho de la regi\u00f3n, millones de trabajadores pagan las consecuencias de otros virus: pobreza, desigualdad y desocupaci\u00f3n.<\/span><\/p>\n<p><span style=\"font-weight: 400;\"><span class=\"dropcap \" style=\"background-color: #ffffff; color: #e59319; border-color: #ffffff;\">D<\/span>esde comienzos de la pandemia la poblaci\u00f3n trabajadora de todo el mundo viene sufriendo las consecuencias de la voracidad con que las firmas y empresas accionan sin importar fronteras ni el bienestar de las personas.<\/span><\/p>\n<p><span style=\"font-weight: 400;\">Esta realidad, imposible de reflejar fielmente con n\u00fameros y tablas, no escapa a lo que vemos y vivimos cotidianamente. Aunque a trav\u00e9s de los datos emitidos por los institutos de estad\u00edsticas de algunos pa\u00edses latinoamericanos intentamos aproximarnos a una realidad m\u00e1s amplia.<\/span><\/p>\n<blockquote><p><span style=\"color: #1d1f20; font-size: 1.563em; font-style: italic;\">Ver: <\/span><a style=\"font-size: 1.563em; font-style: italic;\" href=\"https:\/\/tribunavm.com.ar\/index.php\/2020\/10\/03\/las-lineas-de-la-desigualdad\/\"><span style=\"color: #ff9900;\"><strong>Las l\u00edneas de la desigualdad<\/strong><\/span><\/a><\/p><\/blockquote>\n<p><span style=\"color: #ff9900;\"><b>En la regi\u00f3n<\/b><\/span><\/p>\n<p><span style=\"font-weight: 400;\">La Comisi\u00f3n Econ\u00f3mica para Am\u00e9rica Latina y el Caribe (CEPAL) y la Organizaci\u00f3n de las Naciones Unidas para la Alimentaci\u00f3n y la Agricultura (FAO), publicaron un informe sobre la<strong> poblaci\u00f3n en condiciones de pobreza extrema en Am\u00e9rica Latina y el Caribe que podr\u00eda llegar a 83,4 millones de personas en 2020.<\/strong><\/span><\/p>\n<p><span style=\"font-weight: 400;\">Esto implica que <strong>16 millones de personas m\u00e1s respecto al a\u00f1o anterior<\/strong> no llegan a los ingresos m\u00ednimos para cubrir necesidades alimentarias.<\/span><\/p>\n<p><span style=\"font-weight: 400;\">Adem\u00e1s, en la presentaci\u00f3n del informe, aclaran que \u201clos efectos de la crisis ya son visibles en los sistemas alimentarios: la vulnerabilidad de los trabajadores ha crecido y los precios internos de los alimentos est\u00e1n subiendo m\u00e1s que el precio de otros productos de la canasta b\u00e1sica, seg\u00fan el \u00cdndice de precios al consumidor IPC\u201d.<\/span><\/p>\n<figure id=\"attachment_2151\" aria-describedby=\"caption-attachment-2151\" style=\"width: 940px\" class=\"wp-caption alignright\"><img loading=\"lazy\" decoding=\"async\" class=\"wp-image-2151 size-full\" src=\"https:\/\/tribunavm.com.ar\/wp-content\/uploads\/2020\/10\/5cf64e62b8f59_latinamericaNASAG.jpg\" alt=\"\" width=\"940\" height=\"400\" srcset=\"https:\/\/tribunavm.com.ar\/wp-content\/uploads\/2020\/10\/5cf64e62b8f59_latinamericaNASAG.jpg 940w, https:\/\/tribunavm.com.ar\/wp-content\/uploads\/2020\/10\/5cf64e62b8f59_latinamericaNASAG-300x128.jpg 300w, https:\/\/tribunavm.com.ar\/wp-content\/uploads\/2020\/10\/5cf64e62b8f59_latinamericaNASAG-768x327.jpg 768w, https:\/\/tribunavm.com.ar\/wp-content\/uploads\/2020\/10\/5cf64e62b8f59_latinamericaNASAG-750x319.jpg 750w\" sizes=\"(max-width: 940px) 100vw, 940px\" \/><figcaption id=\"caption-attachment-2151\" class=\"wp-caption-text\">Latinoam\u00e9rica cuenta con aproximadamente 650 millones de habitantes<\/figcaption><\/figure>\n<p><span style=\"font-weight: 400;\">Tambi\u00e9n, \u201cpor el aumento del desempleo y la ca\u00edda en los ingresos, <strong>millones de personas no est\u00e1n pudiendo adquirir suficientes alimentos, y muchas otras est\u00e1n teniendo que optar por alimentos m\u00e1s baratos y de menor calidad nutricional<\/strong>\u201d, comentan los organismos de la Organizaci\u00f3n de Naciones Unidas (ONU).<\/span><\/p>\n<p><span style=\"font-weight: 400;\">Asimismo, seg\u00fan los datos relevados por este medio, <strong>todos los pa\u00edses de la regi\u00f3n cuentan oficialmente con un salario m\u00ednimo inferior a la canasta total de pobreza<\/strong>, denotando la marcada complicidad de actores econ\u00f3micos y de gobierno respecto a la situaci\u00f3n desesperante que viven los trabajadores.<\/span><\/p>\n<p><span style=\"color: #ff9900;\"><b>Colombia<\/b><\/span><\/p>\n<p><span style=\"font-weight: 400;\">El gobierno de ese pa\u00eds dio a conocer hace 3 d\u00edas que la pobreza en el pa\u00eds subi\u00f3 a 35,7% de la poblaci\u00f3n. Esto representa<strong> alrededor de 18 millones de personas que hoy no pueden acceder a la totalidad de los bienes y servicios necesarios para vivir.<\/strong><\/span><\/p>\n<p><span style=\"font-weight: 400;\">En cuanto a la indigencia aument\u00f3 a un porcentaje de 9,6%, representando a cerca de <strong>5 millones de personas que no pueden acceder siquiera a la alimentaci\u00f3n b\u00e1sica<\/strong>.<\/span><\/p>\n<p><span style=\"font-weight: 400;\">Seg\u00fan la Gran Encuesta Integrada de Hogares (GEIH) en el trimestre junio &#8211; agosto de 2020, la tasa de desempleo en las 13 ciudades y \u00e1reas metropolitanas fue del 23,0%, lo que signific\u00f3 un aumento de 12,2 puntos porcentuales comparado con el mismo trimestre del a\u00f1o anterior.<\/span><\/p>\n<figure id=\"attachment_2152\" aria-describedby=\"caption-attachment-2152\" style=\"width: 1000px\" class=\"wp-caption alignright\"><img loading=\"lazy\" decoding=\"async\" class=\"wp-image-2152 size-full\" src=\"https:\/\/tribunavm.com.ar\/wp-content\/uploads\/2020\/10\/Portal-Dinero.jpg\" alt=\"\" width=\"1000\" height=\"530\" srcset=\"https:\/\/tribunavm.com.ar\/wp-content\/uploads\/2020\/10\/Portal-Dinero.jpg 1000w, https:\/\/tribunavm.com.ar\/wp-content\/uploads\/2020\/10\/Portal-Dinero-300x159.jpg 300w, https:\/\/tribunavm.com.ar\/wp-content\/uploads\/2020\/10\/Portal-Dinero-768x407.jpg 768w, https:\/\/tribunavm.com.ar\/wp-content\/uploads\/2020\/10\/Portal-Dinero-750x398.jpg 750w\" sizes=\"(max-width: 1000px) 100vw, 1000px\" \/><figcaption id=\"caption-attachment-2152\" class=\"wp-caption-text\">Bogot\u00e1 es la ciudad capital de Colombia, con cerca de 8 millones de habitantes. Foto: Portal Dinero<\/figcaption><\/figure>\n<p><span style=\"font-weight: 400;\">Esto significa que <strong>aproximadamente 1.800.000 trabajadores han sido despedidos durante este a\u00f1o<\/strong>. Por otra parte, la ocupaci\u00f3n que m\u00e1s cay\u00f3 fue el Empleo dom\u00e9stico con una variaci\u00f3n de 39,1%, seguida de Patr\u00f3n o empleador con 25,9%.<\/span><\/p>\n<p><span style=\"font-weight: 400;\"><strong>Una de las fracciones m\u00e1s golpeadas fue la juventud de entre 14 a 28 a\u00f1os<\/strong>, la cual aument\u00f3 exponencialmente los niveles de desocupaci\u00f3n, llegando a cerca del 28% del total de j\u00f3venes.<\/span><\/p>\n<p><span style=\"color: #ff9900;\"><b>Chile<\/b><\/span><\/p>\n<p><span style=\"font-weight: 400;\">Todos los informes a los que tuvo acceso Tribuna tienen en com\u00fan que la culpable de estos \u201cn\u00fameros\u201d alarmantes es la pandemia, sin ahondar en una situaci\u00f3n de pobreza, desocupaci\u00f3n, y otros indicadores, que no es novedosa en el continente.\u00a0<\/span><\/p>\n<p><span style=\"font-weight: 400;\">Uno de esos casos es el de Chile, que report\u00f3 que en el trimestre junio\u2013agosto de 2020 <strong>1.879.763 de personas despedidas<\/strong>, responsabilizando del hecho a la llegada de la pandemia COVID-19.<\/span><\/p>\n<figure id=\"attachment_2154\" aria-describedby=\"caption-attachment-2154\" style=\"width: 1170px\" class=\"wp-caption aligncenter\"><img loading=\"lazy\" decoding=\"async\" class=\"wp-image-2154 size-full\" src=\"https:\/\/tribunavm.com.ar\/wp-content\/uploads\/2020\/10\/Radio-universidad-de-chile.jpg\" alt=\"\" width=\"1170\" height=\"731\" srcset=\"https:\/\/tribunavm.com.ar\/wp-content\/uploads\/2020\/10\/Radio-universidad-de-chile.jpg 1170w, https:\/\/tribunavm.com.ar\/wp-content\/uploads\/2020\/10\/Radio-universidad-de-chile-300x187.jpg 300w, https:\/\/tribunavm.com.ar\/wp-content\/uploads\/2020\/10\/Radio-universidad-de-chile-1024x640.jpg 1024w, https:\/\/tribunavm.com.ar\/wp-content\/uploads\/2020\/10\/Radio-universidad-de-chile-768x480.jpg 768w, https:\/\/tribunavm.com.ar\/wp-content\/uploads\/2020\/10\/Radio-universidad-de-chile-750x469.jpg 750w, https:\/\/tribunavm.com.ar\/wp-content\/uploads\/2020\/10\/Radio-universidad-de-chile-1140x712.jpg 1140w\" sizes=\"(max-width: 1170px) 100vw, 1170px\" \/><figcaption id=\"caption-attachment-2154\" class=\"wp-caption-text\">La llamada Primera L\u00ednea en los enfrentamientos callejeros de fines de 2019 se conformaba principalmente de j\u00f3venes desempleados y pobres de los barrios a las afuera de las ciudades. Foto: Radio Universidad de Chile<\/figcaption><\/figure>\n<p><span style=\"font-weight: 400;\">En cuanto a estad\u00edsticas sobre pobreza e indigencia son de dif\u00edcil acceso en este pa\u00eds, ya que no existe en el vocabulario de los organismos estatales que se encargan de medirlo, lo que no quiere decir que dicha realidad sea inexistente en una de las sociedades m\u00e1s desiguales del continente.<\/span><\/p>\n<p><span style=\"color: #ff9900;\"><strong>Per\u00fa<\/strong><\/span><\/p>\n<p><span style=\"font-weight: 400;\">La Encuesta Permanente de Empleo (EPE) del Instituto Nacional de Estad\u00edstica e Inform\u00e1tica arroj\u00f3 que <strong>la poblaci\u00f3n desocupada en el trimestre junio-agosto ascendi\u00f3 a 665.800 personas<\/strong>, lo que representa el 15,6% de la poblaci\u00f3n econ\u00f3micamente activa.<\/span><\/p>\n<p><span style=\"font-weight: 400;\">A su vez, <strong>la poblaci\u00f3n ocupada subempleada aument\u00f3 en 10,3% (alrededor de 180.700 personas 180 mil 700 personas). Los subempleados por insuficiencia de horas (subempleo visible) se increment\u00f3 en 24,9% (158.800 personas) y los subempleados por ingresos (subempleo invisible) en 2,0% (21 mil 900 personas).<\/strong><\/span><\/p>\n<figure id=\"attachment_2155\" aria-describedby=\"caption-attachment-2155\" style=\"width: 860px\" class=\"wp-caption alignright\"><img loading=\"lazy\" decoding=\"async\" class=\"wp-image-2155 size-full\" src=\"https:\/\/tribunavm.com.ar\/wp-content\/uploads\/2020\/10\/muro-en-peru-abc.es_.jpg\" alt=\"\" width=\"860\" height=\"484\" srcset=\"https:\/\/tribunavm.com.ar\/wp-content\/uploads\/2020\/10\/muro-en-peru-abc.es_.jpg 860w, https:\/\/tribunavm.com.ar\/wp-content\/uploads\/2020\/10\/muro-en-peru-abc.es_-300x169.jpg 300w, https:\/\/tribunavm.com.ar\/wp-content\/uploads\/2020\/10\/muro-en-peru-abc.es_-768x432.jpg 768w, https:\/\/tribunavm.com.ar\/wp-content\/uploads\/2020\/10\/muro-en-peru-abc.es_-750x422.jpg 750w\" sizes=\"(max-width: 860px) 100vw, 860px\" \/><figcaption id=\"caption-attachment-2155\" class=\"wp-caption-text\">Muro en la ciudad de Lima, Per\u00fa, que frena la expansi\u00f3n de construcciones de familias pobres e indigentes. Foto: El Heraldo<\/figcaption><\/figure>\n<p><span style=\"font-weight: 400;\">El subempleo b\u00e1sicamente es una forma m\u00e1s de falta de empleo, ya que manifiesta una necesidad de mayores horas de trabajo por ingresos insuficientes para los gastos de vida. Esto aumenta considerablemente los n\u00fameros de la poblaci\u00f3n que quedan por fuera del mercado laboral.<\/span><\/p>\n<p><span style=\"font-weight: 400;\">Seg\u00fan el \u00faltimo informe del Instituto de Estad\u00edstica e Inform\u00e1tica (INEI) <strong>m\u00e1s de 6,4 millones de peruanos se encuentra en \u00adsituaci\u00f3n de pobreza, es decir, unos 20.5% de la poblaci\u00f3n del pa\u00eds<\/strong>. Cabe aclarar que dicha estad\u00edstica es de febrero y no existen datos m\u00e1s actualizados, por lo que no refleja el impacto sufrido por la poblaci\u00f3n en los \u00faltimos meses.<\/span><\/p>\n<p><span style=\"color: #ff9900;\"><b>Brasil<\/b><\/span><\/p>\n<p><span style=\"font-weight: 400;\">Seg\u00fan la Encuesta Nacional de Muestra Continua de Hogares el n\u00famero de personas empleadas tuvo una reducci\u00f3n r\u00e9cord del 9,6% en el trimestre terminado en junio, en comparaci\u00f3n con el trimestre anterior, representando a<strong> 8,9 millones de ocupados menos.<\/strong><\/span><\/p>\n<p><span style=\"font-weight: 400;\">Esto ubic\u00f3 en <strong>12,8 millones el n\u00famero de trabajadores desocupados en total<\/strong>, en el pa\u00eds m\u00e1s extenso territorialmente y grande en cantidad de habitantes de toda Latinoam\u00e9rica.<\/span><\/p>\n<p><span style=\"font-weight: 400;\">En cuanto a sectores, los trabajadores del comercio fueron los m\u00e1s afectados ya que 2,1 millones de personas perdieron su empleo. En la construcci\u00f3n tuvo una reducci\u00f3n del 16,6%, lo que representa 1,1 millones menos de personas que trabajan en el sector. Por \u00faltimo, los servicios nacionales, en los que los ocupados se redujeron en 1,3 millones de personas.<\/span><\/p>\n<figure id=\"attachment_2156\" aria-describedby=\"caption-attachment-2156\" style=\"width: 2560px\" class=\"wp-caption aligncenter\"><img loading=\"lazy\" decoding=\"async\" class=\"wp-image-2156 size-full\" src=\"https:\/\/tribunavm.com.ar\/wp-content\/uploads\/2020\/10\/Alpha-Coders-scaled.jpg\" alt=\"\" width=\"2560\" height=\"1257\" srcset=\"https:\/\/tribunavm.com.ar\/wp-content\/uploads\/2020\/10\/Alpha-Coders-scaled.jpg 2560w, https:\/\/tribunavm.com.ar\/wp-content\/uploads\/2020\/10\/Alpha-Coders-300x147.jpg 300w, https:\/\/tribunavm.com.ar\/wp-content\/uploads\/2020\/10\/Alpha-Coders-1024x503.jpg 1024w, https:\/\/tribunavm.com.ar\/wp-content\/uploads\/2020\/10\/Alpha-Coders-768x377.jpg 768w, https:\/\/tribunavm.com.ar\/wp-content\/uploads\/2020\/10\/Alpha-Coders-1536x754.jpg 1536w, https:\/\/tribunavm.com.ar\/wp-content\/uploads\/2020\/10\/Alpha-Coders-2048x1006.jpg 2048w, https:\/\/tribunavm.com.ar\/wp-content\/uploads\/2020\/10\/Alpha-Coders-750x368.jpg 750w, https:\/\/tribunavm.com.ar\/wp-content\/uploads\/2020\/10\/Alpha-Coders-1140x560.jpg 1140w\" sizes=\"(max-width: 2560px) 100vw, 2560px\" \/><figcaption id=\"caption-attachment-2156\" class=\"wp-caption-text\">Las favelas, caracter\u00edsticas de Brasil -hasta por su &#8220;atractivo tur\u00edstico&#8221;-, son construcciones de viviendas precarias y de alto hacinamiento de familias pobres, indigentes y desocupados.<\/figcaption><\/figure>\n<p><span style=\"font-weight: 400;\">Paralelamente, la encuesta muestra que m\u00e1s de <strong>14 millones de personas viven en extrema pobreza en el pa\u00eds. En cuanto al n\u00famero de personas pobres que no est\u00e1n en extrema pobreza se ubica alrededor de 40 millones<\/strong>.\u00a0<\/span><\/p>\n<p><span style=\"font-weight: 400;\">El panorama es desolador, resultando en una cantidad de poblaci\u00f3n igual a la de Argentina y Uruguay juntos sumergidos en necesidades b\u00e1sicas insatisfechas como alimentos o bienes esenciales de existencia.<\/span><\/p>\n<p><span style=\"font-weight: 400;\">S\u00f3lo por tomar algunos ejemplos de la regi\u00f3n, aunque el mapa podr\u00eda continuar largamente, damos cuenta de una realidad que ya no puede esperar a promesas que nunca llegan a cumplirse.\u00a0<\/span><\/p>\n<\/div>\n<div class=\"col-md-3\">\n<p>&nbsp;<\/p>\n<\/div>\n<\/div>\n","protected":false},"excerpt":{"rendered":"<p>Mientras el COVID avanza\u00a0 a lo largo y ancho de la regi\u00f3n, millones de trabajadores pagan las consecuencias de otros virus: pobreza, desigualdad y desocupaci\u00f3n. Desde comienzos de la pandemia la poblaci\u00f3n trabajadora de todo el mundo viene sufriendo las consecuencias de la voracidad con que las firmas y empresas accionan sin importar fronteras ni [&hellip;]<\/p>\n","protected":false},"author":2,"featured_media":2157,"comment_status":"open","ping_status":"open","sticky":false,"template":"","format":"standard","meta":{"_exactmetrics_skip_tracking":false,"_exactmetrics_sitenote_active":false,"_exactmetrics_sitenote_note":"","_exactmetrics_sitenote_category":0,"jnews-multi-image_gallery":[],"jnews_single_post":{"source_name":"","source_url":"","via_name":"","via_url":"","override_template":"0","override":[{"template":"1","single_blog_custom":"","parallax":"1","fullscreen":"0","layout":"right-sidebar","sidebar":"default-sidebar","second_sidebar":"default-sidebar","sticky_sidebar":"1","share_position":"top","share_float_style":"share-monocrhome","show_share_counter":"1","show_view_counter":"1","show_featured":"1","show_post_meta":"1","show_post_author":"1","show_post_author_image":"1","show_post_date":"1","post_date_format":"default","post_date_format_custom":"Y\/m\/d","show_post_category":"1","show_post_reading_time":"0","post_reading_time_wpm":"300","show_zoom_button":"0","zoom_button_out_step":"2","zoom_button_in_step":"3","show_post_tag":"1","show_prev_next_post":"1","show_popup_post":"1","number_popup_post":"1","show_author_box":"0","show_post_related":"0","show_inline_post_related":"0"}],"override_image_size":"0","image_override":[{"single_post_thumbnail_size":"crop-500","single_post_gallery_size":"crop-500"}],"trending_post":"0","trending_post_position":"meta","trending_post_label":"Trending","sponsored_post":"0","sponsored_post_label":"Sponsored by","sponsored_post_name":"","sponsored_post_url":"","sponsored_post_logo_enable":"0","sponsored_post_logo":"","sponsored_post_desc":""},"jnews_primary_category":{"id":"23"},"jnews_social_meta":{"fb_title":"","fb_description":"","fb_image":"","twitter_title":"","twitter_description":"","twitter_image":""},"jnews_override_counter":{"override_view_counter":"0","view_counter_number":"0","override_share_counter":"0","share_counter_number":"0","override_like_counter":"0","like_counter_number":"0","override_dislike_counter":"0","dislike_counter_number":"0"},"_joinchat":[],"footnotes":""},"categories":[23],"tags":[65,109,107,72,69,34,35],"class_list":["post-2150","post","type-post","status-publish","format-standard","has-post-thumbnail","hentry","category-analisis","tag-america-latina","tag-condiciones-de-vida","tag-edicion-35","tag-edicion-digital","tag-latinoamerica","tag-social","tag-trabajadores"],"_links":{"self":[{"href":"https:\/\/tribunavm.com.ar\/index.php\/wp-json\/wp\/v2\/posts\/2150"}],"collection":[{"href":"https:\/\/tribunavm.com.ar\/index.php\/wp-json\/wp\/v2\/posts"}],"about":[{"href":"https:\/\/tribunavm.com.ar\/index.php\/wp-json\/wp\/v2\/types\/post"}],"author":[{"embeddable":true,"href":"https:\/\/tribunavm.com.ar\/index.php\/wp-json\/wp\/v2\/users\/2"}],"replies":[{"embeddable":true,"href":"https:\/\/tribunavm.com.ar\/index.php\/wp-json\/wp\/v2\/comments?post=2150"}],"version-history":[{"count":2,"href":"https:\/\/tribunavm.com.ar\/index.php\/wp-json\/wp\/v2\/posts\/2150\/revisions"}],"predecessor-version":[{"id":2159,"href":"https:\/\/tribunavm.com.ar\/index.php\/wp-json\/wp\/v2\/posts\/2150\/revisions\/2159"}],"wp:featuredmedia":[{"embeddable":true,"href":"https:\/\/tribunavm.com.ar\/index.php\/wp-json\/wp\/v2\/media\/2157"}],"wp:attachment":[{"href":"https:\/\/tribunavm.com.ar\/index.php\/wp-json\/wp\/v2\/media?parent=2150"}],"wp:term":[{"taxonomy":"category","embeddable":true,"href":"https:\/\/tribunavm.com.ar\/index.php\/wp-json\/wp\/v2\/categories?post=2150"},{"taxonomy":"post_tag","embeddable":true,"href":"https:\/\/tribunavm.com.ar\/index.php\/wp-json\/wp\/v2\/tags?post=2150"}],"curies":[{"name":"wp","href":"https:\/\/api.w.org\/{rel}","templated":true}]}}