{"id":2177,"date":"2020-10-21T20:50:37","date_gmt":"2020-10-21T20:50:37","guid":{"rendered":"https:\/\/tribunavm.com.ar\/?p=2177"},"modified":"2020-10-21T21:40:05","modified_gmt":"2020-10-21T21:40:05","slug":"contundente-victoria-del-mas-en-bolivia","status":"publish","type":"post","link":"https:\/\/tribunavm.com.ar\/index.php\/2020\/10\/21\/contundente-victoria-del-mas-en-bolivia\/","title":{"rendered":"Contundente victoria del MAS en Bolivia"},"content":{"rendered":"<div class=\"row clearfix\">\n<div class=\"col-md-8\">\n<p><span style=\"color: #212121; font-size: 1.5em; letter-spacing: -0.01em;\">El pasado domingo se llevaron a cabo las elecciones presidenciales del Estado Plurinacional de Bolivia en las que el MAS-IPSP result\u00f3 victorioso consagrando la f\u00f3rmula Luis Arce- David Choquehuanca.<\/span><\/p>\n<p><span style=\"font-weight: 400;\"><span class=\"dropcap \" style=\"background-color: #ffffff; color: #dd9933; border-color: #ffffff;\">L<\/span>a principal disputa electoral se di\u00f3 entre el MAS-IPSP (Movimiento al Socialismo &#8211; Instrumento Pol\u00edtico por la Soberan\u00eda de los Pueblos) y Comunidad Ciudadana, quien tiene como referente a Carlos Mesa, uno de los principales l\u00edderes de la oposici\u00f3n pol\u00edtica.<\/span><\/p>\n<p><span style=\"font-weight: 400;\">Superando el 89% de actas computadas actualmente, la victoria de la dupla Arce-Choquehuanca es contundente con poco m\u00e1s de 54,39% de los votos, quedando segundo Carlos Mesa cercano a los 29,35%, seguido por Luis Camacho de Creemos.<\/span><\/p>\n<figure id=\"attachment_2179\" aria-describedby=\"caption-attachment-2179\" style=\"width: 1189px\" class=\"wp-caption alignright\"><img loading=\"lazy\" decoding=\"async\" class=\"size-full wp-image-2179\" src=\"https:\/\/tribunavm.com.ar\/wp-content\/uploads\/2020\/10\/Captura-de-pantalla-2020-10-21-174640.png\" alt=\"\" width=\"1189\" height=\"741\" srcset=\"https:\/\/tribunavm.com.ar\/wp-content\/uploads\/2020\/10\/Captura-de-pantalla-2020-10-21-174640.png 1189w, https:\/\/tribunavm.com.ar\/wp-content\/uploads\/2020\/10\/Captura-de-pantalla-2020-10-21-174640-300x187.png 300w, https:\/\/tribunavm.com.ar\/wp-content\/uploads\/2020\/10\/Captura-de-pantalla-2020-10-21-174640-1024x638.png 1024w, https:\/\/tribunavm.com.ar\/wp-content\/uploads\/2020\/10\/Captura-de-pantalla-2020-10-21-174640-768x479.png 768w, https:\/\/tribunavm.com.ar\/wp-content\/uploads\/2020\/10\/Captura-de-pantalla-2020-10-21-174640-750x467.png 750w, https:\/\/tribunavm.com.ar\/wp-content\/uploads\/2020\/10\/Captura-de-pantalla-2020-10-21-174640-1140x710.png 1140w\" sizes=\"(max-width: 1189px) 100vw, 1189px\" \/><figcaption id=\"caption-attachment-2179\" class=\"wp-caption-text\">Resultados finales en Villa Mar\u00eda.<\/figcaption><\/figure>\n<p><span style=\"font-weight: 400;\">En la ciudad de Villa Mar\u00eda la victoria por parte del MAS-IPSP fue contundente, respaldada por un 92,77% (218 votos) de un total de un 97,11% de votos v\u00e1lidos (235 votos), quedando en segundo lugar Comunidad Ciudadana con 6 votos, seguido de Creemos con 2 votos.<\/span><\/p>\n<p><span style=\"color: #ff9900;\"><b>Miradas extranjeras<\/b><\/span><\/p>\n<p><span style=\"font-weight: 400;\">Luego de conocerse los datos el d\u00eda domingo, actores pol\u00edticos de la comunidad internacional tomaron posici\u00f3n frente a los resultados.<\/span><\/p>\n<p><span style=\"font-weight: 400;\">En caso de EE.UU, Michael Kozak, jefe de la diplomacia estadounidense para Am\u00e9rica Latina, saluda felicitando a la f\u00f3rmula. \u201cFelicitamos al presidente electo de Bolivia, Luis Arce, y al vicepresidente electo, David Choquehuanca. El presidente Trump y Estados Unidos esperan trabajar con el gobierno electo boliviano en los intereses compartidos de nuestros ciudadanos\u201d.<\/span><\/p>\n<p><span style=\"font-weight: 400;\">As\u00ed tambi\u00e9n lo realiz\u00f3 el secretario general de OEA, Luis Almagro: \u201cFelicitamos a Luis Arce y David Choquehuanca deseando \u00e9xito en sus labores futuras. Estoy seguro que desde la democracia sabr\u00e1n forjar un futuro brillante para su pa\u00eds. Un reconocimiento al pueblo boliviano\u201d.\u00a0<\/span><\/p>\n<p><span style=\"font-weight: 400;\">No faltaron los saludos de Venezuela, que se encuentra actualmente en el centro de la mirada de organismos internacionales. Nicol\u00e1s Maduro, presidente de Venezuela \u201cfelicita al hermano pueblo boliviano por el amplio e inobjetable triunfo del Movimiento al Socialismo (MAS)\u201d y a Arce \u201cpor la contundente victoria alcanzada en las elecciones presidenciales.\u201d<\/span><\/p>\n<p><span style=\"font-weight: 400;\">Mientras que para Miguel D\u00edaz-Canel, presidente cubano \u201cel MAS ha recuperado en las urnas, el poder que le fue usurpado por la oligarqu\u00eda, con la complicidad de la OEA y la gu\u00eda imperial\u201d.<\/span><\/p>\n<p><span style=\"color: #ff9900;\"><b>Cena con gusto a victoria<\/b><\/span><\/p>\n<p><span style=\"font-weight: 400;\">El d\u00eda de ayer, el dirigente del MAS, Evo junto al presidente Fern\u00e1ndez, cenaron en Casa Rosada, en lo que fue un gesto que el presidente sintetiz\u00f3 bajo la idea de que \u201cSufri\u00f3 un golpe de Estado, destruyeron su casa y lo obligaron a abandonar el pa\u00eds mientras su familia y sus seguidores eran hostigados y perseguidos por el gobierno de facto.\u00a0 Pero el pueblo no olvida a quien no lo traiciona.\u201d, como planteo por la red social Twitter.<\/span><\/p>\n<blockquote class=\"twitter-tweet\">\n<p dir=\"ltr\" lang=\"es\">Compartimos una cena-reuni\u00f3n con el presidente <a href=\"https:\/\/twitter.com\/alferdez?ref_src=twsrc%5Etfw\">@alferdez<\/a>, <a href=\"https:\/\/twitter.com\/HugoYasky?ref_src=twsrc%5Etfw\">@HugoYasky<\/a> y <a href=\"https:\/\/twitter.com\/eduardofvaldes?ref_src=twsrc%5Etfw\">@eduardofvaldes<\/a>.<br \/>\nNuestro agradecimiento profundo al hermano Alberto por sus gestiones para salvarnos la vida y nuestro reconocimiento al pueblo argentino por su solidaridad.<br \/>\n\u00a1Somos Patria Grande! <a href=\"https:\/\/t.co\/oNoR8vcz1j\">pic.twitter.com\/oNoR8vcz1j<\/a><\/p>\n<p>\u2014 Evo Morales Ayma (@evoespueblo) <a href=\"https:\/\/twitter.com\/evoespueblo\/status\/1318589141177847813?ref_src=twsrc%5Etfw\">October 20, 2020<\/a><\/p><\/blockquote>\n<p><script async src=\"https:\/\/platform.twitter.com\/widgets.js\" charset=\"utf-8\"><\/script><\/p>\n<p><span style=\"color: #ff9900;\"><b>Golpe de fuerzas<\/b><\/span><\/p>\n<p><span style=\"font-weight: 400;\">Luego de que transcurrieran un a\u00f1o de los sucesos que acabaron con el <\/span><span style=\"color: #ff9900;\"><strong><a style=\"color: #ff9900;\" href=\"https:\/\/tribunavm.com.ar\/index.php\/2019\/11\/14\/781\/\">Golpe de Estado en Bolivia<\/a><\/strong><\/span><span style=\"font-weight: 400;\"> al entonces presidente Evo Morales, los ciudadanos ratifican su voluntad de continuidad del mandato de la tradici\u00f3n pol\u00edtica que se ha identificado con el movimiento obrero boliviano y las bases indigenistas.<\/span><\/p>\n<p><span style=\"font-weight: 400;\">Ese proceso, lejos de estar inscripto netamente en una disputa electoral por posiciones en el Gobierno, como hab\u00eda mencionado Jeanine A\u00f1ez al asumir como presidenta interina, fue la ratificaci\u00f3n de intereses corporativos por la apropiaci\u00f3n de los recursos naturales y humanos en tierras donde <\/span><span style=\"color: #ff9900;\"><strong><a style=\"color: #ff9900;\" href=\"https:\/\/elmegafono.net\/8827\/2019\/11\/29\/\">el oro blanco no deja de brillar<\/a><\/strong><\/span><span style=\"font-weight: 400;\">.<\/span><\/p>\n<p><span style=\"font-weight: 400;\">En el salar de Uyuni, ubicado al suroeste de Bolivia, se encuentra la mayor reserva de litio del mundo, con 21 millones de toneladas, seg\u00fan calcula el Servicio Geol\u00f3gico de Estados Unidos (EEUU).<\/span><\/p>\n<p><span style=\"font-weight: 400;\">Este recurso sigue siendo parte de una guerra entre grupos de poder que promovi\u00f3 el golpe ratificado el 10 de noviembre con la salida de Morales y Linera de sus respectivos mandatos. El litio es un metal blanco y liviano que tiene varias utilizaciones: 39 % baterias (celulares, computadoras, veh\u00edculos el\u00e9ctricos), 30 % vidrios y cer\u00e1mica, 8 % grasas y aceites, 5% aleaciones para industria aeron\u00e1utica, 5 % pol\u00edmeros, 3 % filtros de aire y 10 % medicina, que a su vez se estima que en futuro cercano podr\u00eda utilizarse para la fusi\u00f3n nuclear.<\/span><\/p>\n<p><span style=\"font-weight: 400;\">As\u00ed es como empresas trasnacionales como la alemana ACISA, o la china Xinjiang Tbea Group-Baocheng miran con suma atenci\u00f3n el territorio que a\u00fan se encuentra en disputa.\u00a0<\/span><\/p>\n<p><span style=\"font-weight: 400;\">En este sentido ser\u00e1 tarea del movimiento popular, luchar contra los intereses econ\u00f3micos que, a\u00fan con las elecciones obtenidas y el triunfo del MAS, seguir\u00e1n sobrevolando los suelos de la tierra boliviana a fines de incrementar sus niveles de ganancias a costa de cualquier obst\u00e1culo como lo han demostrado mediante v\u00edas injerencistas.<\/span><\/p>\n<\/div>\n<\/div>\n","protected":false},"excerpt":{"rendered":"<p>El pasado domingo se llevaron a cabo las elecciones presidenciales del Estado Plurinacional de Bolivia en las que el MAS-IPSP result\u00f3 victorioso consagrando la f\u00f3rmula Luis Arce- David Choquehuanca. La principal disputa electoral se di\u00f3 entre el MAS-IPSP (Movimiento al Socialismo &#8211; Instrumento Pol\u00edtico por la Soberan\u00eda de los Pueblos) y Comunidad Ciudadana, quien tiene [&hellip;]<\/p>\n","protected":false},"author":2,"featured_media":2178,"comment_status":"open","ping_status":"open","sticky":false,"template":"","format":"standard","meta":{"_exactmetrics_skip_tracking":false,"_exactmetrics_sitenote_active":false,"_exactmetrics_sitenote_note":"","_exactmetrics_sitenote_category":0,"jnews-multi-image_gallery":[],"jnews_single_post":{"source_name":"","source_url":"","via_name":"","via_url":"","override_template":"0","override":[{"template":"1","single_blog_custom":"","parallax":"1","fullscreen":"0","layout":"right-sidebar","sidebar":"default-sidebar","second_sidebar":"default-sidebar","sticky_sidebar":"1","share_position":"top","share_float_style":"share-monocrhome","show_share_counter":"1","show_view_counter":"1","show_featured":"1","show_post_meta":"1","show_post_author":"1","show_post_author_image":"1","show_post_date":"1","post_date_format":"default","post_date_format_custom":"Y\/m\/d","show_post_category":"1","show_post_reading_time":"0","post_reading_time_wpm":"300","show_zoom_button":"0","zoom_button_out_step":"2","zoom_button_in_step":"3","show_post_tag":"1","show_prev_next_post":"1","show_popup_post":"1","number_popup_post":"1","show_author_box":"0","show_post_related":"0","show_inline_post_related":"0"}],"override_image_size":"0","image_override":[{"single_post_thumbnail_size":"crop-500","single_post_gallery_size":"crop-500"}],"trending_post":"0","trending_post_position":"meta","trending_post_label":"Trending","sponsored_post":"0","sponsored_post_label":"Sponsored by","sponsored_post_name":"","sponsored_post_url":"","sponsored_post_logo_enable":"0","sponsored_post_logo":"","sponsored_post_desc":""},"jnews_primary_category":{"id":"22"},"jnews_social_meta":{"fb_title":"","fb_description":"","fb_image":"","twitter_title":"","twitter_description":"","twitter_image":""},"jnews_override_counter":{"override_view_counter":"0","view_counter_number":"0","override_share_counter":"0","share_counter_number":"0","override_like_counter":"0","like_counter_number":"0","override_dislike_counter":"0","dislike_counter_number":"0"},"_joinchat":[],"footnotes":""},"categories":[22],"tags":[65,108,72,39,69],"class_list":["post-2177","post","type-post","status-publish","format-standard","has-post-thumbnail","hentry","category-actualidad","tag-america-latina","tag-edicion-36","tag-edicion-digital","tag-gobierno","tag-latinoamerica"],"_links":{"self":[{"href":"https:\/\/tribunavm.com.ar\/index.php\/wp-json\/wp\/v2\/posts\/2177"}],"collection":[{"href":"https:\/\/tribunavm.com.ar\/index.php\/wp-json\/wp\/v2\/posts"}],"about":[{"href":"https:\/\/tribunavm.com.ar\/index.php\/wp-json\/wp\/v2\/types\/post"}],"author":[{"embeddable":true,"href":"https:\/\/tribunavm.com.ar\/index.php\/wp-json\/wp\/v2\/users\/2"}],"replies":[{"embeddable":true,"href":"https:\/\/tribunavm.com.ar\/index.php\/wp-json\/wp\/v2\/comments?post=2177"}],"version-history":[{"count":2,"href":"https:\/\/tribunavm.com.ar\/index.php\/wp-json\/wp\/v2\/posts\/2177\/revisions"}],"predecessor-version":[{"id":2181,"href":"https:\/\/tribunavm.com.ar\/index.php\/wp-json\/wp\/v2\/posts\/2177\/revisions\/2181"}],"wp:featuredmedia":[{"embeddable":true,"href":"https:\/\/tribunavm.com.ar\/index.php\/wp-json\/wp\/v2\/media\/2178"}],"wp:attachment":[{"href":"https:\/\/tribunavm.com.ar\/index.php\/wp-json\/wp\/v2\/media?parent=2177"}],"wp:term":[{"taxonomy":"category","embeddable":true,"href":"https:\/\/tribunavm.com.ar\/index.php\/wp-json\/wp\/v2\/categories?post=2177"},{"taxonomy":"post_tag","embeddable":true,"href":"https:\/\/tribunavm.com.ar\/index.php\/wp-json\/wp\/v2\/tags?post=2177"}],"curies":[{"name":"wp","href":"https:\/\/api.w.org\/{rel}","templated":true}]}}