{"id":2258,"date":"2020-11-01T21:13:59","date_gmt":"2020-11-01T21:13:59","guid":{"rendered":"https:\/\/tribunavm.com.ar\/?p=2258"},"modified":"2020-11-01T21:29:56","modified_gmt":"2020-11-01T21:29:56","slug":"las-balas-en-defensa-del-negocio","status":"publish","type":"post","link":"https:\/\/tribunavm.com.ar\/index.php\/2020\/11\/01\/las-balas-en-defensa-del-negocio\/","title":{"rendered":"Las balas en defensa del negocio"},"content":{"rendered":"<div class=\"row clearfix\">\n<div class=\"col-md-8\">\n<div class=\"intro-text\">\n<p><span style=\"font-weight: 400;\">Luego de tres \u201calto al fuego\u201d entre los dos estados, el conflicto entre Armenia y Azerbaiy\u00e1n no avizora tregua. Mientras tanto los negocios comerciales en la regi\u00f3n quedan ocultos por el destello de las armas.\u00a0<\/span><\/p>\n<\/div>\n<p><span style=\"font-weight: 400;\"><span class=\"dropcap \" style=\"background-color: #ffffff; color: #e58c19; border-color: #ffffff;\">E<\/span>l conflicto desatado en el sur de la regi\u00f3n del C\u00e1ucaso entre Armenia y Azerbaiy\u00e1n cuenta con un largo antecedente de enfrentamientos y guerras. Por una cuesti\u00f3n de extensi\u00f3n partimos de lo m\u00e1s contempor\u00e1neo, que nos permita comprender la complejidad de la situaci\u00f3n.<\/span><\/p>\n<p><span style=\"font-weight: 400;\">En 1988, Nagorno-Karabaj (autodenominada Rep\u00fablica Armenia de Karsaj), tras un refer\u00e9ndum de la poblaci\u00f3n pidi\u00f3 la transferencia de su jurisdicci\u00f3n a Armenia. En ese entonces ambos territorios, junto a Azerbaiyan, formaban parte de la Uni\u00f3n Sovi\u00e9tica (URSS).<\/span><\/p>\n<p><img loading=\"lazy\" decoding=\"async\" class=\"alignright size-full wp-image-2259\" src=\"https:\/\/tribunavm.com.ar\/wp-content\/uploads\/2020\/11\/MAPA.png\" alt=\"\" width=\"1024\" height=\"576\" srcset=\"https:\/\/tribunavm.com.ar\/wp-content\/uploads\/2020\/11\/MAPA.png 1024w, https:\/\/tribunavm.com.ar\/wp-content\/uploads\/2020\/11\/MAPA-300x169.png 300w, https:\/\/tribunavm.com.ar\/wp-content\/uploads\/2020\/11\/MAPA-768x432.png 768w, https:\/\/tribunavm.com.ar\/wp-content\/uploads\/2020\/11\/MAPA-750x422.png 750w\" sizes=\"(max-width: 1024px) 100vw, 1024px\" \/><\/p>\n<p><span style=\"font-weight: 400;\">Al no ser concedida esta petici\u00f3n, y tras el derrumbe de la URSS, se proclam\u00f3 unilateralmente su independencia en 1991 con el apoyo de Ever\u00e1n, capital armenia, lo que da inicio a una guerra de cuatro a\u00f1os, con un saldo de 30.000 muertos y la p\u00e9rdida del control de Nagorno Karabaj y siete distritos adyacentes por parte de Azerbaiy\u00e1n.<\/span><\/p>\n<p><span style=\"font-weight: 400;\">Adem\u00e1s dicho conflicto signific\u00f3 un \u00e9xodo de millones de personas de ambos pa\u00edses que viv\u00edan dentro de la regi\u00f3n o en las cercan\u00edas.<\/span><\/p>\n<figure id=\"attachment_2261\" aria-describedby=\"caption-attachment-2261\" style=\"width: 803px\" class=\"wp-caption alignright\"><img loading=\"lazy\" decoding=\"async\" class=\"size-full wp-image-2261\" src=\"https:\/\/tribunavm.com.ar\/wp-content\/uploads\/2020\/11\/1366_2000.png\" alt=\"\" width=\"803\" height=\"555\" srcset=\"https:\/\/tribunavm.com.ar\/wp-content\/uploads\/2020\/11\/1366_2000.png 803w, https:\/\/tribunavm.com.ar\/wp-content\/uploads\/2020\/11\/1366_2000-300x207.png 300w, https:\/\/tribunavm.com.ar\/wp-content\/uploads\/2020\/11\/1366_2000-768x531.png 768w, https:\/\/tribunavm.com.ar\/wp-content\/uploads\/2020\/11\/1366_2000-750x518.png 750w\" sizes=\"(max-width: 803px) 100vw, 803px\" \/><figcaption id=\"caption-attachment-2261\" class=\"wp-caption-text\">Foto del conflicto de 1991<\/figcaption><\/figure>\n<p><span style=\"font-weight: 400;\">Para mediar la escalada del conflicto, en 1994 se conform\u00f3 el llamado Grupo de Minsk, copresidido por EEUU, Rusia y Francia. El grupo incluye adem\u00e1s a Alemania, Bielorrusia, Finlandia, Italia, Suecia y Turqu\u00eda, y la troika de la OSCE (Organizaci\u00f3n para la Seguridad y Cooperaci\u00f3n en Europa).<\/span><\/p>\n<p><span style=\"font-weight: 400;\">Aunque ello no signific\u00f3 un cese total de los enfrentamientos ya que en a\u00f1os posteriores continuaron y, antes de los combates comenzados el 27 de septiembre del corriente a\u00f1o, el enfrentamiento m\u00e1s importante ocurri\u00f3 durante cuatro d\u00edas en abril de 2016, dejando un saldo de 110 muertos.<\/span><\/p>\n<p><span style=\"color: #ff9900;\"><b>Emerge el conflicto<\/b><\/span><\/p>\n<p><span style=\"font-weight: 400;\">A mediados de este a\u00f1o la poblaci\u00f3n azar\u00ed (gentilicio de Azerbaiyan) realiz\u00f3 una masiva movilizaci\u00f3n para pedir una guerra contra Armenia en la regi\u00f3n de Karabaj, territorio que administrativamente le pertenece a dicho estado.<\/span><\/p>\n<p><span style=\"font-weight: 400;\">El mismo d\u00eda de los ataques Ilham Al\u00edev, presidente de Azerbaiy\u00e1n, justific\u00f3 su accionar ya que &#8220;estamos en nuestra tierra, no queremos la de los dem\u00e1s, pero la nuestra no la entregaremos a nadie&#8221;. Adem\u00e1s aclar\u00f3 que &#8220;nunca permitiremos la creaci\u00f3n del as\u00ed llamado &#8216;segundo Estado armenio&#8217; en territorio azerbaiyano. Los sucesos de hoy son prueba de ello&#8221;.<\/span><\/p>\n<figure id=\"attachment_2262\" aria-describedby=\"caption-attachment-2262\" style=\"width: 700px\" class=\"wp-caption aligncenter\"><img loading=\"lazy\" decoding=\"async\" class=\"wp-image-2262 size-full\" src=\"https:\/\/tribunavm.com.ar\/wp-content\/uploads\/2020\/11\/PRESIDENTE-DE-AZERBAIYAN.jpg\" alt=\"\" width=\"700\" height=\"394\" srcset=\"https:\/\/tribunavm.com.ar\/wp-content\/uploads\/2020\/11\/PRESIDENTE-DE-AZERBAIYAN.jpg 700w, https:\/\/tribunavm.com.ar\/wp-content\/uploads\/2020\/11\/PRESIDENTE-DE-AZERBAIYAN-300x169.jpg 300w\" sizes=\"(max-width: 700px) 100vw, 700px\" \/><figcaption id=\"caption-attachment-2262\" class=\"wp-caption-text\">Ilham Al\u00edev es presidente de Azerbaiyan desde el a\u00f1o 2003. Adem\u00e1s, su padre fue presidente desde 1993 hasta su mandato.<\/figcaption><\/figure>\n<p><span style=\"font-weight: 400;\">Inmediatamente despu\u00e9s organismos internacionales y representantes institucionales de diversos pa\u00edses se manifestaron a favor del di\u00e1logo para la resoluci\u00f3n del conflicto. Entre ellos se encuentran Vladimir Putin, presidente de Rusia; Antonio Guterres, secretario general de Naciones Unidas; el Departamento de Estado Unidos; Emmanuel Macron, presidente de Francia; James Appathurai, representante especial para el C\u00e1ucaso y Asia Central de la OTAN; Josep Borrell, Alto Representante de la UE para Pol\u00edtica Exterior; Vlad\u00edmir N\u00f3rov, secretario general de la Organizaci\u00f3n de Cooperaci\u00f3n de Shangh\u00e1i (OCS), entre muchos otros.<\/span><\/p>\n<p><span style=\"font-weight: 400;\">Al pasar los d\u00edas tomamos algunas declaraciones que nos dan indicios de la verdadera naturaleza del conflicto. Vagarshak Arutiuni\u00e1n, asesor jefe del primer ministro de Armenia y exministro de Defensa de esta rep\u00fablica, dijo que \u201cnos estamos preparando para una larga guerra. \u00bfPor qu\u00e9? Porque el actor clave no es Azerbaiy\u00e1n, sino Turqu\u00eda, que persigue sus intereses geopol\u00edticos&#8221;.<\/span><\/p>\n<figure id=\"attachment_2263\" aria-describedby=\"caption-attachment-2263\" style=\"width: 1024px\" class=\"wp-caption alignright\"><img loading=\"lazy\" decoding=\"async\" class=\"size-full wp-image-2263\" src=\"https:\/\/tribunavm.com.ar\/wp-content\/uploads\/2020\/11\/Conflicto.jpg\" alt=\"\" width=\"1024\" height=\"576\" srcset=\"https:\/\/tribunavm.com.ar\/wp-content\/uploads\/2020\/11\/Conflicto.jpg 1024w, https:\/\/tribunavm.com.ar\/wp-content\/uploads\/2020\/11\/Conflicto-300x169.jpg 300w, https:\/\/tribunavm.com.ar\/wp-content\/uploads\/2020\/11\/Conflicto-768x432.jpg 768w, https:\/\/tribunavm.com.ar\/wp-content\/uploads\/2020\/11\/Conflicto-750x422.jpg 750w\" sizes=\"(max-width: 1024px) 100vw, 1024px\" \/><figcaption id=\"caption-attachment-2263\" class=\"wp-caption-text\">Se utilizan grandes cantidades de armamentos pesados, tanques y granadas de alto calibre.<\/figcaption><\/figure>\n<p><span style=\"font-weight: 400;\">A su vez, Recep Tayyip Erdogan, presidente de Turqu\u00eda, intervino opinando que \u201cha llegado la hora de acabar con la ocupaci\u00f3n, es tiempo de saldar las cuentas, de otro modo Armenia seguir\u00e1 obrando a su antojo. Debe abandonar las tierras ocupadas porque todos saben que son tierras de Azerbaiy\u00e1n&#8221;.\u00a0<\/span><\/p>\n<p><span style=\"font-weight: 400;\">Adem\u00e1s, acus\u00f3 al grupo Minsk de no poder \u201csolucionar este problema en casi 30 a\u00f1os. Hicieron todo lo posible para no resolver este problema\u201d. Quedando demostrado d\u00edas m\u00e1s tarde con los intentos de negociaci\u00f3n, acuerdos y cese al fuego, ninguno cumplido por las dos partes.<\/span><\/p>\n<p><span style=\"font-weight: 400;\">Entre medio de las distintas acusaciones de un pa\u00eds hacia el otro, Artak Beglarian, defensor regional de derechos humanos de Nagorno Karabaj, dijo que \u201calrededor del 50% de la poblaci\u00f3n se ha visto desplazada, un 90% de ellos son mujeres y ni\u00f1os. Hablamos de entre 70.000 y 75.000 personas&#8221;.<\/span><\/p>\n<figure id=\"attachment_2264\" aria-describedby=\"caption-attachment-2264\" style=\"width: 2000px\" class=\"wp-caption alignright\"><img loading=\"lazy\" decoding=\"async\" class=\"size-full wp-image-2264\" src=\"https:\/\/tribunavm.com.ar\/wp-content\/uploads\/2020\/11\/BAJAS-AZERBAYANAS.jpeg\" alt=\"\" width=\"2000\" height=\"2000\" srcset=\"https:\/\/tribunavm.com.ar\/wp-content\/uploads\/2020\/11\/BAJAS-AZERBAYANAS.jpeg 2000w, https:\/\/tribunavm.com.ar\/wp-content\/uploads\/2020\/11\/BAJAS-AZERBAYANAS-300x300.jpeg 300w, https:\/\/tribunavm.com.ar\/wp-content\/uploads\/2020\/11\/BAJAS-AZERBAYANAS-1024x1024.jpeg 1024w, https:\/\/tribunavm.com.ar\/wp-content\/uploads\/2020\/11\/BAJAS-AZERBAYANAS-150x150.jpeg 150w, https:\/\/tribunavm.com.ar\/wp-content\/uploads\/2020\/11\/BAJAS-AZERBAYANAS-768x768.jpeg 768w, https:\/\/tribunavm.com.ar\/wp-content\/uploads\/2020\/11\/BAJAS-AZERBAYANAS-1536x1536.jpeg 1536w, https:\/\/tribunavm.com.ar\/wp-content\/uploads\/2020\/11\/BAJAS-AZERBAYANAS-75x75.jpeg 75w, https:\/\/tribunavm.com.ar\/wp-content\/uploads\/2020\/11\/BAJAS-AZERBAYANAS-750x750.jpeg 750w, https:\/\/tribunavm.com.ar\/wp-content\/uploads\/2020\/11\/BAJAS-AZERBAYANAS-1140x1140.jpeg 1140w\" sizes=\"(max-width: 2000px) 100vw, 2000px\" \/><figcaption id=\"caption-attachment-2264\" class=\"wp-caption-text\">El \u00faltimo reporte brindado por Azerbaiyan habla de 90 muertes civiles, 2406 hogares y 423 comercios, entre otras.<\/figcaption><\/figure>\n<p><span style=\"font-weight: 400;\">D\u00edas m\u00e1s tarde, incumplido los acuerdos de cese al fuego por la diplomacia de ambos pa\u00edses, el presidente azer\u00ed mencion\u00f3 una cuesti\u00f3n fundamental de manera muy expl\u00edcita: \u201cS\u00ed Armenia quiere implementar sus planes de da\u00f1ar las tuber\u00edas de exportaci\u00f3n en el territorio de Azerbaiy\u00e1n, la respuesta ser\u00e1 muy dura para Erev\u00e1n. Estos proyectos son muy importantes para la seguridad energ\u00e9tica de Europa, por eso todos deber\u00edamos estar interesados en evitar que se da\u00f1en estas tuber\u00edas&#8221;.<\/span><\/p>\n<p><span style=\"font-weight: 400;\">Seg\u00fan el portal Israel Noticias, en dos de los oleoductos y gasoductos m\u00e1s importantes que atraviesan Azerbaiy\u00e1n, algunos tramos se encuentran a tan s\u00f3lo 25 millas de la reanudaci\u00f3n de los combates en Nagorno-Karabaj. Estos campos, operados por la petrolera British Petroleum (BP), producen alrededor de 485.000 bpd de petr\u00f3leo ligero, lo que representa aproximadamente el 75% de la producci\u00f3n de crudo azer\u00ed.<\/span><\/p>\n<p><span style=\"color: #ff9900;\"><b>La guerra por el gas<\/b><\/span><\/p>\n<p><span style=\"font-weight: 400;\">Para comprender la importancia geogr\u00e1fica y de recursos, la regi\u00f3n del C\u00e1ucaso cumple un rol territorial fundamental en la ruta comercial entre el occidente europeo y los pa\u00edses de Asia, lo que la hace muy importante en proyectos de libre comercio y de inversi\u00f3n productiva para el traslado de mercanc\u00edas, como por ejemplo la Nueva Ruta de la seda.<\/span><\/p>\n<p><span style=\"font-weight: 400;\">Adem\u00e1s, tras el descubrimiento del gigantesco yacimiento Shah Deniz en junio de 1999, con reservas de 1,2 billones de metros c\u00fabicos de gas y 240 millones de toneladas de petr\u00f3leo, Azerbaiyan se posicion\u00f3 como el segundo pa\u00eds con mayores reservas de esa mercanc\u00eda de la regi\u00f3n y el 14\u00b0 del mundo.<\/span><\/p>\n<p><span style=\"font-weight: 400;\">Ello hace que el pa\u00eds exporte m\u00e1s de 30 millones de toneladas de petr\u00f3leo y aproximadamente 11 mil millones de metros c\u00fabicos de gas natural al a\u00f1o, lo que representa m\u00e1s del 90% de sus exportaciones. Las empresas de Turqu\u00eda son las principales compradoras de la mercanc\u00eda para la elaboraci\u00f3n de combustibles.<\/span><\/p>\n<figure id=\"attachment_2265\" aria-describedby=\"caption-attachment-2265\" style=\"width: 1000px\" class=\"wp-caption alignright\"><img loading=\"lazy\" decoding=\"async\" class=\"size-full wp-image-2265\" src=\"https:\/\/tribunavm.com.ar\/wp-content\/uploads\/2020\/11\/GASODUCTO.jpg\" alt=\"\" width=\"1000\" height=\"665\" srcset=\"https:\/\/tribunavm.com.ar\/wp-content\/uploads\/2020\/11\/GASODUCTO.jpg 1000w, https:\/\/tribunavm.com.ar\/wp-content\/uploads\/2020\/11\/GASODUCTO-300x200.jpg 300w, https:\/\/tribunavm.com.ar\/wp-content\/uploads\/2020\/11\/GASODUCTO-768x511.jpg 768w, https:\/\/tribunavm.com.ar\/wp-content\/uploads\/2020\/11\/GASODUCTO-750x499.jpg 750w\" sizes=\"(max-width: 1000px) 100vw, 1000px\" \/><figcaption id=\"caption-attachment-2265\" class=\"wp-caption-text\">Gasoducto situado en Azerbaiyan.<\/figcaption><\/figure>\n<p><span style=\"font-weight: 400;\">La trama de empresas petroleras en la regi\u00f3n es de la m\u00e1s diversa. Existen alrededor de 15 proyectos transnacionales de traslado de gas y petr\u00f3leo a trav\u00e9s de ductos y un sinn\u00famero de proyectos menores que aportan a esos grandes canales de extracci\u00f3n.<\/span><\/p>\n<p><span style=\"font-weight: 400;\">A pesar de dicha complejidad podemos identificar a dos actores principales en la regi\u00f3n en disputa: la nombrada anteriormente British Petroleum (BP) y Gazprom, una empresa con sede en Rusia que cuenta con un proyecto de cabecera llamado Nord Stream, que busca posicionarse como el principal suministrador de gas y petr\u00f3leo a pa\u00edses de Europa.\u00a0<\/span><\/p>\n<figure id=\"attachment_2266\" aria-describedby=\"caption-attachment-2266\" style=\"width: 960px\" class=\"wp-caption alignright\"><img loading=\"lazy\" decoding=\"async\" class=\"size-full wp-image-2266\" src=\"https:\/\/tribunavm.com.ar\/wp-content\/uploads\/2020\/11\/LISTADO.jpg\" alt=\"\" width=\"960\" height=\"684\" srcset=\"https:\/\/tribunavm.com.ar\/wp-content\/uploads\/2020\/11\/LISTADO.jpg 960w, https:\/\/tribunavm.com.ar\/wp-content\/uploads\/2020\/11\/LISTADO-300x214.jpg 300w, https:\/\/tribunavm.com.ar\/wp-content\/uploads\/2020\/11\/LISTADO-768x547.jpg 768w, https:\/\/tribunavm.com.ar\/wp-content\/uploads\/2020\/11\/LISTADO-120x86.jpg 120w, https:\/\/tribunavm.com.ar\/wp-content\/uploads\/2020\/11\/LISTADO-350x250.jpg 350w, https:\/\/tribunavm.com.ar\/wp-content\/uploads\/2020\/11\/LISTADO-750x534.jpg 750w\" sizes=\"(max-width: 960px) 100vw, 960px\" \/><figcaption id=\"caption-attachment-2266\" class=\"wp-caption-text\">Las dos firmas aparecen entre las 10 mas grandes del mundo.<\/figcaption><\/figure>\n<p><span style=\"font-weight: 400;\">No existen datos certeros, y var\u00edan dependiendo la fuente, pero BP cuenta con alrededor del 30% del negocio de extracci\u00f3n y traslado del gas y petr\u00f3leo en el Mar Caspio. Las concesiones a dicha empresa por parte del estado azer\u00ed para su negocio en la regi\u00f3n provienen desde los a\u00f1os 90.\u00a0<\/span><\/p>\n<p><span style=\"font-weight: 400;\">Jones Gary Jones, presidente regional de BP para Azerbaiy\u00e1n, Georgia y Turqu\u00eda, comentando sobre uno de los proyectos de exploraci\u00f3n en el pa\u00eds, dijo que \u201ces un programa muy importante para nosotros, que demuestra la confianza y el papel que vemos en el Caspio&#8221;. Adem\u00e1s de que buscan &#8220;llevar esta fuente de suministro de gas hasta mediados de siglo&#8221;, mostrando su importancia estrat\u00e9gica para esos capitales.<\/span><\/p>\n<figure id=\"attachment_2267\" aria-describedby=\"caption-attachment-2267\" style=\"width: 740px\" class=\"wp-caption alignright\"><img loading=\"lazy\" decoding=\"async\" class=\"size-full wp-image-2267\" src=\"https:\/\/tribunavm.com.ar\/wp-content\/uploads\/2020\/11\/DESDE-EL-ESPACIO.jpg\" alt=\"\" width=\"740\" height=\"464\" srcset=\"https:\/\/tribunavm.com.ar\/wp-content\/uploads\/2020\/11\/DESDE-EL-ESPACIO.jpg 740w, https:\/\/tribunavm.com.ar\/wp-content\/uploads\/2020\/11\/DESDE-EL-ESPACIO-300x188.jpg 300w\" sizes=\"(max-width: 740px) 100vw, 740px\" \/><figcaption id=\"caption-attachment-2267\" class=\"wp-caption-text\">El Mar Caspio cuenta con las reservas de petroleo y gas mas importante de la regi\u00f3n del Caucaso y es una fuente de suministro muy importante para Turqu\u00eda y Europa.<\/figcaption><\/figure>\n<p><span style=\"font-weight: 400;\">Tambi\u00e9n Bakhtiyar Aslanbayli, vicepresidente de Relaciones Exteriores y Comunicaciones de BP en el Medio Oriente y la regi\u00f3n del Caspio, en una entrevista dijo que \u201cen Azerbaiy\u00e1n, somos responsables de la exploraci\u00f3n y el desarrollo de los principales recursos de petr\u00f3leo y gas del pa\u00eds. Seguimos siendo fieles a estos compromisos, que son muy importantes para nosotros&#8221;.<\/span><\/p>\n<p><span style=\"color: #ff9900;\"><b>Proyectos e inversores<\/b><\/span><\/p>\n<p><span style=\"font-weight: 400;\">Si hablamos de producci\u00f3n de este tipo de recursos las empresas junto a estados de la regi\u00f3n vienen proyectando su transporte y comercializaci\u00f3n a la mayor cantidad de territorios posibles. All\u00ed entran los proyectos de inversiones millonarios para el desarrollo de los ductos, partiendo del pozo en el mar y atravesando varios pa\u00edses de la regi\u00f3n como Georgia y Turqu\u00eda, llegando a Europa por el sur de Italia y luego comercializado por todo el continente.\u00a0<\/span><\/p>\n<p><span style=\"font-weight: 400;\">El gasoducto de Gas Natural Transanatolio o TANAP es uno de los proyectos mas importantes que busca transportar el gas natural azerbaiyano a Turqu\u00eda y Europa. Adem\u00e1s se integra al Corredor del Sur de Gas, unific\u00e1ndose con el gasoducto del C\u00e1ucaso Sur (SCP) y el gasoducto Trans-Adri\u00e1tico (TAP).<\/span><\/p>\n<p><img loading=\"lazy\" decoding=\"async\" class=\"alignright size-full wp-image-2268\" src=\"https:\/\/tribunavm.com.ar\/wp-content\/uploads\/2020\/11\/TAP_TANAP_SCP_Schah_Denis.png\" alt=\"\" width=\"3178\" height=\"1027\" srcset=\"https:\/\/tribunavm.com.ar\/wp-content\/uploads\/2020\/11\/TAP_TANAP_SCP_Schah_Denis.png 3178w, https:\/\/tribunavm.com.ar\/wp-content\/uploads\/2020\/11\/TAP_TANAP_SCP_Schah_Denis-300x97.png 300w, https:\/\/tribunavm.com.ar\/wp-content\/uploads\/2020\/11\/TAP_TANAP_SCP_Schah_Denis-1024x331.png 1024w, https:\/\/tribunavm.com.ar\/wp-content\/uploads\/2020\/11\/TAP_TANAP_SCP_Schah_Denis-768x248.png 768w, https:\/\/tribunavm.com.ar\/wp-content\/uploads\/2020\/11\/TAP_TANAP_SCP_Schah_Denis-1536x496.png 1536w, https:\/\/tribunavm.com.ar\/wp-content\/uploads\/2020\/11\/TAP_TANAP_SCP_Schah_Denis-2048x662.png 2048w, https:\/\/tribunavm.com.ar\/wp-content\/uploads\/2020\/11\/TAP_TANAP_SCP_Schah_Denis-750x242.png 750w, https:\/\/tribunavm.com.ar\/wp-content\/uploads\/2020\/11\/TAP_TANAP_SCP_Schah_Denis-1140x368.png 1140w\" sizes=\"(max-width: 3178px) 100vw, 3178px\" \/><\/p>\n<p><span style=\"font-weight: 400;\">El operador del proyecto es la compa\u00f1\u00eda petrolera BP y el desarrollo del yacimiento se realiza por consorcio. Adem\u00e1s, se suman a distintos proyectos de extracci\u00f3n, traslado y comercializaci\u00f3n empresas como American Chevron, ExxonMobil, Shell y empresas petroleras estatales como las del propio Azerbaiyan (consorcio de empresas p\u00fablicas y privadas) y Turqu\u00eda.<\/span><\/p>\n<p><span style=\"font-weight: 400;\">Seg\u00fan Javier Morales, investigador de UNICI, en una investigaci\u00f3n \u201clas mayores reservas de petr\u00f3leo de la regi\u00f3n se encuentran en Kazajst\u00e1n y Azerbaiy\u00e1n. Frente a las costas azer\u00edes se localizan los de Azeri, Chirag y Gunashli \u2014conocidos colectivamente como ACG\u2014, en el fondo marino del Caspio\u201d, que hoy se encuentran produciendo una cantidad muy importante de combustibles para la regi\u00f3n.\u00a0<\/span><\/p>\n<figure id=\"attachment_2269\" aria-describedby=\"caption-attachment-2269\" style=\"width: 1960px\" class=\"wp-caption alignright\"><img loading=\"lazy\" decoding=\"async\" class=\"size-full wp-image-2269\" src=\"https:\/\/tribunavm.com.ar\/wp-content\/uploads\/2020\/11\/TANAP_OPEN_2018-06-12.jpg\" alt=\"\" width=\"1960\" height=\"1274\" srcset=\"https:\/\/tribunavm.com.ar\/wp-content\/uploads\/2020\/11\/TANAP_OPEN_2018-06-12.jpg 1960w, https:\/\/tribunavm.com.ar\/wp-content\/uploads\/2020\/11\/TANAP_OPEN_2018-06-12-300x195.jpg 300w, https:\/\/tribunavm.com.ar\/wp-content\/uploads\/2020\/11\/TANAP_OPEN_2018-06-12-1024x666.jpg 1024w, https:\/\/tribunavm.com.ar\/wp-content\/uploads\/2020\/11\/TANAP_OPEN_2018-06-12-768x499.jpg 768w, https:\/\/tribunavm.com.ar\/wp-content\/uploads\/2020\/11\/TANAP_OPEN_2018-06-12-1536x998.jpg 1536w, https:\/\/tribunavm.com.ar\/wp-content\/uploads\/2020\/11\/TANAP_OPEN_2018-06-12-750x488.jpg 750w, https:\/\/tribunavm.com.ar\/wp-content\/uploads\/2020\/11\/TANAP_OPEN_2018-06-12-1140x741.jpg 1140w\" sizes=\"(max-width: 1960px) 100vw, 1960px\" \/><figcaption id=\"caption-attachment-2269\" class=\"wp-caption-text\">La ceremonia de inauguraci\u00f3n del gasoducto, 12 de junio de 2018.<\/figcaption><\/figure>\n<p><span style=\"font-weight: 400;\">Tambi\u00e9n la Agencia Internacional de Energ\u00eda (IEA por sus siglas en ingl\u00e9s) dijo en un reporte que \u201cel petr\u00f3leo y el gas representan m\u00e1s del 90% de las exportaciones de Azerbaiy\u00e1n\u201d.<\/span><\/p>\n<p><span style=\"font-weight: 400;\">A trav\u00e9s de esta compleja trama de intereses se puede poner en su lugar las posiciones de los gobiernos, ej\u00e9rcitos y la relativa importancia que juega la diplomacia en un conflicto de estas caracter\u00edsticas. En ello vemos un claro ejemplo de c\u00f3mo mientras los ministros y diplom\u00e1ticos realizan declaraciones y buscan acuerdos entre los estados, las balas se disparan en defensa del negocio.<\/span><\/p>\n<\/div>\n<div class=\"col-md-3\">\n<p>&nbsp;<\/p>\n<\/div>\n<\/div>\n","protected":false},"excerpt":{"rendered":"<p>Luego de tres \u201calto al fuego\u201d entre los dos estados, el conflicto entre Armenia y Azerbaiy\u00e1n no avizora tregua. Mientras tanto los negocios comerciales en la regi\u00f3n quedan ocultos por el destello de las armas.\u00a0 El conflicto desatado en el sur de la regi\u00f3n del C\u00e1ucaso entre Armenia y Azerbaiy\u00e1n cuenta con un largo antecedente [&hellip;]<\/p>\n","protected":false},"author":2,"featured_media":2270,"comment_status":"open","ping_status":"open","sticky":false,"template":"","format":"standard","meta":{"_exactmetrics_skip_tracking":false,"_exactmetrics_sitenote_active":false,"_exactmetrics_sitenote_note":"","_exactmetrics_sitenote_category":0,"jnews-multi-image_gallery":[],"jnews_single_post":{"source_name":"","source_url":"","via_name":"","via_url":"","override_template":"0","override":[{"template":"1","single_blog_custom":"","parallax":"1","fullscreen":"0","layout":"right-sidebar","sidebar":"default-sidebar","second_sidebar":"default-sidebar","sticky_sidebar":"1","share_position":"top","share_float_style":"share-monocrhome","show_share_counter":"1","show_view_counter":"1","show_featured":"1","show_post_meta":"1","show_post_author":"1","show_post_author_image":"1","show_post_date":"1","post_date_format":"default","post_date_format_custom":"Y\/m\/d","show_post_category":"1","show_post_reading_time":"0","post_reading_time_wpm":"300","show_zoom_button":"0","zoom_button_out_step":"2","zoom_button_in_step":"3","show_post_tag":"1","show_prev_next_post":"1","show_popup_post":"1","number_popup_post":"1","show_author_box":"0","show_post_related":"0","show_inline_post_related":"0"}],"override_image_size":"0","image_override":[{"single_post_thumbnail_size":"crop-500","single_post_gallery_size":"crop-500"}],"trending_post":"0","trending_post_position":"meta","trending_post_label":"Trending","sponsored_post":"0","sponsored_post_label":"Sponsored by","sponsored_post_name":"","sponsored_post_url":"","sponsored_post_logo_enable":"0","sponsored_post_logo":"","sponsored_post_desc":""},"jnews_primary_category":{"id":"23"},"jnews_social_meta":{"fb_title":"","fb_description":"","fb_image":"","twitter_title":"","twitter_description":"","twitter_image":""},"jnews_override_counter":{"override_view_counter":"0","view_counter_number":"0","override_share_counter":"0","share_counter_number":"0","override_like_counter":"0","like_counter_number":"0","override_dislike_counter":"0","dislike_counter_number":"0"},"_joinchat":[],"footnotes":""},"categories":[23],"tags":[111,72,112,75],"class_list":["post-2258","post","type-post","status-publish","format-standard","has-post-thumbnail","hentry","category-analisis","tag-edicion-37","tag-edicion-digital","tag-guerra","tag-internacional"],"_links":{"self":[{"href":"https:\/\/tribunavm.com.ar\/index.php\/wp-json\/wp\/v2\/posts\/2258"}],"collection":[{"href":"https:\/\/tribunavm.com.ar\/index.php\/wp-json\/wp\/v2\/posts"}],"about":[{"href":"https:\/\/tribunavm.com.ar\/index.php\/wp-json\/wp\/v2\/types\/post"}],"author":[{"embeddable":true,"href":"https:\/\/tribunavm.com.ar\/index.php\/wp-json\/wp\/v2\/users\/2"}],"replies":[{"embeddable":true,"href":"https:\/\/tribunavm.com.ar\/index.php\/wp-json\/wp\/v2\/comments?post=2258"}],"version-history":[{"count":4,"href":"https:\/\/tribunavm.com.ar\/index.php\/wp-json\/wp\/v2\/posts\/2258\/revisions"}],"predecessor-version":[{"id":2274,"href":"https:\/\/tribunavm.com.ar\/index.php\/wp-json\/wp\/v2\/posts\/2258\/revisions\/2274"}],"wp:featuredmedia":[{"embeddable":true,"href":"https:\/\/tribunavm.com.ar\/index.php\/wp-json\/wp\/v2\/media\/2270"}],"wp:attachment":[{"href":"https:\/\/tribunavm.com.ar\/index.php\/wp-json\/wp\/v2\/media?parent=2258"}],"wp:term":[{"taxonomy":"category","embeddable":true,"href":"https:\/\/tribunavm.com.ar\/index.php\/wp-json\/wp\/v2\/categories?post=2258"},{"taxonomy":"post_tag","embeddable":true,"href":"https:\/\/tribunavm.com.ar\/index.php\/wp-json\/wp\/v2\/tags?post=2258"}],"curies":[{"name":"wp","href":"https:\/\/api.w.org\/{rel}","templated":true}]}}