{"id":2275,"date":"2020-11-03T15:25:40","date_gmt":"2020-11-03T15:25:40","guid":{"rendered":"https:\/\/tribunavm.com.ar\/?p=2275"},"modified":"2020-11-03T15:28:09","modified_gmt":"2020-11-03T15:28:09","slug":"2275","status":"publish","type":"post","link":"https:\/\/tribunavm.com.ar\/index.php\/2020\/11\/03\/2275\/","title":{"rendered":"Un partido \u201cpara recuperar las simples cosas\u201d"},"content":{"rendered":"<div class=\"row clearfix\">\n<div class=\"col-md-8\">\n<p>&nbsp;<\/p>\n<h5 style=\"text-align: right;\"><em>Espacio patrocinado<\/em><\/h5>\n<div class=\"intro-text\">\n<p><span style=\"font-weight: 400;\">Tribuna convers\u00f3 con Carlos Gilibertti y el equipo del partido Movimiento de Compromiso y Participaci\u00f3n (Modecopa) sobre sus ideas y propuestas que buscan impulsar para la ciudad de Villa Mar\u00eda.<\/span><\/p>\n<\/div>\n<p><strong><span style=\"color: #ff9900;\">&#8211; \u00bfC\u00f3mo surgi\u00f3 el Modecopa?<\/span><\/strong><\/p>\n<p><span style=\"font-weight: 400;\">&#8211; Modecopa surgi\u00f3 de una reuni\u00f3n de amigos, los cuales nunca hab\u00edan participado en pol\u00edtica, ten\u00edamos la costumbre de juntarnos a hablar mucho de pol\u00edtica, y me preguntaron si costaba mucho hacer un partido, pero quer\u00edamos un partido para Villa Mar\u00eda, donde podamos participar, entonces tomamos la determinaci\u00f3n de armarlo.\u00a0 Nuestro primer presidente fue Oscar Albornoz, un manager de boxeo, un comerciante, vecino de barrio, que se encontr\u00f3 por primera vez con la realidad de la pol\u00edtica.\u00a0<\/span><\/p>\n<p><span style=\"font-weight: 400;\">Desde ese d\u00eda, lo que siempre ponderamos como partido fue la constitucionalidad de los partidos, el saber de nuestro derechos y nuestros deberes, siempre inculcando la participaci\u00f3n, nunca cedimos los principios del respeto a las fuerzas pol\u00edticas, a la gente, la transparencia, la educaci\u00f3n, la salud, el trabajo. Esas son las bases que nos llevaron hasta el d\u00eda de hoy.<\/span><\/p>\n<blockquote class=\"pullquote align-center\"><p><span style=\"font-weight: 400;\">&#8220;Este pa\u00eds, esta ciudad, esta provincia, necesita una gran concertaci\u00f3n, pero no una concertaci\u00f3n de hombres, sino de ideas, de proyectos, de desarrollo. tenemos que lograr una base de acuerdos para respetar entre todas las fuerzas pol\u00edticas para hacer lo mejor por Villa Mar\u00eda, un proyecto a 30 a\u00f1os&#8221;.<\/span><\/p><\/blockquote>\n<p><span style=\"font-weight: bold; color: #ff9900;\">&#8211; \u00bfCu\u00e1l es la postura u opini\u00f3n del Modecopa sobre la situaci\u00f3n econ\u00f3mica a nivel nacional?<\/span><\/p>\n<p><span style=\"font-weight: 400;\">&#8211; Necesitamos desarrollar un modelo de pol\u00edticas de estado alrededor de una columna vertebral. Al campo hay que darle el lugar que debe tener, el campo produce granos, pero sus granos se les puede a\u00f1adir 3 o 4 veces el valor agregado y adem\u00e1s la metalmec\u00e1nica para el campo tambi\u00e9n funcionaria alrededor. Los gobiernos no deben matar ni regalar, sino alcanzar un consenso en conjunto para fomentar una columna vertebral.\u00a0<\/span><\/p>\n<p><span style=\"font-weight: 400;\">Nosotros ten\u00edamos por ejemplo el mantecol, cuya f\u00f3rmula se vendi\u00f3 a multinacionales. en lugar de producir millones de kilos, vendimos la f\u00f3rmula, el pa\u00eds tiene que tener una econom\u00eda, una ley para que estas cosas no se permitan venderlas. Necesitamos hacer leyes que nos defiendan, hubo quien dijo que tenemos m\u00e1s problemas con los de adentro que con los invasores que nos quieren venir a conquistar.<\/span><\/p>\n<p><span style=\"font-weight: 400;\">El Modecopa est\u00e1 tratando de llevar a la gente que interprete esta necesidad, sin importar la ideolog\u00eda, con peronistas, radicales, kirchneristas, de izquierda, independientes, gente que nunca estuvo en un partido, que son la mayor\u00eda, entre ellos muchos j\u00f3venes.<\/span><\/p>\n<figure id=\"attachment_2276\" aria-describedby=\"caption-attachment-2276\" style=\"width: 750px\" class=\"wp-caption alignright\"><img loading=\"lazy\" decoding=\"async\" class=\"wp-image-2276 size-jnews-750x536\" src=\"https:\/\/tribunavm.com.ar\/wp-content\/uploads\/2020\/11\/DSC_4598-750x536.jpg\" alt=\"\" width=\"750\" height=\"536\" srcset=\"https:\/\/tribunavm.com.ar\/wp-content\/uploads\/2020\/11\/DSC_4598-750x536.jpg 750w, https:\/\/tribunavm.com.ar\/wp-content\/uploads\/2020\/11\/DSC_4598-120x86.jpg 120w, https:\/\/tribunavm.com.ar\/wp-content\/uploads\/2020\/11\/DSC_4598-350x250.jpg 350w, https:\/\/tribunavm.com.ar\/wp-content\/uploads\/2020\/11\/DSC_4598-1140x815.jpg 1140w\" sizes=\"(max-width: 750px) 100vw, 750px\" \/><figcaption id=\"caption-attachment-2276\" class=\"wp-caption-text\">Carlos Gilibertti, referente del Modecopa.<\/figcaption><\/figure>\n<p><span style=\"font-weight: bold; color: #ff9900;\">&#8211; \u00bfCu\u00e1l es el trabajo de Modecopa en esta coyuntura?<\/span><\/p>\n<p><span style=\"font-weight: 400;\">&#8211; <strong>Hacemos mucho \u00e9nfasis en trabajar con la juventud, en incentivar que los j\u00f3venes se sumen, son el motor del partido.<\/strong> El trabajo que estamos haciendo actualmente es la tarea de apadrinar un merendero en el barrio San Nicol\u00e1s, los fines de semana colaboramos con la donaci\u00f3n de comida para la entrega de 120 viandas. A su vez tambi\u00e9n colaboramos con el gas y donamos una cocina.\u00a0<\/span><\/p>\n<p><span style=\"font-weight: 400;\">Cuando hacemos este trabajo somos muy conscientes en distinguir entre lo social y lo pol\u00edtico, no se cambia comida por voto, remedio por voto. El voto tiene que ser desde la consideraci\u00f3n independiente de cada uno.\u00a0<\/span><\/p>\n<p><span style=\"font-weight: 400;\">Adem\u00e1s, antes de la pandemia, las mujeres que conforman el Modecopa han organizado una serie de talleres, entre ellos un taller de lenguaje de se\u00f1as, capacitaci\u00f3n en ingl\u00e9s, acompa\u00f1amiento escolar, gimnasia para la tercera edad, capacitaciones para conseguir trabajo, actividades que retomaremos en el futuro.<\/span><\/p>\n<p><strong>Puede ser ut\u00f3pico, pero si logramos hacer un gran acuerdo para un desarrollo, todas estas cosas no van a hacer falta porque el mismo gobierno va a tener todo preparado para darle respuestas a la gente, entonces podremos encargarnos de hacer un trabajo para que la gente empiece a entender la pol\u00edtica, no como una mala palabra, sino como participaci\u00f3n social.<\/strong><\/p>\n<p><span style=\"font-weight: bold; color: #ff9900;\">&#8211; \u00bfC\u00f3mo analiza la actualidad de los barrios de Villa Mar\u00eda?<\/span><\/p>\n<p><span style=\"font-weight: 400;\">&#8211; Yo creo que hace unos 6, 7 a\u00f1os se ha bajado mucho la calidad del acompa\u00f1amiento que se le daba desde el Municipio a los barrios, espec\u00edficamente a la tarea de los centros vecinales, o los CAPS.\u00a0<\/span><\/p>\n<p><span style=\"font-weight: 400;\">Antes el Gobierno Municipal ten\u00eda un presupuesto participativo para los centros vecinales, un dinero del presupuesto para que ellos desarrollaran una tarea que quisieran hacer para el barrio. En conjunto con la Municipalidad se pon\u00edan de acuerdo en torno a las prioridades, hac\u00edan propuestas, y las desarrollaban, hoy esta pol\u00edtica se dejo de lado.\u00a0<\/span><\/p>\n<p><span style=\"font-weight: 400;\">Otros problemas son la prorrogaci\u00f3n indefinida de los cargos de los centros vecinales y la poca credibilidad con respecto al manejo de la pol\u00edtica.\u00a0<\/span><\/p>\n<p><span style=\"font-weight: 400;\">Si los vecinos tienen que participar en estas condiciones, va a haber gente que lo va a pensar dos veces. No hay independencia ideol\u00f3gica, la gente siente la presi\u00f3n en forma permanente. Nosotros queremos cambiar eso.\u00a0<\/span><\/p>\n<p><img loading=\"lazy\" decoding=\"async\" class=\"alignright wp-image-2277 size-jnews-750x536\" src=\"https:\/\/tribunavm.com.ar\/wp-content\/uploads\/2020\/11\/DSC_4555-750x536.jpg\" alt=\"\" width=\"750\" height=\"536\" srcset=\"https:\/\/tribunavm.com.ar\/wp-content\/uploads\/2020\/11\/DSC_4555-750x536.jpg 750w, https:\/\/tribunavm.com.ar\/wp-content\/uploads\/2020\/11\/DSC_4555-120x86.jpg 120w, https:\/\/tribunavm.com.ar\/wp-content\/uploads\/2020\/11\/DSC_4555-350x250.jpg 350w, https:\/\/tribunavm.com.ar\/wp-content\/uploads\/2020\/11\/DSC_4555-1140x815.jpg 1140w\" sizes=\"(max-width: 750px) 100vw, 750px\" \/><\/p>\n<p><span style=\"font-weight: bold; color: #ff9900;\">&#8211; Frente a los costos de los alquileres y los episodios de tomas de tierra que han sucedido en la ciudad, \u00bfQu\u00e9 opina sobre la pol\u00edtica de vivienda?<\/span><\/p>\n<p><span style=\"font-weight: 400;\">&#8211; Durante 30 a\u00f1os pague alquiler, conozco el tema y lo que es sufrirlo, pero nunca se me ocurri\u00f3 tomar un terreno o una casa, no significa que haya gente que lo haya pensado, pero la responsabilidad es de la administraci\u00f3n municipal. Nunca ha habido un plan urban\u00edstico donde la gesti\u00f3n se hiciera cargo.\u00a0<\/span><\/p>\n<p><span style=\"font-weight: 400;\">Si vos urbanizas como corresponde, hay much\u00edsimos terrenos que podr\u00edan ser municipales, o con poca plata se podr\u00edan obtener, eso le permitir\u00eda hacer un gran plan de viviendas. podemos hablar de 2000 o 3000 viviendas, con mecanismos de pagos accesibles.<\/span><\/p>\n<p><span style=\"font-weight: 400;\">He visto las tomas en Las Playas, Las Acacias, el Nicol\u00e1s Avellaneda; en todas las tomas de Villa Mar\u00eda yo entiendo la necesidad pero no comparto la forma, <strong>ac\u00e1 hay que ponerse de los dos lados, pero en el medio a los responsables de solucionar la situaci\u00f3n.<\/strong><\/span><\/p>\n<p><span style=\"font-weight: 400;\">En los \u00faltimos a\u00f1os se ha recrudecido esta necesidad de la vivienda, la necesidad de la salud, que se hagan cargo de la gente. <strong>Se ha hecho mucho cemento en Villa Mar\u00eda, pero se olvidaron de la gente.<\/strong>\u00a0<\/span><\/p>\n<\/div>\n<\/div>\n","protected":false},"excerpt":{"rendered":"<p>&nbsp; Espacio patrocinado Tribuna convers\u00f3 con Carlos Gilibertti y el equipo del partido Movimiento de Compromiso y Participaci\u00f3n (Modecopa) sobre sus ideas y propuestas que buscan impulsar para la ciudad de Villa Mar\u00eda. &#8211; \u00bfC\u00f3mo surgi\u00f3 el Modecopa? &#8211; Modecopa surgi\u00f3 de una reuni\u00f3n de amigos, los cuales nunca hab\u00edan participado en pol\u00edtica, ten\u00edamos la [&hellip;]<\/p>\n","protected":false},"author":2,"featured_media":2278,"comment_status":"open","ping_status":"open","sticky":false,"template":"","format":"standard","meta":{"_exactmetrics_skip_tracking":false,"_exactmetrics_sitenote_active":false,"_exactmetrics_sitenote_note":"","_exactmetrics_sitenote_category":0,"jnews-multi-image_gallery":[],"jnews_single_post":{"source_name":"","source_url":"","via_name":"","via_url":"","override_template":"0","override":[{"template":"1","single_blog_custom":"","parallax":"1","fullscreen":"0","layout":"right-sidebar","sidebar":"default-sidebar","second_sidebar":"default-sidebar","sticky_sidebar":"1","share_position":"top","share_float_style":"share-monocrhome","show_share_counter":"1","show_view_counter":"1","show_featured":"1","show_post_meta":"1","show_post_author":"1","show_post_author_image":"1","show_post_date":"1","post_date_format":"default","post_date_format_custom":"Y\/m\/d","show_post_category":"1","show_post_reading_time":"0","post_reading_time_wpm":"300","show_zoom_button":"0","zoom_button_out_step":"2","zoom_button_in_step":"3","show_post_tag":"1","show_prev_next_post":"1","show_popup_post":"1","number_popup_post":"1","show_author_box":"0","show_post_related":"0","show_inline_post_related":"0"}],"override_image_size":"0","image_override":[{"single_post_thumbnail_size":"crop-500","single_post_gallery_size":"crop-500"}],"trending_post":"0","trending_post_position":"meta","trending_post_label":"Trending","sponsored_post":"0","sponsored_post_label":"Sponsored by","sponsored_post_name":"","sponsored_post_url":"","sponsored_post_logo_enable":"0","sponsored_post_logo":"","sponsored_post_desc":""},"jnews_primary_category":{"id":""},"jnews_social_meta":{"fb_title":"","fb_description":"","fb_image":"","twitter_title":"","twitter_description":"","twitter_image":""},"jnews_override_counter":{"override_view_counter":"0","view_counter_number":"0","override_share_counter":"0","share_counter_number":"0","override_like_counter":"0","like_counter_number":"0","override_dislike_counter":"0","dislike_counter_number":"0"},"_joinchat":[],"footnotes":""},"categories":[1],"tags":[],"class_list":["post-2275","post","type-post","status-publish","format-standard","has-post-thumbnail","hentry","category-uncategorized"],"_links":{"self":[{"href":"https:\/\/tribunavm.com.ar\/index.php\/wp-json\/wp\/v2\/posts\/2275"}],"collection":[{"href":"https:\/\/tribunavm.com.ar\/index.php\/wp-json\/wp\/v2\/posts"}],"about":[{"href":"https:\/\/tribunavm.com.ar\/index.php\/wp-json\/wp\/v2\/types\/post"}],"author":[{"embeddable":true,"href":"https:\/\/tribunavm.com.ar\/index.php\/wp-json\/wp\/v2\/users\/2"}],"replies":[{"embeddable":true,"href":"https:\/\/tribunavm.com.ar\/index.php\/wp-json\/wp\/v2\/comments?post=2275"}],"version-history":[{"count":3,"href":"https:\/\/tribunavm.com.ar\/index.php\/wp-json\/wp\/v2\/posts\/2275\/revisions"}],"predecessor-version":[{"id":2281,"href":"https:\/\/tribunavm.com.ar\/index.php\/wp-json\/wp\/v2\/posts\/2275\/revisions\/2281"}],"wp:featuredmedia":[{"embeddable":true,"href":"https:\/\/tribunavm.com.ar\/index.php\/wp-json\/wp\/v2\/media\/2278"}],"wp:attachment":[{"href":"https:\/\/tribunavm.com.ar\/index.php\/wp-json\/wp\/v2\/media?parent=2275"}],"wp:term":[{"taxonomy":"category","embeddable":true,"href":"https:\/\/tribunavm.com.ar\/index.php\/wp-json\/wp\/v2\/categories?post=2275"},{"taxonomy":"post_tag","embeddable":true,"href":"https:\/\/tribunavm.com.ar\/index.php\/wp-json\/wp\/v2\/tags?post=2275"}],"curies":[{"name":"wp","href":"https:\/\/api.w.org\/{rel}","templated":true}]}}