{"id":2361,"date":"2020-11-12T18:56:50","date_gmt":"2020-11-12T18:56:50","guid":{"rendered":"https:\/\/tribunavm.com.ar\/?p=2361"},"modified":"2020-11-12T18:56:50","modified_gmt":"2020-11-12T18:56:50","slug":"jovenes-se-organizan-por-la-educacion-y-el-trabajo","status":"publish","type":"post","link":"https:\/\/tribunavm.com.ar\/index.php\/2020\/11\/12\/jovenes-se-organizan-por-la-educacion-y-el-trabajo\/","title":{"rendered":"J\u00f3venes se organizan por la educaci\u00f3n y el trabajo"},"content":{"rendered":"<div class=\"row clearfix\">\n<div class=\"col-md-8\">\n<p><span style=\"color: #212121; font-size: 1.5em; letter-spacing: -0.01em;\">La Fundaci\u00f3n ISTE organiza para este domingo 12 de noviembre una pollada solidaria para recaudar fondos con el objetivo de financiar la puesta en marcha de actividades vinculadas al apoyo de juventudes.<\/span><\/p>\n<p><span style=\"font-weight: 400;\"><span class=\"dropcap \" style=\"background-color: #ffffff; color: #dd9933; border-color: #ffffff;\">L<\/span>a Fundaci\u00f3n ISTE (Inclusi\u00f3n Solidaridad Trabajo Educaci\u00f3n) surge de un\u00a0 grupo de j\u00f3venes que se proponen el desarrollo de un trabajo territorial en los barrios de Villa Mar\u00eda. El objeto social del mismo es el impulso de la educaci\u00f3n y el trabajo para juventudes de entre 18 y 30 a\u00f1os.<\/span><\/p>\n<p><span style=\"font-weight: 400;\">El grupo est\u00e1 integrado por j\u00f3venes de diversos sectores de la ciudad, estudiantes y trabajadores, preocupados por el contexto actual: <strong>\u201cCreemos que en la generalidad existe una problem\u00e1tica que es el trabajo joven, principalmente en los sectores populares, pero a\u00fan m\u00e1s en las mujeres\u201d<\/strong>, coment\u00f3 a Tribuna, Fabian R\u00edos, de ITSE.<\/span><\/p>\n<p><span style=\"font-weight: 400;\">El motivo de la actividad es lograr financiamiento para generar capacitaciones donde se brinden herramientas y materiales necesarios para que los j\u00f3venes puedan acceder al trabajo, en orientaciones como el textil, la electricidad, la construcci\u00f3n, dependiendo del marco de articulaciones que se logre con pymes e instituciones, generando una bolsa de trabajo.<\/span><\/p>\n<\/div>\n<\/div>\n","protected":false},"excerpt":{"rendered":"<p>La Fundaci\u00f3n ISTE organiza para este domingo 12 de noviembre una pollada solidaria para recaudar fondos con el objetivo de financiar la puesta en marcha de actividades vinculadas al apoyo de juventudes. La Fundaci\u00f3n ISTE (Inclusi\u00f3n Solidaridad Trabajo Educaci\u00f3n) surge de un\u00a0 grupo de j\u00f3venes que se proponen el desarrollo de un trabajo territorial en [&hellip;]<\/p>\n","protected":false},"author":2,"featured_media":2363,"comment_status":"open","ping_status":"open","sticky":false,"template":"","format":"standard","meta":{"_exactmetrics_skip_tracking":false,"_exactmetrics_sitenote_active":false,"_exactmetrics_sitenote_note":"","_exactmetrics_sitenote_category":0,"jnews-multi-image_gallery":[],"jnews_single_post":{"source_name":"","source_url":"","via_name":"","via_url":"","override_template":"0","override":[{"template":"1","single_blog_custom":"","parallax":"1","fullscreen":"0","layout":"right-sidebar","sidebar":"default-sidebar","second_sidebar":"default-sidebar","sticky_sidebar":"1","share_position":"top","share_float_style":"share-monocrhome","show_share_counter":"1","show_view_counter":"1","show_featured":"1","show_post_meta":"1","show_post_author":"1","show_post_author_image":"1","show_post_date":"1","post_date_format":"default","post_date_format_custom":"Y\/m\/d","show_post_category":"1","show_post_reading_time":"0","post_reading_time_wpm":"300","show_zoom_button":"0","zoom_button_out_step":"2","zoom_button_in_step":"3","show_post_tag":"1","show_prev_next_post":"1","show_popup_post":"1","number_popup_post":"1","show_author_box":"0","show_post_related":"0","show_inline_post_related":"0"}],"override_image_size":"0","image_override":[{"single_post_thumbnail_size":"crop-500","single_post_gallery_size":"crop-500"}],"trending_post":"0","trending_post_position":"meta","trending_post_label":"Trending","sponsored_post":"0","sponsored_post_label":"Sponsored by","sponsored_post_name":"","sponsored_post_url":"","sponsored_post_logo_enable":"0","sponsored_post_logo":"","sponsored_post_desc":""},"jnews_primary_category":{"id":""},"jnews_social_meta":{"fb_title":"","fb_description":"","fb_image":"","twitter_title":"","twitter_description":"","twitter_image":""},"jnews_override_counter":{"override_view_counter":"0","view_counter_number":"0","override_share_counter":"0","share_counter_number":"0","override_like_counter":"0","like_counter_number":"0","override_dislike_counter":"0","dislike_counter_number":"0"},"_joinchat":[],"footnotes":""},"categories":[27],"tags":[],"class_list":["post-2361","post","type-post","status-publish","format-standard","has-post-thumbnail","hentry","category-local"],"_links":{"self":[{"href":"https:\/\/tribunavm.com.ar\/index.php\/wp-json\/wp\/v2\/posts\/2361"}],"collection":[{"href":"https:\/\/tribunavm.com.ar\/index.php\/wp-json\/wp\/v2\/posts"}],"about":[{"href":"https:\/\/tribunavm.com.ar\/index.php\/wp-json\/wp\/v2\/types\/post"}],"author":[{"embeddable":true,"href":"https:\/\/tribunavm.com.ar\/index.php\/wp-json\/wp\/v2\/users\/2"}],"replies":[{"embeddable":true,"href":"https:\/\/tribunavm.com.ar\/index.php\/wp-json\/wp\/v2\/comments?post=2361"}],"version-history":[{"count":1,"href":"https:\/\/tribunavm.com.ar\/index.php\/wp-json\/wp\/v2\/posts\/2361\/revisions"}],"predecessor-version":[{"id":2364,"href":"https:\/\/tribunavm.com.ar\/index.php\/wp-json\/wp\/v2\/posts\/2361\/revisions\/2364"}],"wp:featuredmedia":[{"embeddable":true,"href":"https:\/\/tribunavm.com.ar\/index.php\/wp-json\/wp\/v2\/media\/2363"}],"wp:attachment":[{"href":"https:\/\/tribunavm.com.ar\/index.php\/wp-json\/wp\/v2\/media?parent=2361"}],"wp:term":[{"taxonomy":"category","embeddable":true,"href":"https:\/\/tribunavm.com.ar\/index.php\/wp-json\/wp\/v2\/categories?post=2361"},{"taxonomy":"post_tag","embeddable":true,"href":"https:\/\/tribunavm.com.ar\/index.php\/wp-json\/wp\/v2\/tags?post=2361"}],"curies":[{"name":"wp","href":"https:\/\/api.w.org\/{rel}","templated":true}]}}