{"id":2500,"date":"2020-12-02T22:06:15","date_gmt":"2020-12-02T22:06:15","guid":{"rendered":"https:\/\/tribunavm.com.ar\/?p=2500"},"modified":"2020-12-02T22:06:15","modified_gmt":"2020-12-02T22:06:15","slug":"huelga-nacional-paro-a-las-agroexportaciones","status":"publish","type":"post","link":"https:\/\/tribunavm.com.ar\/index.php\/2020\/12\/02\/huelga-nacional-paro-a-las-agroexportaciones\/","title":{"rendered":"Huelga nacional: paro a las agroexportaciones"},"content":{"rendered":"<div class=\"row clearfix\">\n<div class=\"col-md-8\">\n<p><span style=\"color: #212121; font-size: 1.5em; letter-spacing: -0.01em;\">Trabajadores aceiteros y recibidores de granos realizaron una medida de fuerza conjunta el d\u00eda de ayer. Tras varias instancias de negociaci\u00f3n, las c\u00e1maras empresariales no respondieron a la petici\u00f3n de los gremios del sector.<\/span><\/p>\n<p><span style=\"font-weight: 400;\"><span class=\"dropcap \" style=\"background-color: #ffffff; color: #e5a029; border-color: #ffffff;\">L<\/span>a Uni\u00f3n Recibidores de Granos y Anexos de la Rep\u00fablica Argentina (URGARA) y la Federaci\u00f3n de Trabajadores del Complejo Industrial Oleaginoso, Desmotadores de Algod\u00f3n y Afines de la Rep\u00fablica Argentina (FTCIODyARA) <strong>pararon su actividad el d\u00eda de ayer hasta hoy a las 6am<\/strong>.<\/span><\/p>\n<p><img loading=\"lazy\" decoding=\"async\" class=\"aligncenter size-full wp-image-2501\" src=\"https:\/\/tribunavm.com.ar\/wp-content\/uploads\/2020\/12\/Huelga-nacional.jpg\" alt=\"\" width=\"640\" height=\"360\" srcset=\"https:\/\/tribunavm.com.ar\/wp-content\/uploads\/2020\/12\/Huelga-nacional.jpg 640w, https:\/\/tribunavm.com.ar\/wp-content\/uploads\/2020\/12\/Huelga-nacional-300x169.jpg 300w\" sizes=\"(max-width: 640px) 100vw, 640px\" \/><\/p>\n<p><span style=\"font-weight: 400;\">Los dos sindicatos denuncian que las c\u00e1maras empresariales, entre ellas CIARA (C\u00e1mara de la Industria Aceitera de la Rep\u00fablica Argentina), CEC (Centro Exportador de Cereales), C\u00e1mara de Puertos Privados Comerciales (CPPC), entre otras, no llevaron propuestas a la reuni\u00f3n paritaria, agregado a que llevan meses sin cumplir con los acuerdos anteriores.<\/span><\/p>\n<p><span style=\"color: #ff9900;\"><b>Ganancias del sector<\/b><\/span><\/p>\n<p><span style=\"font-weight: 400;\">En el comunicado difundido por los gremios dice que \u201cestas mismas empresas que entre enero y octubre del a\u00f1o 2020 <strong>duplicaron su facturaci\u00f3n en pesos gracias a la devaluaci\u00f3n y al importante incremento del precio internacional de la soja, son las mismas que llevaron una y otra vez la negociaci\u00f3n paritaria al fracaso<\/strong>, mientras se contin\u00faa deteriorando el salario de los trabajadores\u201d.<\/span><\/p>\n<blockquote><p><b>Ver: <a href=\"https:\/\/tribunavm.com.ar\/index.php\/2020\/03\/30\/las-ganancias-no-cumplen-cuarentena\/\"><span style=\"color: #ff9900;\">Las ganancias no cumplen cuarentena<\/span><\/a><\/b><\/p><\/blockquote>\n<p><span style=\"font-weight: 400;\">La C\u00e1mara de la Industria Aceitera de la Rep\u00fablica Argentina (CIARA) y el Centro de Exportadores de Cereales (CEC), entidades que representan el 40% de las exportaciones argentinas, publicaron un informe sobre la liquidaci\u00f3n del sector.<\/span><\/p>\n<p><span style=\"font-weight: 400;\">En el mismo dice que durante <strong>el \u00faltimo mes de noviembre las empresas del sector liquidaron la suma de 1.734.293.026 d\u00f3lares, que representa un 1,094 % con respecto al mes anterior. A su vez, el monto liquidado desde comienzos de a\u00f1o asciende a 18.583.581.963 d\u00f3lares<\/strong>.<\/span><\/p>\n<p><img loading=\"lazy\" decoding=\"async\" class=\"aligncenter size-full wp-image-2502\" src=\"https:\/\/tribunavm.com.ar\/wp-content\/uploads\/2020\/12\/ACEITEROS-ROSARIO.jpg\" alt=\"\" width=\"1280\" height=\"960\" srcset=\"https:\/\/tribunavm.com.ar\/wp-content\/uploads\/2020\/12\/ACEITEROS-ROSARIO.jpg 1280w, https:\/\/tribunavm.com.ar\/wp-content\/uploads\/2020\/12\/ACEITEROS-ROSARIO-300x225.jpg 300w, https:\/\/tribunavm.com.ar\/wp-content\/uploads\/2020\/12\/ACEITEROS-ROSARIO-1024x768.jpg 1024w, https:\/\/tribunavm.com.ar\/wp-content\/uploads\/2020\/12\/ACEITEROS-ROSARIO-768x576.jpg 768w, https:\/\/tribunavm.com.ar\/wp-content\/uploads\/2020\/12\/ACEITEROS-ROSARIO-750x563.jpg 750w, https:\/\/tribunavm.com.ar\/wp-content\/uploads\/2020\/12\/ACEITEROS-ROSARIO-1140x855.jpg 1140w\" sizes=\"(max-width: 1280px) 100vw, 1280px\" \/><\/p>\n<p><span style=\"font-weight: 400;\">Seg\u00fan el informe, el principal producto de exportaci\u00f3n del pa\u00eds es la harina de soja (13,5 % del total), que es un subproducto industrializado generado por este complejo agroindustrial, que tiene actualmente una elevada capacidad ociosa cercana al 50%.<\/span><\/p>\n<p><span style=\"font-weight: 400;\">Adem\u00e1s, otro de los sectores que negocian paritarias a trav\u00e9s de la C\u00e1mara Argentina de Biocombustibles (CARBIO), <strong>cuenta con 37 f\u00e1bricas en el pa\u00eds y en el a\u00f1o 2016 gener\u00f3 divisas por U$S 1.175 millones<\/strong>.<\/span><\/p>\n<p><span style=\"color: #ff9900;\"><b>Contundencia de la medida<\/b><\/span><\/p>\n<p><span style=\"font-weight: 400;\">Clar\u00edn inform\u00f3 que se encontraban en los puertos 28 barcos cargando ma\u00edz, trigo, harina y aceite de soja y Malta al momento de la medida de fuerza que, seg\u00fan el comunicado conjunto de los sindicatos, \u201ccont\u00f3 con altos \u00edndices de acatamiento lo que demuestra que los trabajadores comprenden cu\u00e1l es nuestra lucha y la apoyan completamente.<\/span><\/p>\n<p><img loading=\"lazy\" decoding=\"async\" class=\"aligncenter size-full wp-image-2503\" src=\"https:\/\/tribunavm.com.ar\/wp-content\/uploads\/2020\/12\/ACEITEROS.jpg\" alt=\"\" width=\"1152\" height=\"864\" srcset=\"https:\/\/tribunavm.com.ar\/wp-content\/uploads\/2020\/12\/ACEITEROS.jpg 1152w, https:\/\/tribunavm.com.ar\/wp-content\/uploads\/2020\/12\/ACEITEROS-300x225.jpg 300w, https:\/\/tribunavm.com.ar\/wp-content\/uploads\/2020\/12\/ACEITEROS-1024x768.jpg 1024w, https:\/\/tribunavm.com.ar\/wp-content\/uploads\/2020\/12\/ACEITEROS-768x576.jpg 768w, https:\/\/tribunavm.com.ar\/wp-content\/uploads\/2020\/12\/ACEITEROS-750x563.jpg 750w, https:\/\/tribunavm.com.ar\/wp-content\/uploads\/2020\/12\/ACEITEROS-1140x855.jpg 1140w\" sizes=\"(max-width: 1152px) 100vw, 1152px\" \/><\/p>\n<p><span style=\"font-weight: 400;\">Cabe destacar que los trabajadores del sector vienen reclamando estos puntos desde hace varias semanas, en la que el Ministerio de Trabajo de la Naci\u00f3n ya dict\u00f3 por segunda vez consecutiva conciliaci\u00f3n obligatoria.<\/span><\/p>\n<p><span style=\"font-weight: 400;\">\u201c<strong>Seguimos en estado de alerta y movilizaci\u00f3n y continuaremos con quite de colaboraciones y estado de asamblea permanente en todas las terminales portuarias hasta que los empresarios reconozcan la validez de nuestros reclamos y presenten una oferta que pueda ser evaluada<\/strong>\u201d, concluy\u00f3 el comunicado.<\/span><\/p>\n<\/div>\n<div class=\"col-md-3\">\n<p>&nbsp;<\/p>\n<\/div>\n<\/div>\n","protected":false},"excerpt":{"rendered":"<p>Trabajadores aceiteros y recibidores de granos realizaron una medida de fuerza conjunta el d\u00eda de ayer. Tras varias instancias de negociaci\u00f3n, las c\u00e1maras empresariales no respondieron a la petici\u00f3n de los gremios del sector. La Uni\u00f3n Recibidores de Granos y Anexos de la Rep\u00fablica Argentina (URGARA) y la Federaci\u00f3n de Trabajadores del Complejo Industrial Oleaginoso, [&hellip;]<\/p>\n","protected":false},"author":2,"featured_media":2504,"comment_status":"open","ping_status":"open","sticky":false,"template":"","format":"standard","meta":{"_exactmetrics_skip_tracking":false,"_exactmetrics_sitenote_active":false,"_exactmetrics_sitenote_note":"","_exactmetrics_sitenote_category":0,"jnews-multi-image_gallery":[],"jnews_single_post":{"source_name":"","source_url":"","via_name":"","via_url":"","override_template":"0","override":[{"template":"1","single_blog_custom":"","parallax":"1","fullscreen":"0","layout":"right-sidebar","sidebar":"default-sidebar","second_sidebar":"default-sidebar","sticky_sidebar":"1","share_position":"top","share_float_style":"share-monocrhome","show_share_counter":"1","show_view_counter":"1","show_featured":"1","show_post_meta":"1","show_post_author":"1","show_post_author_image":"1","show_post_date":"1","post_date_format":"default","post_date_format_custom":"Y\/m\/d","show_post_category":"1","show_post_reading_time":"0","post_reading_time_wpm":"300","show_zoom_button":"0","zoom_button_out_step":"2","zoom_button_in_step":"3","show_post_tag":"1","show_prev_next_post":"1","show_popup_post":"1","number_popup_post":"1","show_author_box":"0","show_post_related":"0","show_inline_post_related":"0"}],"override_image_size":"0","image_override":[{"single_post_thumbnail_size":"crop-500","single_post_gallery_size":"crop-500"}],"trending_post":"0","trending_post_position":"meta","trending_post_label":"Trending","sponsored_post":"0","sponsored_post_label":"Sponsored by","sponsored_post_name":"","sponsored_post_url":"","sponsored_post_logo_enable":"0","sponsored_post_logo":"","sponsored_post_desc":""},"jnews_primary_category":{"id":"22"},"jnews_social_meta":{"fb_title":"","fb_description":"","fb_image":"","twitter_title":"","twitter_description":"","twitter_image":""},"jnews_override_counter":{"override_view_counter":"0","view_counter_number":"0","override_share_counter":"0","share_counter_number":"0","override_like_counter":"0","like_counter_number":"0","override_dislike_counter":"0","dislike_counter_number":"0"},"_joinchat":[],"footnotes":""},"categories":[22],"tags":[41,122,72,42,97,36,35],"class_list":["post-2500","post","type-post","status-publish","format-standard","has-post-thumbnail","hentry","category-actualidad","tag-agro","tag-edicion-41","tag-edicion-digital","tag-industria","tag-puertos","tag-que-paso","tag-trabajadores"],"_links":{"self":[{"href":"https:\/\/tribunavm.com.ar\/index.php\/wp-json\/wp\/v2\/posts\/2500"}],"collection":[{"href":"https:\/\/tribunavm.com.ar\/index.php\/wp-json\/wp\/v2\/posts"}],"about":[{"href":"https:\/\/tribunavm.com.ar\/index.php\/wp-json\/wp\/v2\/types\/post"}],"author":[{"embeddable":true,"href":"https:\/\/tribunavm.com.ar\/index.php\/wp-json\/wp\/v2\/users\/2"}],"replies":[{"embeddable":true,"href":"https:\/\/tribunavm.com.ar\/index.php\/wp-json\/wp\/v2\/comments?post=2500"}],"version-history":[{"count":1,"href":"https:\/\/tribunavm.com.ar\/index.php\/wp-json\/wp\/v2\/posts\/2500\/revisions"}],"predecessor-version":[{"id":2505,"href":"https:\/\/tribunavm.com.ar\/index.php\/wp-json\/wp\/v2\/posts\/2500\/revisions\/2505"}],"wp:featuredmedia":[{"embeddable":true,"href":"https:\/\/tribunavm.com.ar\/index.php\/wp-json\/wp\/v2\/media\/2504"}],"wp:attachment":[{"href":"https:\/\/tribunavm.com.ar\/index.php\/wp-json\/wp\/v2\/media?parent=2500"}],"wp:term":[{"taxonomy":"category","embeddable":true,"href":"https:\/\/tribunavm.com.ar\/index.php\/wp-json\/wp\/v2\/categories?post=2500"},{"taxonomy":"post_tag","embeddable":true,"href":"https:\/\/tribunavm.com.ar\/index.php\/wp-json\/wp\/v2\/tags?post=2500"}],"curies":[{"name":"wp","href":"https:\/\/api.w.org\/{rel}","templated":true}]}}