{"id":2519,"date":"2020-12-04T16:09:14","date_gmt":"2020-12-04T16:09:14","guid":{"rendered":"https:\/\/tribunavm.com.ar\/?p=2519"},"modified":"2020-12-04T16:10:31","modified_gmt":"2020-12-04T16:10:31","slug":"otro-golpe-a-la-educacion-publica","status":"publish","type":"post","link":"https:\/\/tribunavm.com.ar\/index.php\/2020\/12\/04\/otro-golpe-a-la-educacion-publica\/","title":{"rendered":"Otro golpe a la educaci\u00f3n p\u00fablica"},"content":{"rendered":"<div class=\"row clearfix\">\n<div class=\"col-md-8\">\n<p><span style=\"color: #212121; font-size: 1.5em; letter-spacing: -0.01em;\">A trav\u00e9s de un memorandum, el Gobierno de C\u00f3rdoba anunci\u00f3 que la apertura de las carreras de Nivel Superior en el ciclo lectivo 2021 exigir\u00e1 una matr\u00edcula m\u00ednima de 30 estudiantes, de lo contrario no se abrir\u00e1n las cohortes.<\/span><\/p>\n<p><span style=\"font-weight: 400;\"><span class=\"dropcap \" style=\"background-color: #ffffff; color: #dd9933; border-color: #ffffff;\">E<\/span>l anuncio gener\u00f3 una profunda incertidumbre de un nutrido grupo de docentes autoconvocados de toda la provincia que se reunieron en asamblea para analizar la situaci\u00f3n y resolvieron acciones para visibilizar el reclamo: <strong>caravanas en las ciudades del interior y una movilizaci\u00f3n en la ciudad de C\u00f3rdoba.<\/strong><\/span><\/p>\n<p><img loading=\"lazy\" decoding=\"async\" class=\"aligncenter wp-image-2520 size-jnews-featured-750\" src=\"https:\/\/tribunavm.com.ar\/wp-content\/uploads\/2020\/12\/34c60893-97ff-48e1-926f-96369561d757-750x735.jpg\" alt=\"\" width=\"750\" height=\"735\" srcset=\"https:\/\/tribunavm.com.ar\/wp-content\/uploads\/2020\/12\/34c60893-97ff-48e1-926f-96369561d757-750x735.jpg 750w, https:\/\/tribunavm.com.ar\/wp-content\/uploads\/2020\/12\/34c60893-97ff-48e1-926f-96369561d757-300x294.jpg 300w, https:\/\/tribunavm.com.ar\/wp-content\/uploads\/2020\/12\/34c60893-97ff-48e1-926f-96369561d757-1024x1004.jpg 1024w, https:\/\/tribunavm.com.ar\/wp-content\/uploads\/2020\/12\/34c60893-97ff-48e1-926f-96369561d757-768x753.jpg 768w, https:\/\/tribunavm.com.ar\/wp-content\/uploads\/2020\/12\/34c60893-97ff-48e1-926f-96369561d757-75x75.jpg 75w, https:\/\/tribunavm.com.ar\/wp-content\/uploads\/2020\/12\/34c60893-97ff-48e1-926f-96369561d757.jpg 1080w\" sizes=\"(max-width: 750px) 100vw, 750px\" \/><\/p>\n<p><span style=\"font-weight: 400;\">Por su parte, la <strong>Uni\u00f3n de Educadores de la Provincia de C\u00f3rdoba (UEPC)<\/strong>, a trav\u00e9s de un comunicado firmado por el Secretario General Juan Monserrat (Secretario General); Oscar Ruibal (Secretario de Coordinaci\u00f3n Gremial) y Mar\u00eda del Carmen Moyano (Secretaria Gremial de Nivel Superior y UPC), calific\u00f3 la medida de \u201cinoportuna y descontextualizada\u201d y exigi\u00f3 que se deje sin efecto la matr\u00edcula m\u00ednima y se considere otros aspectos problem\u00e1ticos como el transporte y los espacios f\u00edsicos.<\/span><\/p>\n<p><span style=\"font-weight: 400;\">Sandra Lario, docente que participa en el <strong>Colectivo de Educadorxs desde el Sur<\/strong>, coment\u00f3 a <strong>Tribuna<\/strong> que \u201cla situaci\u00f3n de poner el piso implica decir que no se van a abrir carreras en muchos lugares, hay muchas instituciones que no llegan ni a 20 estudiantes. \u00bfEl derecho a la educaci\u00f3n viene dado por este piso?. Estas carreras son una posibilidad para las comunidades donde se radican, no da lo mismo tener o no tenerlas, no solo por lo que implica para los docentes sino para el lugar que tiene educaci\u00f3n superior en la sociedad\u201d.<\/span><\/p>\n<p><span style=\"font-weight: 400;\">De esta manera se profundiza a\u00fan m\u00e1s el dif\u00edcil contexto que atraviesa la educaci\u00f3n, donde docentes y estudiantes afrontaron a lo largo del a\u00f1o adversas condiciones de desigualdad, precarizaci\u00f3n y acceso que implic\u00f3 la modalidad virtual, sumando adem\u00e1s el <\/span><span style=\"color: #ff9900;\"><a style=\"color: #ff9900;\" href=\"https:\/\/tribunavm.com.ar\/index.php\/2020\/05\/21\/entre-gallos-y-medianoche-schiaretti-recorta-jubilaciones-provinciales\/\"><span style=\"font-weight: 400;\">recorte de los haberes jubilatorios<\/span><\/a><\/span><span style=\"font-weight: 400;\">.<\/span><\/p>\n<p><span style=\"font-weight: 400;\">\u201cEn pandemia se ha avanzado con una serie de recortes que profundizan un vaciamiento que ya viene de hace varios a\u00f1os, cerraron paritarias a la baja, reformaron las jubilaciones, y ahora impulsan una reforma al estatuto docente que promueve concursos con requisitos de trayectos pedag\u00f3gicos a los que los mismos docentes no tienen acceso. De esta manera, <strong>el Estado no est\u00e1 garantizando la profesionalizaci\u00f3n de los docentes, y usa esa falta de profesionalizaci\u00f3n para precarizarnos\u201d<\/strong>, concluy\u00f3 la docente. <\/span><\/p>\n<p style=\"text-align: center;\"><span style=\"font-weight: 400;\"> <a href=\"https:\/\/tribunavm.com.ar\/wp-content\/uploads\/2020\/12\/MEMO_CONJUNTO_03-2020-Sobre-la-inscripcion-de-ingresantes-para-Nivel-Superior-1.pdf\" class=\"pdfemb-viewer\" style=\"width:600px;height:900px;\" data-width=\"600\" data-height=\"900\" data-toolbar=\"bottom\" data-toolbar-fixed=\"off\">MEMO_CONJUNTO_03-2020- Sobre la inscripci\u00f3n de ingresantes para Nivel Superior<\/a><\/span><\/p>\n<p>&nbsp;<\/p>\n<\/div>\n<\/div>\n","protected":false},"excerpt":{"rendered":"<p>A trav\u00e9s de un memorandum, el Gobierno de C\u00f3rdoba anunci\u00f3 que la apertura de las carreras de Nivel Superior en el ciclo lectivo 2021 exigir\u00e1 una matr\u00edcula m\u00ednima de 30 estudiantes, de lo contrario no se abrir\u00e1n las cohortes. El anuncio gener\u00f3 una profunda incertidumbre de un nutrido grupo de docentes autoconvocados de toda la [&hellip;]<\/p>\n","protected":false},"author":2,"featured_media":2522,"comment_status":"open","ping_status":"open","sticky":false,"template":"","format":"standard","meta":{"_exactmetrics_skip_tracking":false,"_exactmetrics_sitenote_active":false,"_exactmetrics_sitenote_note":"","_exactmetrics_sitenote_category":0,"jnews-multi-image_gallery":[],"jnews_single_post":{"source_name":"","source_url":"","via_name":"","via_url":"","override_template":"0","override":[{"template":"1","single_blog_custom":"","parallax":"1","fullscreen":"0","layout":"right-sidebar","sidebar":"default-sidebar","second_sidebar":"default-sidebar","sticky_sidebar":"1","share_position":"top","share_float_style":"share-monocrhome","show_share_counter":"1","show_view_counter":"1","show_featured":"1","show_post_meta":"1","show_post_author":"1","show_post_author_image":"1","show_post_date":"1","post_date_format":"default","post_date_format_custom":"Y\/m\/d","show_post_category":"1","show_post_reading_time":"0","post_reading_time_wpm":"300","show_zoom_button":"0","zoom_button_out_step":"2","zoom_button_in_step":"3","show_post_tag":"1","show_prev_next_post":"1","show_popup_post":"1","number_popup_post":"1","show_author_box":"0","show_post_related":"0","show_inline_post_related":"0"}],"override_image_size":"0","image_override":[{"single_post_thumbnail_size":"crop-500","single_post_gallery_size":"crop-500"}],"trending_post":"0","trending_post_position":"meta","trending_post_label":"Trending","sponsored_post":"0","sponsored_post_label":"Sponsored by","sponsored_post_name":"","sponsored_post_url":"","sponsored_post_logo_enable":"0","sponsored_post_logo":"","sponsored_post_desc":""},"jnews_primary_category":{"id":""},"jnews_social_meta":{"fb_title":"","fb_description":"","fb_image":"","twitter_title":"","twitter_description":"","twitter_image":""},"jnews_override_counter":{"override_view_counter":"0","view_counter_number":"0","override_share_counter":"0","share_counter_number":"0","override_like_counter":"0","like_counter_number":"0","override_dislike_counter":"0","dislike_counter_number":"0"},"_joinchat":[],"footnotes":""},"categories":[22],"tags":[122,50,39,35],"class_list":["post-2519","post","type-post","status-publish","format-standard","has-post-thumbnail","hentry","category-actualidad","tag-edicion-41","tag-educacion","tag-gobierno","tag-trabajadores"],"_links":{"self":[{"href":"https:\/\/tribunavm.com.ar\/index.php\/wp-json\/wp\/v2\/posts\/2519"}],"collection":[{"href":"https:\/\/tribunavm.com.ar\/index.php\/wp-json\/wp\/v2\/posts"}],"about":[{"href":"https:\/\/tribunavm.com.ar\/index.php\/wp-json\/wp\/v2\/types\/post"}],"author":[{"embeddable":true,"href":"https:\/\/tribunavm.com.ar\/index.php\/wp-json\/wp\/v2\/users\/2"}],"replies":[{"embeddable":true,"href":"https:\/\/tribunavm.com.ar\/index.php\/wp-json\/wp\/v2\/comments?post=2519"}],"version-history":[{"count":3,"href":"https:\/\/tribunavm.com.ar\/index.php\/wp-json\/wp\/v2\/posts\/2519\/revisions"}],"predecessor-version":[{"id":2526,"href":"https:\/\/tribunavm.com.ar\/index.php\/wp-json\/wp\/v2\/posts\/2519\/revisions\/2526"}],"wp:featuredmedia":[{"embeddable":true,"href":"https:\/\/tribunavm.com.ar\/index.php\/wp-json\/wp\/v2\/media\/2522"}],"wp:attachment":[{"href":"https:\/\/tribunavm.com.ar\/index.php\/wp-json\/wp\/v2\/media?parent=2519"}],"wp:term":[{"taxonomy":"category","embeddable":true,"href":"https:\/\/tribunavm.com.ar\/index.php\/wp-json\/wp\/v2\/categories?post=2519"},{"taxonomy":"post_tag","embeddable":true,"href":"https:\/\/tribunavm.com.ar\/index.php\/wp-json\/wp\/v2\/tags?post=2519"}],"curies":[{"name":"wp","href":"https:\/\/api.w.org\/{rel}","templated":true}]}}