{"id":2649,"date":"2021-03-09T19:24:48","date_gmt":"2021-03-09T19:24:48","guid":{"rendered":"https:\/\/tribunavm.com.ar\/?p=2649"},"modified":"2021-03-09T19:50:50","modified_gmt":"2021-03-09T19:50:50","slug":"la-coopi-en-pie-de-lucha","status":"publish","type":"post","link":"https:\/\/tribunavm.com.ar\/index.php\/2021\/03\/09\/la-coopi-en-pie-de-lucha\/","title":{"rendered":"La Coopi en pie de lucha"},"content":{"rendered":"<div class=\"row clearfix\">\n<div class=\"col-md-8\">\n<p><span style=\"color: #212121; font-size: 1.5em; letter-spacing: -0.01em;\">Los trabajadores de la Coopi, en conflicto abierto con la Municipalidad de Carlos Paz, afrontan d\u00edas decisivos en la definici\u00f3n del futuro de la cooperativa.<\/span><\/p>\n<p><span style=\"font-weight: 400;\"><span class=\"dropcap \" style=\"background-color: #ffffff; color: #dd9933; border-color: #ffffff;\">L<\/span>a Cooperativa Integral Regional, conocida como la Coopi, es la responsable desde 1963 hasta la actualidad de prestar servicios p\u00fablicos a la comunidad en Villa Carlos Paz como agua, cloacas, gas, telecomunicaciones y actividades como banco de sangre y una radio.<\/span><\/p>\n<p><span style=\"font-weight: 400;\">Integrada por m\u00e1s de 400 trabajadores, desde 2009, ante el vencimiento y la negativa de la Municipalidad de renovar la prestaci\u00f3n del servicio del agua, la cooperativa se encuentra en un estado de alerta por sus fuentes de trabajo.<\/span><\/p>\n<p><span style=\"font-weight: 400;\">El conflicto lleg\u00f3 al Tribunal Superior de Justicia de la provincia y despu\u00e9s a la Corte Suprema de Naci\u00f3n, donde determinaron que <strong>la potestad de la prestaci\u00f3n del servicio est\u00e1 en manos del gobierno local<\/strong>.\u00a0<\/span><\/p>\n<p><span style=\"font-weight: 400;\">La decisi\u00f3n del intendente Daniel G\u00f3mez Gesteira, que dispuso por decreto la fecha del 26 de febrero para la toma del servicio, fue el desencadenante de fuertes movilizaciones de los trabajadores de la Coopi durante el mes de febrero: cortes de calle, asambleas participativas y hasta un encadenamiento a la Legislatura provincial en busca de respuestas, acompa\u00f1ados y apoyados por Sipos (Sindicato del Personal de Obras Sanitarias), la CGT Regional C\u00f3rdoba, la CGT Rodr\u00edguez Pe\u00f1a, la CTA Aut\u00f3noma, la CTA de los Trabajadores y ATE.<\/span><\/p>\n<p><span style=\"font-weight: 400;\">Tras varias audiencias y negociaciones, el ministro de Trabajo de C\u00f3rdoba, <strong>Omar Sereno<\/strong>, firm\u00f3 una \u201cf\u00f3rmula propositiva laudatoria\u201d para <strong>la absorci\u00f3n directa del personal afectado al servicio de agua potable de la cooperativa por parte del municipio<\/strong>, efectivizando el traspaso del servicio.<\/span><\/p>\n<p><span style=\"font-weight: 400;\">En esta resoluci\u00f3n, el Ministerio solo reconoce una n\u00f3mina de 118 trabajadores, que son los que integraban la rama del servicio de la cooperativa en 2018, <strong>dejando afuera sin justificaci\u00f3n alguna a 46 trabajadores<\/strong> que desarrollan sus tareas desde el 2019 a la actualidad.<\/span><\/p>\n<p><span style=\"font-weight: 400;\">Por su parte, la Municipalidad determin\u00f3 que, de esa n\u00f3mina de 118 trabajadores solo 94 ser\u00edan los trabajadores necesarios para la provisi\u00f3n del servicio, sumando a 8 trabajadores del servicio de cloacas, y dejando a 16 trabajadores \u201csujetos a revisi\u00f3n\u201d.\u00a0<\/span><\/p>\n<p><span style=\"font-weight: 400;\">Carolina Vidal, trabajadora de la Coopi, en di\u00e1logo con Tribuna expres\u00f3 su desacuerdo &#8220;con la resoluci\u00f3n&#8221; ya que &#8220;no es ning\u00fan logro porque no garantiza la continuidad laboral de todos los trabajadores afectados al servicio de agua, que en octubre lleg\u00f3 a 174\u201d.<\/span><\/p>\n<p><span style=\"font-weight: 400;\">La trabajadora a\u00f1adi\u00f3 que, de perder el servicio del agua, la cooperativa entrar\u00eda en una <\/span><b>situaci\u00f3n econ\u00f3mica y financiera insostenible<\/b><span style=\"font-weight: 400;\"> que la llevar\u00eda a un <\/span><b>\u201cproceso de desaparici\u00f3n\u201d <\/b><span style=\"font-weight: 400;\">en el corto plazo. \u201cLa cooperativa sin el servicio de agua no puede sostener la estructura que hoy tiene precisamente por tener el servicio de agua\u201d, a\u00f1adi\u00f3.<\/span><\/p>\n<p><span style=\"font-weight: 400;\">Por el momento, la Coopi logr\u00f3 frenar la toma efectiva del servicio, tras un fallo de suspensi\u00f3n de la C\u00e1mara Contencioso Administrativa de 2\u00b0 Nominaci\u00f3n de C\u00f3rdoba. Sin embargo, la incertidumbre y la lucha de los trabajadores sigue en pie.<\/span><\/p>\n<\/div>\n<\/div>\n","protected":false},"excerpt":{"rendered":"<p>Los trabajadores de la Coopi, en conflicto abierto con la Municipalidad de Carlos Paz, afrontan d\u00edas decisivos en la definici\u00f3n del futuro de la cooperativa. La Cooperativa Integral Regional, conocida como la Coopi, es la responsable desde 1963 hasta la actualidad de prestar servicios p\u00fablicos a la comunidad en Villa Carlos Paz como agua, cloacas, [&hellip;]<\/p>\n","protected":false},"author":2,"featured_media":2650,"comment_status":"open","ping_status":"open","sticky":false,"template":"","format":"standard","meta":{"_exactmetrics_skip_tracking":false,"_exactmetrics_sitenote_active":false,"_exactmetrics_sitenote_note":"","_exactmetrics_sitenote_category":0,"jnews-multi-image_gallery":[],"jnews_single_post":{"source_name":"","source_url":"","via_name":"","via_url":"","override_template":"0","override":[{"template":"1","single_blog_custom":"","parallax":"1","fullscreen":"1","layout":"right-sidebar","sidebar":"default-sidebar","second_sidebar":"default-sidebar","sticky_sidebar":"1","share_position":"top","share_float_style":"share-monocrhome","show_share_counter":"1","show_view_counter":"1","show_featured":"1","show_post_meta":"1","show_post_author":"1","show_post_author_image":"1","show_post_date":"1","post_date_format":"default","post_date_format_custom":"Y\/m\/d","show_post_category":"1","show_post_reading_time":"0","post_reading_time_wpm":"300","show_zoom_button":"0","zoom_button_out_step":"2","zoom_button_in_step":"3","show_post_tag":"1","show_prev_next_post":"1","show_popup_post":"1","number_popup_post":"1","show_author_box":"0","show_post_related":"0","show_inline_post_related":"0"}],"override_image_size":"0","image_override":[{"single_post_thumbnail_size":"crop-500","single_post_gallery_size":"crop-500"}],"trending_post":"0","trending_post_position":"meta","trending_post_label":"Trending","sponsored_post":"0","sponsored_post_label":"Sponsored by","sponsored_post_name":"","sponsored_post_url":"","sponsored_post_logo_enable":"0","sponsored_post_logo":"","sponsored_post_desc":""},"jnews_primary_category":{"id":""},"jnews_social_meta":{"fb_title":"","fb_description":"","fb_image":"","twitter_title":"","twitter_description":"","twitter_image":""},"jnews_override_counter":{"override_view_counter":"0","view_counter_number":"0","override_share_counter":"0","share_counter_number":"0","override_like_counter":"0","like_counter_number":"0","override_dislike_counter":"0","dislike_counter_number":"0"},"_joinchat":[],"footnotes":""},"categories":[22],"tags":[126,35],"class_list":["post-2649","post","type-post","status-publish","format-standard","has-post-thumbnail","hentry","category-actualidad","tag-edicion-43","tag-trabajadores"],"_links":{"self":[{"href":"https:\/\/tribunavm.com.ar\/index.php\/wp-json\/wp\/v2\/posts\/2649"}],"collection":[{"href":"https:\/\/tribunavm.com.ar\/index.php\/wp-json\/wp\/v2\/posts"}],"about":[{"href":"https:\/\/tribunavm.com.ar\/index.php\/wp-json\/wp\/v2\/types\/post"}],"author":[{"embeddable":true,"href":"https:\/\/tribunavm.com.ar\/index.php\/wp-json\/wp\/v2\/users\/2"}],"replies":[{"embeddable":true,"href":"https:\/\/tribunavm.com.ar\/index.php\/wp-json\/wp\/v2\/comments?post=2649"}],"version-history":[{"count":6,"href":"https:\/\/tribunavm.com.ar\/index.php\/wp-json\/wp\/v2\/posts\/2649\/revisions"}],"predecessor-version":[{"id":2656,"href":"https:\/\/tribunavm.com.ar\/index.php\/wp-json\/wp\/v2\/posts\/2649\/revisions\/2656"}],"wp:featuredmedia":[{"embeddable":true,"href":"https:\/\/tribunavm.com.ar\/index.php\/wp-json\/wp\/v2\/media\/2650"}],"wp:attachment":[{"href":"https:\/\/tribunavm.com.ar\/index.php\/wp-json\/wp\/v2\/media?parent=2649"}],"wp:term":[{"taxonomy":"category","embeddable":true,"href":"https:\/\/tribunavm.com.ar\/index.php\/wp-json\/wp\/v2\/categories?post=2649"},{"taxonomy":"post_tag","embeddable":true,"href":"https:\/\/tribunavm.com.ar\/index.php\/wp-json\/wp\/v2\/tags?post=2649"}],"curies":[{"name":"wp","href":"https:\/\/api.w.org\/{rel}","templated":true}]}}