{"id":2663,"date":"2021-03-12T23:04:07","date_gmt":"2021-03-12T23:04:07","guid":{"rendered":"https:\/\/tribunavm.com.ar\/?p=2663"},"modified":"2021-03-12T23:40:09","modified_gmt":"2021-03-12T23:40:09","slug":"caravana-por-salarios","status":"publish","type":"post","link":"https:\/\/tribunavm.com.ar\/index.php\/2021\/03\/12\/caravana-por-salarios\/","title":{"rendered":"Caravana por salarios"},"content":{"rendered":"<div class=\"row clearfix\">\n<div class=\"col-md-8\">\n<div class=\"intro-text\">\n<p><span style=\"font-weight: 400;\">La Confederaci\u00f3n General del Trabajo (CGT) Regional C\u00f3rdoba realiz\u00f3 una movilizaci\u00f3n hoy en la capital provincial en la que participaron gremios y delegados de toda la provincia.<\/span><\/p>\n<\/div>\n<p><span style=\"font-weight: 400;\"><span class=\"dropcap \" style=\"background-color: #ffffff; color: #dd9933; border-color: #ffffff;\">H<\/span>oy a las 12hs en C\u00f3rdoba Capital comenz\u00f3 la caravana de autom\u00f3viles organizada por la CGT Regional C\u00f3rdoba. Para la convocatoria publicaron un comunicado con la consigna \u201cEl salario real debe crecer\u201d en el que explicita que \u201cla p\u00e9rdida del poder adquisitivo de los salarios en nuestro pa\u00eds es alarmante\u201d.<\/span><\/p>\n<p><img loading=\"lazy\" decoding=\"async\" class=\"aligncenter size-full wp-image-2664\" src=\"https:\/\/tribunavm.com.ar\/wp-content\/uploads\/2021\/03\/WhatsApp-Image-2021-03-09-at-12.35.30.jpeg\" alt=\"\" width=\"1080\" height=\"1227\" srcset=\"https:\/\/tribunavm.com.ar\/wp-content\/uploads\/2021\/03\/WhatsApp-Image-2021-03-09-at-12.35.30.jpeg 1080w, https:\/\/tribunavm.com.ar\/wp-content\/uploads\/2021\/03\/WhatsApp-Image-2021-03-09-at-12.35.30-264x300.jpeg 264w, https:\/\/tribunavm.com.ar\/wp-content\/uploads\/2021\/03\/WhatsApp-Image-2021-03-09-at-12.35.30-901x1024.jpeg 901w, https:\/\/tribunavm.com.ar\/wp-content\/uploads\/2021\/03\/WhatsApp-Image-2021-03-09-at-12.35.30-768x873.jpeg 768w, https:\/\/tribunavm.com.ar\/wp-content\/uploads\/2021\/03\/WhatsApp-Image-2021-03-09-at-12.35.30-750x852.jpeg 750w\" sizes=\"(max-width: 1080px) 100vw, 1080px\" \/><\/p>\n<p><span style=\"font-weight: 400;\">En el documento de la central se aclara que \u201clos salarios no son responsables de la inflaci\u00f3n\u201d y que \u201cdesde los sectores concentrados de la econom\u00eda y formadores de precio\u201d siempre se ha buscado instalar esa idea.<\/span><\/p>\n<p><span style=\"font-weight: 400;\">Adem\u00e1s, la Central denuncia el \u201cfestival de precios\u201d en el que entraron las \u201ccadenas de comercializaci\u00f3n\u201d que \u201cse encargan de generar una distorsi\u00f3n que ataca al consumidor y beneficia claramente la especulaci\u00f3n\u201d.<\/span><\/p>\n<p><span style=\"font-weight: 400;\">La marcha comenz\u00f3 en el CPC de avenida Col\u00f3n, y finaliz\u00f3 en el Centro C\u00edvico. All\u00ed, Jos\u00e9 Pih\u00e9n, del Sindicato de Empleados P\u00fablicos (SEP) y Juan Monserrat, de la Uni\u00f3n de Educadores de la Provincia (UEPC), leyeron el documento previamente publicado.<\/span><\/p>\n<p><span style=\"color: #ff9900;\"><b>Repercusi\u00f3n en la ciudad<\/b><\/span><\/p>\n<p><span style=\"font-weight: 400;\">Desde la CGT local publicaron un comunicado en sinton\u00eda con el reclamo de la Regional C\u00f3rdoba donde establecen que \u201cla defensa del salario es una prioridad\u201d y exigen \u201cparitarias sin techo\u201d.\u00a0<\/span><\/p>\n<p><img loading=\"lazy\" decoding=\"async\" class=\"aligncenter size-full wp-image-2665\" src=\"https:\/\/tribunavm.com.ar\/wp-content\/uploads\/2021\/03\/WhatsApp-Image-2021-03-11-at-23.45.23.jpeg\" alt=\"\" width=\"720\" height=\"1027\" srcset=\"https:\/\/tribunavm.com.ar\/wp-content\/uploads\/2021\/03\/WhatsApp-Image-2021-03-11-at-23.45.23.jpeg 720w, https:\/\/tribunavm.com.ar\/wp-content\/uploads\/2021\/03\/WhatsApp-Image-2021-03-11-at-23.45.23-210x300.jpeg 210w, https:\/\/tribunavm.com.ar\/wp-content\/uploads\/2021\/03\/WhatsApp-Image-2021-03-11-at-23.45.23-718x1024.jpeg 718w\" sizes=\"(max-width: 720px) 100vw, 720px\" \/><\/p>\n<p><span style=\"font-weight: 400;\">Tambi\u00e9n piden que el Estado participe activamente \u201cen defensa del consumidor y sus ingresos\u201d siendo este indispensable en la regulaci\u00f3n de la econom\u00eda \u201cen defensa del conjunto de la poblaci\u00f3n\u201d.\u00a0<\/span><\/p>\n<p><span style=\"font-weight: 400;\">El comunicado de la CGT local, publicado por su Consejo Directivo, concluye expresando su \u201ctotal apoyo al proyecto de modificaci\u00f3n del impuesto a las ganancias\u201d ya que \u201cmejorar\u00e1 de inmediato el salario de millones de trabajadores argentinos\u201d.\u00a0<\/span><\/p>\n<p><span style=\"font-weight: 400;\">La Seccional de Villa Mar\u00eda del Sindicato Regional de Luz y Fuerza partieron en una caravana de varios autos hacia la capital provincial. All\u00ed se movilizaron junto al resto de los gremios acompa\u00f1ando la medida.<\/span><\/p>\n<p><img loading=\"lazy\" decoding=\"async\" class=\"aligncenter size-full wp-image-2668\" src=\"https:\/\/tribunavm.com.ar\/wp-content\/uploads\/2021\/03\/DSC_5087.png\" alt=\"\" width=\"4608\" height=\"3072\" srcset=\"https:\/\/tribunavm.com.ar\/wp-content\/uploads\/2021\/03\/DSC_5087.png 4608w, https:\/\/tribunavm.com.ar\/wp-content\/uploads\/2021\/03\/DSC_5087-300x200.png 300w, https:\/\/tribunavm.com.ar\/wp-content\/uploads\/2021\/03\/DSC_5087-1024x683.png 1024w, https:\/\/tribunavm.com.ar\/wp-content\/uploads\/2021\/03\/DSC_5087-768x512.png 768w, https:\/\/tribunavm.com.ar\/wp-content\/uploads\/2021\/03\/DSC_5087-1536x1024.png 1536w, https:\/\/tribunavm.com.ar\/wp-content\/uploads\/2021\/03\/DSC_5087-2048x1365.png 2048w, https:\/\/tribunavm.com.ar\/wp-content\/uploads\/2021\/03\/DSC_5087-750x500.png 750w, https:\/\/tribunavm.com.ar\/wp-content\/uploads\/2021\/03\/DSC_5087-1140x760.png 1140w\" sizes=\"(max-width: 4608px) 100vw, 4608px\" \/><\/p>\n<\/div>\n<\/div>\n","protected":false},"excerpt":{"rendered":"<p>La Confederaci\u00f3n General del Trabajo (CGT) Regional C\u00f3rdoba realiz\u00f3 una movilizaci\u00f3n hoy en la capital provincial en la que participaron gremios y delegados de toda la provincia. Hoy a las 12hs en C\u00f3rdoba Capital comenz\u00f3 la caravana de autom\u00f3viles organizada por la CGT Regional C\u00f3rdoba. Para la convocatoria publicaron un comunicado con la consigna \u201cEl [&hellip;]<\/p>\n","protected":false},"author":2,"featured_media":2669,"comment_status":"open","ping_status":"open","sticky":false,"template":"","format":"standard","meta":{"_exactmetrics_skip_tracking":false,"_exactmetrics_sitenote_active":false,"_exactmetrics_sitenote_note":"","_exactmetrics_sitenote_category":0,"jnews-multi-image_gallery":[],"jnews_single_post":{"source_name":"","source_url":"","via_name":"","via_url":"","override_template":"0","override":[{"template":"1","single_blog_custom":"","parallax":"1","fullscreen":"1","layout":"right-sidebar","sidebar":"default-sidebar","second_sidebar":"default-sidebar","sticky_sidebar":"1","share_position":"top","share_float_style":"share-monocrhome","show_share_counter":"1","show_view_counter":"1","show_featured":"1","show_post_meta":"1","show_post_author":"1","show_post_author_image":"1","show_post_date":"1","post_date_format":"default","post_date_format_custom":"Y\/m\/d","show_post_category":"1","show_post_reading_time":"0","post_reading_time_wpm":"300","show_zoom_button":"0","zoom_button_out_step":"2","zoom_button_in_step":"3","show_post_tag":"1","show_prev_next_post":"1","show_popup_post":"1","number_popup_post":"1","show_author_box":"0","show_post_related":"0","show_inline_post_related":"0"}],"override_image_size":"0","image_override":[{"single_post_thumbnail_size":"crop-500","single_post_gallery_size":"crop-500"}],"trending_post":"0","trending_post_position":"meta","trending_post_label":"Trending","sponsored_post":"0","sponsored_post_label":"Sponsored by","sponsored_post_name":"","sponsored_post_url":"","sponsored_post_logo_enable":"0","sponsored_post_logo":"","sponsored_post_desc":""},"jnews_primary_category":{"id":"22"},"jnews_social_meta":{"fb_title":"","fb_description":"","fb_image":"","twitter_title":"","twitter_description":"","twitter_image":""},"jnews_override_counter":{"override_view_counter":"0","view_counter_number":"0","override_share_counter":"0","share_counter_number":"0","override_like_counter":"0","like_counter_number":"0","override_dislike_counter":"0","dislike_counter_number":"0"},"_joinchat":[],"footnotes":""},"categories":[22],"tags":[],"class_list":["post-2663","post","type-post","status-publish","format-standard","has-post-thumbnail","hentry","category-actualidad"],"_links":{"self":[{"href":"https:\/\/tribunavm.com.ar\/index.php\/wp-json\/wp\/v2\/posts\/2663"}],"collection":[{"href":"https:\/\/tribunavm.com.ar\/index.php\/wp-json\/wp\/v2\/posts"}],"about":[{"href":"https:\/\/tribunavm.com.ar\/index.php\/wp-json\/wp\/v2\/types\/post"}],"author":[{"embeddable":true,"href":"https:\/\/tribunavm.com.ar\/index.php\/wp-json\/wp\/v2\/users\/2"}],"replies":[{"embeddable":true,"href":"https:\/\/tribunavm.com.ar\/index.php\/wp-json\/wp\/v2\/comments?post=2663"}],"version-history":[{"count":2,"href":"https:\/\/tribunavm.com.ar\/index.php\/wp-json\/wp\/v2\/posts\/2663\/revisions"}],"predecessor-version":[{"id":2671,"href":"https:\/\/tribunavm.com.ar\/index.php\/wp-json\/wp\/v2\/posts\/2663\/revisions\/2671"}],"wp:featuredmedia":[{"embeddable":true,"href":"https:\/\/tribunavm.com.ar\/index.php\/wp-json\/wp\/v2\/media\/2669"}],"wp:attachment":[{"href":"https:\/\/tribunavm.com.ar\/index.php\/wp-json\/wp\/v2\/media?parent=2663"}],"wp:term":[{"taxonomy":"category","embeddable":true,"href":"https:\/\/tribunavm.com.ar\/index.php\/wp-json\/wp\/v2\/categories?post=2663"},{"taxonomy":"post_tag","embeddable":true,"href":"https:\/\/tribunavm.com.ar\/index.php\/wp-json\/wp\/v2\/tags?post=2663"}],"curies":[{"name":"wp","href":"https:\/\/api.w.org\/{rel}","templated":true}]}}