{"id":2901,"date":"2021-04-15T23:20:18","date_gmt":"2021-04-15T23:20:18","guid":{"rendered":"https:\/\/tribunavm.com.ar\/?p=2901"},"modified":"2021-04-15T23:26:40","modified_gmt":"2021-04-15T23:26:40","slug":"no-especulen-mas-con-la-comida","status":"publish","type":"post","link":"https:\/\/tribunavm.com.ar\/index.php\/2021\/04\/15\/no-especulen-mas-con-la-comida\/","title":{"rendered":"&#8220;No especulen m\u00e1s con la comida&#8221;"},"content":{"rendered":"<div class=\"row clearfix\">\n<div class=\"col-md-8\">\n<p><span style=\"color: #212121; font-size: 1.5em; letter-spacing: -0.01em;\">En el d\u00eda de hoy la Corriente Nacional Martin Fierro se moviliz\u00f3 a las oficinas de la Copal pidi\u00e9ndole que detengan los aumentos.<\/span><\/p>\n<p><span class=\"dropcap \" style=\"background-color: #ffffff; color: #dd9933; border-color: #ffffff;\">E<\/span>n el d\u00eda de hoy la CNMF se moviliz\u00f3 a las oficinas de la entidad que nuclea a m\u00e1s de 30 c\u00e1maras empresariales del sector alimenticio. En las oficinas de COPAL (Coordinadora de las Industrias de Productos Alimenticios) entregaron un documento.<\/p>\n<figure id=\"attachment_2904\" aria-describedby=\"caption-attachment-2904\" style=\"width: 753px\" class=\"wp-caption aligncenter\"><img loading=\"lazy\" decoding=\"async\" class=\"size-full wp-image-2904\" src=\"https:\/\/tribunavm.com.ar\/wp-content\/uploads\/2021\/04\/nahuel-beibe-mf.jpeg\" alt=\"\" width=\"753\" height=\"439\" srcset=\"https:\/\/tribunavm.com.ar\/wp-content\/uploads\/2021\/04\/nahuel-beibe-mf.jpeg 753w, https:\/\/tribunavm.com.ar\/wp-content\/uploads\/2021\/04\/nahuel-beibe-mf-300x175.jpeg 300w, https:\/\/tribunavm.com.ar\/wp-content\/uploads\/2021\/04\/nahuel-beibe-mf-750x437.jpeg 750w\" sizes=\"(max-width: 753px) 100vw, 753px\" \/><figcaption id=\"caption-attachment-2904\" class=\"wp-caption-text\">Nahuel Beibe, Sec.Gral., de la Martin Fierro hace entrega del pedido.<\/figcaption><\/figure>\n<p>&#8220;Daniel Funes de Rioja, Presidente de la COPAL y Sres. Empresarios de la Industria de la Alimentaci\u00f3n: Venimos a pedirles que no especulen con la comida, la situaci\u00f3n social cada vez est\u00e1 peor por la pandemia y ustedes la est\u00e1n agravando m\u00e1s con el aumento incesante de los precios de los alimentos de primera necesidad.&#8221;, se lee en la nota.<\/p>\n<h4>Ver: <a href=\"https:\/\/tribunavm.com.ar\/index.php\/2021\/04\/15\/la-inflacion-llego-al-13-en-el-primer-trimestre\/\"><span style=\"color: #ff9900;\">La inflaci\u00f3n lleg\u00f3 al 13% en el primer trimestre<\/span><\/a><\/h4>\n<figure id=\"attachment_2903\" aria-describedby=\"caption-attachment-2903\" style=\"width: 420px\" class=\"wp-caption alignright\"><img loading=\"lazy\" decoding=\"async\" class=\"size-full wp-image-2903\" src=\"https:\/\/tribunavm.com.ar\/wp-content\/uploads\/2021\/04\/daniel-funes-derioja.jpg\" alt=\"\" width=\"420\" height=\"236\" srcset=\"https:\/\/tribunavm.com.ar\/wp-content\/uploads\/2021\/04\/daniel-funes-derioja.jpg 420w, https:\/\/tribunavm.com.ar\/wp-content\/uploads\/2021\/04\/daniel-funes-derioja-300x169.jpg 300w\" sizes=\"(max-width: 420px) 100vw, 420px\" \/><figcaption id=\"caption-attachment-2903\" class=\"wp-caption-text\">Daniel Funes de Rioja, titular de COPAL.<\/figcaption><\/figure>\n<p><strong>&#8220;Las empresas de alimentos han ganado mas plata que en los a\u00f1os anteriores&#8221;.<\/strong> El pedido es para que &#8220;reduzcan un poco su rentabilidad para <strong>que ning\u00fan compatriota pase hambre mientras el virus nos impida reconstruir el pa\u00eds con trabajo y oportunidades para todos y todas&#8221;.<\/strong><\/p>\n<p>En un comunicado difundido para la convocatoria habian expresado que el riesgo de la salud en esta segundo ola se ve agravada &#8220;porque una buena alimentaci\u00f3n es fundamental para no enfermarse, lo cual pasa a ser decisivo ante la crisis sanitaria en la que nos encontramos&#8221;.<\/p>\n<\/div>\n<\/div>\n","protected":false},"excerpt":{"rendered":"<p>En el d\u00eda de hoy la Corriente Nacional Martin Fierro se moviliz\u00f3 a las oficinas de la Copal pidi\u00e9ndole que detengan los aumentos. En el d\u00eda de hoy la CNMF se moviliz\u00f3 a las oficinas de la entidad que nuclea a m\u00e1s de 30 c\u00e1maras empresariales del sector alimenticio. En las oficinas de COPAL (Coordinadora [&hellip;]<\/p>\n","protected":false},"author":2,"featured_media":2902,"comment_status":"open","ping_status":"open","sticky":false,"template":"","format":"standard","meta":{"_exactmetrics_skip_tracking":false,"_exactmetrics_sitenote_active":false,"_exactmetrics_sitenote_note":"","_exactmetrics_sitenote_category":0,"jnews-multi-image_gallery":[],"jnews_single_post":{"source_name":"","source_url":"","via_name":"","via_url":"","override_template":"0","override":[{"template":"1","single_blog_custom":"","parallax":"1","fullscreen":"1","layout":"right-sidebar","sidebar":"default-sidebar","second_sidebar":"default-sidebar","sticky_sidebar":"1","share_position":"top","share_float_style":"share-monocrhome","show_share_counter":"1","show_view_counter":"1","show_featured":"1","show_post_meta":"1","show_post_author":"1","show_post_author_image":"1","show_post_date":"1","post_date_format":"default","post_date_format_custom":"Y\/m\/d","show_post_category":"1","show_post_reading_time":"0","post_reading_time_wpm":"300","show_zoom_button":"0","zoom_button_out_step":"2","zoom_button_in_step":"3","show_post_tag":"1","show_prev_next_post":"1","show_popup_post":"1","number_popup_post":"1","show_author_box":"0","show_post_related":"0","show_inline_post_related":"0"}],"override_image_size":"0","image_override":[{"single_post_thumbnail_size":"crop-500","single_post_gallery_size":"crop-500"}],"trending_post":"0","trending_post_position":"meta","trending_post_label":"Trending","sponsored_post":"0","sponsored_post_label":"Sponsored by","sponsored_post_name":"","sponsored_post_url":"","sponsored_post_logo_enable":"0","sponsored_post_logo":"","sponsored_post_desc":""},"jnews_primary_category":{"id":"22"},"jnews_social_meta":{"fb_title":"","fb_description":"","fb_image":"","twitter_title":"","twitter_description":"","twitter_image":""},"jnews_override_counter":{"override_view_counter":"0","view_counter_number":"0","override_share_counter":"0","share_counter_number":"0","override_like_counter":"0","like_counter_number":"0","override_dislike_counter":"0","dislike_counter_number":"0"},"_joinchat":[],"footnotes":""},"categories":[22],"tags":[141,72,42,36],"class_list":["post-2901","post","type-post","status-publish","format-standard","has-post-thumbnail","hentry","category-actualidad","tag-edicion-48","tag-edicion-digital","tag-industria","tag-que-paso"],"_links":{"self":[{"href":"https:\/\/tribunavm.com.ar\/index.php\/wp-json\/wp\/v2\/posts\/2901"}],"collection":[{"href":"https:\/\/tribunavm.com.ar\/index.php\/wp-json\/wp\/v2\/posts"}],"about":[{"href":"https:\/\/tribunavm.com.ar\/index.php\/wp-json\/wp\/v2\/types\/post"}],"author":[{"embeddable":true,"href":"https:\/\/tribunavm.com.ar\/index.php\/wp-json\/wp\/v2\/users\/2"}],"replies":[{"embeddable":true,"href":"https:\/\/tribunavm.com.ar\/index.php\/wp-json\/wp\/v2\/comments?post=2901"}],"version-history":[{"count":2,"href":"https:\/\/tribunavm.com.ar\/index.php\/wp-json\/wp\/v2\/posts\/2901\/revisions"}],"predecessor-version":[{"id":2909,"href":"https:\/\/tribunavm.com.ar\/index.php\/wp-json\/wp\/v2\/posts\/2901\/revisions\/2909"}],"wp:featuredmedia":[{"embeddable":true,"href":"https:\/\/tribunavm.com.ar\/index.php\/wp-json\/wp\/v2\/media\/2902"}],"wp:attachment":[{"href":"https:\/\/tribunavm.com.ar\/index.php\/wp-json\/wp\/v2\/media?parent=2901"}],"wp:term":[{"taxonomy":"category","embeddable":true,"href":"https:\/\/tribunavm.com.ar\/index.php\/wp-json\/wp\/v2\/categories?post=2901"},{"taxonomy":"post_tag","embeddable":true,"href":"https:\/\/tribunavm.com.ar\/index.php\/wp-json\/wp\/v2\/tags?post=2901"}],"curies":[{"name":"wp","href":"https:\/\/api.w.org\/{rel}","templated":true}]}}