{"id":2920,"date":"2021-04-17T22:09:32","date_gmt":"2021-04-17T22:09:32","guid":{"rendered":"https:\/\/tribunavm.com.ar\/?p=2920"},"modified":"2021-04-17T22:11:41","modified_gmt":"2021-04-17T22:11:41","slug":"sin-acuerdo-docentes-rechazan-la-propuesta-del-gobierno","status":"publish","type":"post","link":"https:\/\/tribunavm.com.ar\/index.php\/2021\/04\/17\/sin-acuerdo-docentes-rechazan-la-propuesta-del-gobierno\/","title":{"rendered":"Sin acuerdo: docentes rechazan la propuesta del Gobierno"},"content":{"rendered":"<div class=\"row clearfix\">\n<div class=\"col-md-8\">\n<p><i style=\"color: #212121; font-size: 1.5em; letter-spacing: -0.01em;\">Nicol\u00e1s\u00a0Trotta, ministro de Educaci\u00f3n, propuso un aumento del 33% en cuotas que fue rechazado por las federaciones. Mientras tanto, la Conadu Hist\u00f3rica contin\u00faa su plan de lucha sin ser convocado a la reuni\u00f3n paritaria.<\/i><\/p>\n<p><span style=\"font-weight: 400;\"><span class=\"dropcap \" style=\"background-color: #ffffff; color: #dd9933; border-color: #ffffff;\">L<\/span>a semana pasada se llev\u00f3 a cabo la reuni\u00f3n por el acuerdo de la paritaria docente donde estuvieron presentes los dirigentes de las federaciones sindicales Conadu, Fedun, Fagdut, UDA y Ctera, junto al ministro de Educaci\u00f3n, Nicol\u00e1s Trotta.\u00a0<\/span><\/p>\n<p><span style=\"font-weight: 400;\">El ministro propuso un 33% de aumento en cuotas, comenzando abonar el pago en abril y finalizando en febrero del a\u00f1o 2022 de la siguiente manera: un 5 por ciento en abril, 5 por ciento en junio, 4 por ciento en agosto, 2 por ciento en octubre, 4 por ciento en noviembre, 3 por ciento en diciembre, 6 por ciento en enero, y un 4 por ciento en febrero.<\/span><\/p>\n<p><span style=\"font-weight: 400;\">Frente a la oferta las federaciones presentes decidieron rechazar el acuerdo denunciando que este no alcanza a cubrir la inflaci\u00f3n prevista para este a\u00f1o, a\u00fan menos recomponiendo la p\u00e9rdida salarial que acumulan desde hace ya varios a\u00f1os los trabajadores docentes. Adem\u00e1s remarcaron negativamente el accionar del gobierno al no llamar a Conadu Hist\u00f3rica, como represalia tras el <\/span><span style=\"color: #ff9900;\"><a style=\"color: #ff9900;\" href=\"https:\/\/tribunavm.com.ar\/index.php\/2021\/04\/07\/docentes-luchando-tambien-estan-ensenando\/\"><span style=\"font-weight: 400;\">paro de 48 horas <\/span><\/a><\/span><span style=\"font-weight: 400;\">de la semana pasada.<\/span><\/p>\n<p><span style=\"font-weight: 400;\">Por su parte, la Conadu Hist\u00f3rica llev\u00f3 adelante nuevamente esta semana otro paro nacional exigiendo la recomposici\u00f3n salarial, el cumplimiento de las medidas sanitarias y los reconocimientos en los gastos que les implic\u00f3 la conectividad a todo el sector docente.\u00a0<\/span><\/p>\n<p><span style=\"font-weight: 400;\">Frente a esta situaci\u00f3n los docentes porte\u00f1os tambi\u00e9n exigieron el cese de las actividades presenciales, ya que son consideradas un foco de contagios para los ni\u00f1os de 0 a 10 a\u00f1os que asisten diariamente a los colegios.<\/span><\/p>\n<p><span style=\"font-weight: 400;\">En paralelo, <\/span><span style=\"font-weight: 400;\">el Ministerio de Educaci\u00f3n junto al gobierno de la Ciudad de Buenos Aires, hizo circular un decreto que impondr\u00e1 la esencialidad a los trabajadores de la educaci\u00f3n, lo cual quedar\u00edan excluidos para ejercer el derecho constitucional al paro.<\/span><\/p>\n<p><span style=\"font-weight: 400;\">Eduardo L\u00f3pez, dirigente de Ctera y de UTE pidi\u00f3, en declaraciones radiales, &#8220;la suspensi\u00f3n temporal de las clases presenciales en la Ciudad hasta que deje de crecer esta locura de contagios y haya camas (de terapia intensiva) en la Ciudad&#8221;.<\/span><\/p>\n<p><span style=\"font-weight: 400;\">El gobierno ya no puede mirar para otro lado, hoy los y las trabajadoras de la educaci\u00f3n se enfrentan al virus y a salarios de precariedad que los dejan en una situaci\u00f3n a\u00fan m\u00e1s vulnerable.<\/span><\/p>\n<\/div>\n<div class=\"col-md-3\">\n<p>Your Content Goes Here<\/p>\n<\/div>\n<\/div>\n","protected":false},"excerpt":{"rendered":"<p>Nicol\u00e1s\u00a0Trotta, ministro de Educaci\u00f3n, propuso un aumento del 33% en cuotas que fue rechazado por las federaciones. Mientras tanto, la Conadu Hist\u00f3rica contin\u00faa su plan de lucha sin ser convocado a la reuni\u00f3n paritaria. La semana pasada se llev\u00f3 a cabo la reuni\u00f3n por el acuerdo de la paritaria docente donde estuvieron presentes los dirigentes [&hellip;]<\/p>\n","protected":false},"author":2,"featured_media":2921,"comment_status":"open","ping_status":"open","sticky":false,"template":"","format":"standard","meta":{"_exactmetrics_skip_tracking":false,"_exactmetrics_sitenote_active":false,"_exactmetrics_sitenote_note":"","_exactmetrics_sitenote_category":0,"jnews-multi-image_gallery":[],"jnews_single_post":{"source_name":"","source_url":"","via_name":"","via_url":"","override_template":"0","override":[{"template":"1","single_blog_custom":"","parallax":"1","fullscreen":"1","layout":"right-sidebar","sidebar":"default-sidebar","second_sidebar":"default-sidebar","sticky_sidebar":"1","share_position":"top","share_float_style":"share-monocrhome","show_share_counter":"1","show_view_counter":"1","show_featured":"1","show_post_meta":"1","show_post_author":"1","show_post_author_image":"1","show_post_date":"1","post_date_format":"default","post_date_format_custom":"Y\/m\/d","show_post_category":"1","show_post_reading_time":"0","post_reading_time_wpm":"300","show_zoom_button":"0","zoom_button_out_step":"2","zoom_button_in_step":"3","show_post_tag":"1","show_prev_next_post":"1","show_popup_post":"1","number_popup_post":"1","show_author_box":"0","show_post_related":"0","show_inline_post_related":"0"}],"override_image_size":"0","image_override":[{"single_post_thumbnail_size":"crop-500","single_post_gallery_size":"crop-500"}],"trending_post":"0","trending_post_position":"meta","trending_post_label":"Trending","sponsored_post":"0","sponsored_post_label":"Sponsored by","sponsored_post_name":"","sponsored_post_url":"","sponsored_post_logo_enable":"0","sponsored_post_logo":"","sponsored_post_desc":""},"jnews_primary_category":{"id":""},"jnews_social_meta":{"fb_title":"","fb_description":"","fb_image":"","twitter_title":"","twitter_description":"","twitter_image":""},"jnews_override_counter":{"override_view_counter":"0","view_counter_number":"0","override_share_counter":"0","share_counter_number":"0","override_like_counter":"0","like_counter_number":"0","override_dislike_counter":"0","dislike_counter_number":"0"},"_joinchat":[],"footnotes":""},"categories":[22],"tags":[141,50,39,35],"class_list":["post-2920","post","type-post","status-publish","format-standard","has-post-thumbnail","hentry","category-actualidad","tag-edicion-48","tag-educacion","tag-gobierno","tag-trabajadores"],"_links":{"self":[{"href":"https:\/\/tribunavm.com.ar\/index.php\/wp-json\/wp\/v2\/posts\/2920"}],"collection":[{"href":"https:\/\/tribunavm.com.ar\/index.php\/wp-json\/wp\/v2\/posts"}],"about":[{"href":"https:\/\/tribunavm.com.ar\/index.php\/wp-json\/wp\/v2\/types\/post"}],"author":[{"embeddable":true,"href":"https:\/\/tribunavm.com.ar\/index.php\/wp-json\/wp\/v2\/users\/2"}],"replies":[{"embeddable":true,"href":"https:\/\/tribunavm.com.ar\/index.php\/wp-json\/wp\/v2\/comments?post=2920"}],"version-history":[{"count":2,"href":"https:\/\/tribunavm.com.ar\/index.php\/wp-json\/wp\/v2\/posts\/2920\/revisions"}],"predecessor-version":[{"id":2923,"href":"https:\/\/tribunavm.com.ar\/index.php\/wp-json\/wp\/v2\/posts\/2920\/revisions\/2923"}],"wp:featuredmedia":[{"embeddable":true,"href":"https:\/\/tribunavm.com.ar\/index.php\/wp-json\/wp\/v2\/media\/2921"}],"wp:attachment":[{"href":"https:\/\/tribunavm.com.ar\/index.php\/wp-json\/wp\/v2\/media?parent=2920"}],"wp:term":[{"taxonomy":"category","embeddable":true,"href":"https:\/\/tribunavm.com.ar\/index.php\/wp-json\/wp\/v2\/categories?post=2920"},{"taxonomy":"post_tag","embeddable":true,"href":"https:\/\/tribunavm.com.ar\/index.php\/wp-json\/wp\/v2\/tags?post=2920"}],"curies":[{"name":"wp","href":"https:\/\/api.w.org\/{rel}","templated":true}]}}