{"id":2945,"date":"2021-04-20T23:03:01","date_gmt":"2021-04-20T23:03:01","guid":{"rendered":"https:\/\/tribunavm.com.ar\/?p=2945"},"modified":"2021-04-20T23:03:01","modified_gmt":"2021-04-20T23:03:01","slug":"periodistas-de-todo-el-pais-en-alerta","status":"publish","type":"post","link":"https:\/\/tribunavm.com.ar\/index.php\/2021\/04\/20\/periodistas-de-todo-el-pais-en-alerta\/","title":{"rendered":"Periodistas de todo el pa\u00eds en alerta"},"content":{"rendered":"<div class=\"row clearfix\">\n<div class=\"col-md-8\">\n<div class=\"intro-text\">\n<p><span style=\"font-weight: 400;\">La comisi\u00f3n directiva del gremio provincial anunci\u00f3 que el d\u00eda jueves se realizar\u00e1n asambleas en todos los medios de la provincia.<\/span><\/p>\n<\/div>\n<p><span style=\"font-weight: 400;\"><span class=\"dropcap \" style=\"background-color: #ffffff; color: #dd9933; border-color: #ffffff;\">L<\/span>a Comisi\u00f3n Directiva del C\u00edrculo Sindical de la Prensa y la Comunicaci\u00f3n (Cispren), la Federaci\u00f3n Argentina de Trabajadores de Prensa (FATPREN) y la Central de Trabajadores de Argentina (CTA) Aut\u00f3noma, comunicaron que van a realizar asamblea en todos los medios de la provincia, con la consigna \u201c\u00a1Nuestro b\u00e1sico no cubre lo b\u00e1sico!\u201d.<\/span><\/p>\n<p><span style=\"font-weight: 400;\">La semana pasada empez\u00f3 la paritaria y hoy por la tarde qued\u00f3 formalmente conformada la mesa negociadora, donde el sindicato \u201cpresent\u00f3 el listado de paritarios\u201d, comentaba a Tribuna Mariana Mandakovic, secretaria general del CISPREN.<\/span><\/p>\n<figure id=\"attachment_2946\" aria-describedby=\"caption-attachment-2946\" style=\"width: 630px\" class=\"wp-caption aligncenter\"><img loading=\"lazy\" decoding=\"async\" class=\"size-full wp-image-2946\" src=\"https:\/\/tribunavm.com.ar\/wp-content\/uploads\/2021\/04\/Mariana-y-megafono.jpg\" alt=\"\" width=\"630\" height=\"420\" srcset=\"https:\/\/tribunavm.com.ar\/wp-content\/uploads\/2021\/04\/Mariana-y-megafono.jpg 630w, https:\/\/tribunavm.com.ar\/wp-content\/uploads\/2021\/04\/Mariana-y-megafono-300x200.jpg 300w\" sizes=\"(max-width: 630px) 100vw, 630px\" \/><figcaption id=\"caption-attachment-2946\" class=\"wp-caption-text\">Mariana Mandakovic, secretaria general del CISPREN<\/figcaption><\/figure>\n<p><span style=\"font-weight: 400;\">\u201cEl pedido del sindicato para toda la provincia es que el sueldo b\u00e1sico de prensa este acorde o alcance la canasta b\u00e1sica familiar para que ning\u00fan trabajador est\u00e9 por debajo de la l\u00ednea de pobreza\u201d, que hoy ronda los $58.000.<\/span><\/p>\n<p><span style=\"font-weight: 400;\">Frente a la propuesta realizada, los empresarios del sector no respondieron y, por ello, \u201cnos declaramos en estado de asamblea permanente\u201d, dijo Mandakovic. \u201cLa propuesta es hacer asambleas el d\u00eda jueves 22 (de abril) para volvernos a convocar en la mesa paritaria y lograr una respuesta por parte de la patronal la semana que viene\u201d.<\/span><\/p>\n<p><span style=\"font-weight: 400;\">\u201cQueremos un aumento salarial que pueda mitigar los efectos de la inflaci\u00f3n en los bolsillos de los trabajadores y trabajadoras\u201d, sentenci\u00f3 la referente gremial.<\/span><\/p>\n<p><span style=\"font-weight: 400;\">Comunicado:<\/span><\/p>\n<p><img loading=\"lazy\" decoding=\"async\" class=\"aligncenter size-full wp-image-2947\" src=\"https:\/\/tribunavm.com.ar\/wp-content\/uploads\/2021\/04\/WhatsApp-Image-2021-04-20-at-12.12.35.jpeg\" alt=\"\" width=\"1080\" height=\"1080\" srcset=\"https:\/\/tribunavm.com.ar\/wp-content\/uploads\/2021\/04\/WhatsApp-Image-2021-04-20-at-12.12.35.jpeg 1080w, https:\/\/tribunavm.com.ar\/wp-content\/uploads\/2021\/04\/WhatsApp-Image-2021-04-20-at-12.12.35-300x300.jpeg 300w, https:\/\/tribunavm.com.ar\/wp-content\/uploads\/2021\/04\/WhatsApp-Image-2021-04-20-at-12.12.35-1024x1024.jpeg 1024w, https:\/\/tribunavm.com.ar\/wp-content\/uploads\/2021\/04\/WhatsApp-Image-2021-04-20-at-12.12.35-150x150.jpeg 150w, https:\/\/tribunavm.com.ar\/wp-content\/uploads\/2021\/04\/WhatsApp-Image-2021-04-20-at-12.12.35-768x768.jpeg 768w, https:\/\/tribunavm.com.ar\/wp-content\/uploads\/2021\/04\/WhatsApp-Image-2021-04-20-at-12.12.35-75x75.jpeg 75w, https:\/\/tribunavm.com.ar\/wp-content\/uploads\/2021\/04\/WhatsApp-Image-2021-04-20-at-12.12.35-750x750.jpeg 750w\" sizes=\"(max-width: 1080px) 100vw, 1080px\" \/><\/p>\n<p><b>INFO PARITARIA:<\/b><span style=\"font-weight: 400;\">\u00a0<\/span><\/p>\n<p><span style=\"font-weight: 400;\">Qued\u00f3 formalmente conformada la mesa negociadora. En acta, el CISPREN se declar\u00f3 en estado de asamblea permanente, tambi\u00e9n dejamos plasmado que el d\u00eda jueves se realizar\u00e1n asambleas en todos los medios en los distintos turnos y horarios. Pasamos a un cuarto intermedio para el martes 27 a las 9 hs.\u00a0<\/span><\/p>\n<p><span style=\"font-weight: 400;\">#nuestrobasiconocubrelobasico<\/span><\/p>\n<p><span style=\"font-weight: 400;\">#prensaesencial\u00a0<\/span><\/p>\n<p><span style=\"font-weight: 400;\">#esencialesperopobres<\/span><\/p>\n<\/div>\n<\/div>\n","protected":false},"excerpt":{"rendered":"<p>La comisi\u00f3n directiva del gremio provincial anunci\u00f3 que el d\u00eda jueves se realizar\u00e1n asambleas en todos los medios de la provincia. La Comisi\u00f3n Directiva del C\u00edrculo Sindical de la Prensa y la Comunicaci\u00f3n (Cispren), la Federaci\u00f3n Argentina de Trabajadores de Prensa (FATPREN) y la Central de Trabajadores de Argentina (CTA) Aut\u00f3noma, comunicaron que van a [&hellip;]<\/p>\n","protected":false},"author":2,"featured_media":2948,"comment_status":"open","ping_status":"open","sticky":false,"template":"","format":"standard","meta":{"_exactmetrics_skip_tracking":false,"_exactmetrics_sitenote_active":false,"_exactmetrics_sitenote_note":"","_exactmetrics_sitenote_category":0,"jnews-multi-image_gallery":[],"jnews_single_post":{"source_name":"","source_url":"","via_name":"","via_url":"","override_template":"0","override":[{"template":"1","single_blog_custom":"","parallax":"1","fullscreen":"1","layout":"right-sidebar","sidebar":"default-sidebar","second_sidebar":"default-sidebar","sticky_sidebar":"1","share_position":"top","share_float_style":"share-monocrhome","show_share_counter":"1","show_view_counter":"1","show_featured":"1","show_post_meta":"1","show_post_author":"1","show_post_author_image":"1","show_post_date":"1","post_date_format":"default","post_date_format_custom":"Y\/m\/d","show_post_category":"1","show_post_reading_time":"0","post_reading_time_wpm":"300","show_zoom_button":"0","zoom_button_out_step":"2","zoom_button_in_step":"3","show_post_tag":"1","show_prev_next_post":"1","show_popup_post":"1","number_popup_post":"1","show_author_box":"0","show_post_related":"0","show_inline_post_related":"0"}],"override_image_size":"0","image_override":[{"single_post_thumbnail_size":"crop-500","single_post_gallery_size":"crop-500"}],"trending_post":"0","trending_post_position":"meta","trending_post_label":"Trending","sponsored_post":"0","sponsored_post_label":"Sponsored by","sponsored_post_name":"","sponsored_post_url":"","sponsored_post_logo_enable":"0","sponsored_post_logo":"","sponsored_post_desc":""},"jnews_primary_category":{"id":"22"},"jnews_social_meta":{"fb_title":"","fb_description":"","fb_image":"","twitter_title":"","twitter_description":"","twitter_image":""},"jnews_override_counter":{"override_view_counter":"0","view_counter_number":"0","override_share_counter":"0","share_counter_number":"0","override_like_counter":"0","like_counter_number":"0","override_dislike_counter":"0","dislike_counter_number":"0"},"_joinchat":[],"footnotes":""},"categories":[22],"tags":[142,72,36,35],"class_list":["post-2945","post","type-post","status-publish","format-standard","has-post-thumbnail","hentry","category-actualidad","tag-edicion-49","tag-edicion-digital","tag-que-paso","tag-trabajadores"],"_links":{"self":[{"href":"https:\/\/tribunavm.com.ar\/index.php\/wp-json\/wp\/v2\/posts\/2945"}],"collection":[{"href":"https:\/\/tribunavm.com.ar\/index.php\/wp-json\/wp\/v2\/posts"}],"about":[{"href":"https:\/\/tribunavm.com.ar\/index.php\/wp-json\/wp\/v2\/types\/post"}],"author":[{"embeddable":true,"href":"https:\/\/tribunavm.com.ar\/index.php\/wp-json\/wp\/v2\/users\/2"}],"replies":[{"embeddable":true,"href":"https:\/\/tribunavm.com.ar\/index.php\/wp-json\/wp\/v2\/comments?post=2945"}],"version-history":[{"count":1,"href":"https:\/\/tribunavm.com.ar\/index.php\/wp-json\/wp\/v2\/posts\/2945\/revisions"}],"predecessor-version":[{"id":2949,"href":"https:\/\/tribunavm.com.ar\/index.php\/wp-json\/wp\/v2\/posts\/2945\/revisions\/2949"}],"wp:featuredmedia":[{"embeddable":true,"href":"https:\/\/tribunavm.com.ar\/index.php\/wp-json\/wp\/v2\/media\/2948"}],"wp:attachment":[{"href":"https:\/\/tribunavm.com.ar\/index.php\/wp-json\/wp\/v2\/media?parent=2945"}],"wp:term":[{"taxonomy":"category","embeddable":true,"href":"https:\/\/tribunavm.com.ar\/index.php\/wp-json\/wp\/v2\/categories?post=2945"},{"taxonomy":"post_tag","embeddable":true,"href":"https:\/\/tribunavm.com.ar\/index.php\/wp-json\/wp\/v2\/tags?post=2945"}],"curies":[{"name":"wp","href":"https:\/\/api.w.org\/{rel}","templated":true}]}}