{"id":2951,"date":"2021-04-21T20:17:28","date_gmt":"2021-04-21T20:17:28","guid":{"rendered":"https:\/\/tribunavm.com.ar\/?p=2951"},"modified":"2021-04-21T20:28:08","modified_gmt":"2021-04-21T20:28:08","slug":"liberen-a-jorge-raul-torres","status":"publish","type":"post","link":"https:\/\/tribunavm.com.ar\/index.php\/2021\/04\/21\/liberen-a-jorge-raul-torres\/","title":{"rendered":"\u00a1Liberen a Jorge Ra\u00fal Torres!"},"content":{"rendered":"<div class=\"row clearfix\">\n<div class=\"col-md-8\">\n<p><span style=\"color: #212121; font-size: 1.5em; letter-spacing: -0.01em;\">Hace unas horas la Uni\u00f3n Obrera Gr\u00e1fica de C\u00f3rdoba (UOGC) se moviliz\u00f3 frente a las empresas de la c\u00e1mara empresaria FAIGA, en la que detuvieron al miembro de la Comisi\u00f3n Directiva del sindicato.<\/span><\/p>\n<p><span style=\"font-weight: 400;\"><span class=\"dropcap \" style=\"background-color: #ffffff; color: #dd9933; border-color: #ffffff;\">L<\/span>a Uni\u00f3n Obrera Gr\u00e1fica de C\u00f3rdoba (UOGC) est\u00e1 llevando a cabo desde la semana pasada un plan de lucha en reclamo de una recomposici\u00f3n salarial de los trabajadores que se desempe\u00f1an en las empresas de la Federaci\u00f3n Argentina de la Industria Gr\u00e1fica y Afines (FAIGA).<\/span><\/p>\n<p><span style=\"font-weight: 400;\">Para el d\u00eda de hoy, el sindicato comunic\u00f3 que iban a movilizarse \u201cfrente a los talleres de los representantes de FAIGA en C\u00f3rdoba, que son parte de los que pretenden avasallar los derechos y seguir ganando a costa de la miseria de sus trabajadores\u201d.<\/span><\/p>\n<p><span style=\"font-weight: 400;\">El sindicato, junto a otros sindicatos gr\u00e1ficos, reclaman contra el reajuste salarial \u201cfrente al desfase y p\u00e9rdida del poder adquisitivo de los salarios frente al incremento de los precios de los art\u00edculos de primera necesidad\u201d.<\/span><\/p>\n<p><span style=\"font-weight: 400;\">En el desarrollo de una de las manifestaciones el due\u00f1o de la Federaci\u00f3n sali\u00f3 a provocar a los trabajadores que se encontraban pac\u00edficamente manifest\u00e1ndose y actu\u00f3 la polic\u00eda de C\u00f3rdoba reprimiendo a los presentes y llev\u00e1ndose detenido a Jorge Ra\u00fal Torres, miembro de la comisi\u00f3n directiva del sindicato.<\/span><\/p>\n<p><img loading=\"lazy\" decoding=\"async\" class=\"aligncenter size-full wp-image-2958\" src=\"https:\/\/tribunavm.com.ar\/wp-content\/uploads\/2021\/04\/UNA-DE-LAS-PROTESTAS.jpeg\" alt=\"\" width=\"960\" height=\"528\" srcset=\"https:\/\/tribunavm.com.ar\/wp-content\/uploads\/2021\/04\/UNA-DE-LAS-PROTESTAS.jpeg 960w, https:\/\/tribunavm.com.ar\/wp-content\/uploads\/2021\/04\/UNA-DE-LAS-PROTESTAS-300x165.jpeg 300w, https:\/\/tribunavm.com.ar\/wp-content\/uploads\/2021\/04\/UNA-DE-LAS-PROTESTAS-768x422.jpeg 768w, https:\/\/tribunavm.com.ar\/wp-content\/uploads\/2021\/04\/UNA-DE-LAS-PROTESTAS-750x413.jpeg 750w\" sizes=\"(max-width: 960px) 100vw, 960px\" \/><\/p>\n<p><span style=\"font-weight: 400;\">\u201cEstamos peleando el reajuste salarial y fuimos a manifestar a Soluciones Gr\u00e1ficas, donde el due\u00f1o es miembro de la Federaci\u00f3n Argentina de la Industria Gr\u00e1fica (FAIGA). Sali\u00f3 a provocar, el compa\u00f1ero respondi\u00f3 e intervino la Polic\u00eda llev\u00e1ndolo detenido\u201d, dijo la secretaria general del gremio y adjunta de la CGT Regional, Ilda Bustos, al diario La Voz.<\/span><\/p>\n<p><span style=\"font-weight: 400;\">Distintas organizaciones y sindicatos salieron a repudiar la detenci\u00f3n y exigir la liberaci\u00f3n inmediata del compa\u00f1ero gr\u00e1fico.<\/span><\/p>\n<p><img loading=\"lazy\" decoding=\"async\" class=\"aligncenter size-full wp-image-2952\" src=\"https:\/\/tribunavm.com.ar\/wp-content\/uploads\/2021\/04\/ATE.jpg\" alt=\"\" width=\"526\" height=\"524\" srcset=\"https:\/\/tribunavm.com.ar\/wp-content\/uploads\/2021\/04\/ATE.jpg 526w, https:\/\/tribunavm.com.ar\/wp-content\/uploads\/2021\/04\/ATE-300x300.jpg 300w, https:\/\/tribunavm.com.ar\/wp-content\/uploads\/2021\/04\/ATE-150x150.jpg 150w, https:\/\/tribunavm.com.ar\/wp-content\/uploads\/2021\/04\/ATE-75x75.jpg 75w\" sizes=\"(max-width: 526px) 100vw, 526px\" \/> <img loading=\"lazy\" decoding=\"async\" class=\"aligncenter size-jnews750x536 wp-image-2953\" src=\"https:\/\/tribunavm.com.ar\/wp-content\/uploads\/2021\/04\/CGT-REGIONAL-CORDOBA.jpg\" alt=\"\" width=\"1080\" height=\"1080\" srcset=\"https:\/\/tribunavm.com.ar\/wp-content\/uploads\/2021\/04\/CGT-REGIONAL-CORDOBA.jpg 1080w, https:\/\/tribunavm.com.ar\/wp-content\/uploads\/2021\/04\/CGT-REGIONAL-CORDOBA-300x300.jpg 300w, https:\/\/tribunavm.com.ar\/wp-content\/uploads\/2021\/04\/CGT-REGIONAL-CORDOBA-1024x1024.jpg 1024w, https:\/\/tribunavm.com.ar\/wp-content\/uploads\/2021\/04\/CGT-REGIONAL-CORDOBA-150x150.jpg 150w, https:\/\/tribunavm.com.ar\/wp-content\/uploads\/2021\/04\/CGT-REGIONAL-CORDOBA-768x768.jpg 768w, https:\/\/tribunavm.com.ar\/wp-content\/uploads\/2021\/04\/CGT-REGIONAL-CORDOBA-75x75.jpg 75w, https:\/\/tribunavm.com.ar\/wp-content\/uploads\/2021\/04\/CGT-REGIONAL-CORDOBA-750x750.jpg 750w\" sizes=\"(max-width: 1080px) 100vw, 1080px\" \/> <img loading=\"lazy\" decoding=\"async\" class=\"aligncenter size-jnews750x536 wp-image-2954\" src=\"https:\/\/tribunavm.com.ar\/wp-content\/uploads\/2021\/04\/CISPREN.jpg\" alt=\"\" width=\"1080\" height=\"1080\" srcset=\"https:\/\/tribunavm.com.ar\/wp-content\/uploads\/2021\/04\/CISPREN.jpg 1080w, https:\/\/tribunavm.com.ar\/wp-content\/uploads\/2021\/04\/CISPREN-300x300.jpg 300w, https:\/\/tribunavm.com.ar\/wp-content\/uploads\/2021\/04\/CISPREN-1024x1024.jpg 1024w, https:\/\/tribunavm.com.ar\/wp-content\/uploads\/2021\/04\/CISPREN-150x150.jpg 150w, https:\/\/tribunavm.com.ar\/wp-content\/uploads\/2021\/04\/CISPREN-768x768.jpg 768w, https:\/\/tribunavm.com.ar\/wp-content\/uploads\/2021\/04\/CISPREN-75x75.jpg 75w, https:\/\/tribunavm.com.ar\/wp-content\/uploads\/2021\/04\/CISPREN-750x750.jpg 750w\" sizes=\"(max-width: 1080px) 100vw, 1080px\" \/> <img loading=\"lazy\" decoding=\"async\" class=\"aligncenter size-jnews750x536 wp-image-2955\" src=\"https:\/\/tribunavm.com.ar\/wp-content\/uploads\/2021\/04\/CTA-Cordoba-de-los-trabajadores.jpg\" alt=\"\" width=\"905\" height=\"1280\" srcset=\"https:\/\/tribunavm.com.ar\/wp-content\/uploads\/2021\/04\/CTA-Cordoba-de-los-trabajadores.jpg 905w, https:\/\/tribunavm.com.ar\/wp-content\/uploads\/2021\/04\/CTA-Cordoba-de-los-trabajadores-212x300.jpg 212w, https:\/\/tribunavm.com.ar\/wp-content\/uploads\/2021\/04\/CTA-Cordoba-de-los-trabajadores-724x1024.jpg 724w, https:\/\/tribunavm.com.ar\/wp-content\/uploads\/2021\/04\/CTA-Cordoba-de-los-trabajadores-768x1086.jpg 768w, https:\/\/tribunavm.com.ar\/wp-content\/uploads\/2021\/04\/CTA-Cordoba-de-los-trabajadores-750x1061.jpg 750w\" sizes=\"(max-width: 905px) 100vw, 905px\" \/> <img loading=\"lazy\" decoding=\"async\" class=\"aligncenter size-jnews750x536 wp-image-2956\" src=\"https:\/\/tribunavm.com.ar\/wp-content\/uploads\/2021\/04\/CTF.jpg\" alt=\"\" width=\"1080\" height=\"799\" srcset=\"https:\/\/tribunavm.com.ar\/wp-content\/uploads\/2021\/04\/CTF.jpg 1080w, https:\/\/tribunavm.com.ar\/wp-content\/uploads\/2021\/04\/CTF-300x222.jpg 300w, https:\/\/tribunavm.com.ar\/wp-content\/uploads\/2021\/04\/CTF-1024x758.jpg 1024w, https:\/\/tribunavm.com.ar\/wp-content\/uploads\/2021\/04\/CTF-768x568.jpg 768w, https:\/\/tribunavm.com.ar\/wp-content\/uploads\/2021\/04\/CTF-750x555.jpg 750w\" sizes=\"(max-width: 1080px) 100vw, 1080px\" \/> <img loading=\"lazy\" decoding=\"async\" class=\"aligncenter size-jnews750x536 wp-image-2957\" src=\"https:\/\/tribunavm.com.ar\/wp-content\/uploads\/2021\/04\/FEDERACION-GRAFICA-BONAERENSE.jpg\" alt=\"\" width=\"552\" height=\"506\" srcset=\"https:\/\/tribunavm.com.ar\/wp-content\/uploads\/2021\/04\/FEDERACION-GRAFICA-BONAERENSE.jpg 552w, https:\/\/tribunavm.com.ar\/wp-content\/uploads\/2021\/04\/FEDERACION-GRAFICA-BONAERENSE-300x275.jpg 300w\" sizes=\"(max-width: 552px) 100vw, 552px\" \/><\/p>\n<\/div>\n<\/div>\n","protected":false},"excerpt":{"rendered":"<p>Hace unas horas la Uni\u00f3n Obrera Gr\u00e1fica de C\u00f3rdoba (UOGC) se moviliz\u00f3 frente a las empresas de la c\u00e1mara empresaria FAIGA, en la que detuvieron al miembro de la Comisi\u00f3n Directiva del sindicato. La Uni\u00f3n Obrera Gr\u00e1fica de C\u00f3rdoba (UOGC) est\u00e1 llevando a cabo desde la semana pasada un plan de lucha en reclamo de [&hellip;]<\/p>\n","protected":false},"author":2,"featured_media":2959,"comment_status":"open","ping_status":"open","sticky":false,"template":"","format":"standard","meta":{"_exactmetrics_skip_tracking":false,"_exactmetrics_sitenote_active":false,"_exactmetrics_sitenote_note":"","_exactmetrics_sitenote_category":0,"jnews-multi-image_gallery":[],"jnews_single_post":{"source_name":"","source_url":"","via_name":"","via_url":"","override_template":"0","override":[{"template":"1","single_blog_custom":"","parallax":"1","fullscreen":"1","layout":"right-sidebar","sidebar":"default-sidebar","second_sidebar":"default-sidebar","sticky_sidebar":"1","share_position":"top","share_float_style":"share-monocrhome","show_share_counter":"1","show_view_counter":"1","show_featured":"1","show_post_meta":"1","show_post_author":"1","show_post_author_image":"1","show_post_date":"1","post_date_format":"default","post_date_format_custom":"Y\/m\/d","show_post_category":"1","show_post_reading_time":"0","post_reading_time_wpm":"300","show_zoom_button":"0","zoom_button_out_step":"2","zoom_button_in_step":"3","show_post_tag":"1","show_prev_next_post":"1","show_popup_post":"1","number_popup_post":"1","show_author_box":"0","show_post_related":"0","show_inline_post_related":"0"}],"override_image_size":"0","image_override":[{"single_post_thumbnail_size":"crop-500","single_post_gallery_size":"crop-500"}],"trending_post":"0","trending_post_position":"meta","trending_post_label":"Trending","sponsored_post":"0","sponsored_post_label":"Sponsored by","sponsored_post_name":"","sponsored_post_url":"","sponsored_post_logo_enable":"0","sponsored_post_logo":"","sponsored_post_desc":""},"jnews_primary_category":{"id":"22"},"jnews_social_meta":{"fb_title":"","fb_description":"","fb_image":"","twitter_title":"","twitter_description":"","twitter_image":""},"jnews_override_counter":{"override_view_counter":"0","view_counter_number":"0","override_share_counter":"0","share_counter_number":"0","override_like_counter":"0","like_counter_number":"0","override_dislike_counter":"0","dislike_counter_number":"0"},"_joinchat":[],"footnotes":""},"categories":[22],"tags":[142,72,36,35],"class_list":["post-2951","post","type-post","status-publish","format-standard","has-post-thumbnail","hentry","category-actualidad","tag-edicion-49","tag-edicion-digital","tag-que-paso","tag-trabajadores"],"_links":{"self":[{"href":"https:\/\/tribunavm.com.ar\/index.php\/wp-json\/wp\/v2\/posts\/2951"}],"collection":[{"href":"https:\/\/tribunavm.com.ar\/index.php\/wp-json\/wp\/v2\/posts"}],"about":[{"href":"https:\/\/tribunavm.com.ar\/index.php\/wp-json\/wp\/v2\/types\/post"}],"author":[{"embeddable":true,"href":"https:\/\/tribunavm.com.ar\/index.php\/wp-json\/wp\/v2\/users\/2"}],"replies":[{"embeddable":true,"href":"https:\/\/tribunavm.com.ar\/index.php\/wp-json\/wp\/v2\/comments?post=2951"}],"version-history":[{"count":4,"href":"https:\/\/tribunavm.com.ar\/index.php\/wp-json\/wp\/v2\/posts\/2951\/revisions"}],"predecessor-version":[{"id":2968,"href":"https:\/\/tribunavm.com.ar\/index.php\/wp-json\/wp\/v2\/posts\/2951\/revisions\/2968"}],"wp:featuredmedia":[{"embeddable":true,"href":"https:\/\/tribunavm.com.ar\/index.php\/wp-json\/wp\/v2\/media\/2959"}],"wp:attachment":[{"href":"https:\/\/tribunavm.com.ar\/index.php\/wp-json\/wp\/v2\/media?parent=2951"}],"wp:term":[{"taxonomy":"category","embeddable":true,"href":"https:\/\/tribunavm.com.ar\/index.php\/wp-json\/wp\/v2\/categories?post=2951"},{"taxonomy":"post_tag","embeddable":true,"href":"https:\/\/tribunavm.com.ar\/index.php\/wp-json\/wp\/v2\/tags?post=2951"}],"curies":[{"name":"wp","href":"https:\/\/api.w.org\/{rel}","templated":true}]}}