{"id":297,"date":"2019-05-16T15:08:07","date_gmt":"2019-05-16T15:08:07","guid":{"rendered":"https:\/\/tribunavm.com.ar\/?p=297"},"modified":"2019-10-22T16:00:03","modified_gmt":"2019-10-22T16:00:03","slug":"con-los-pies-en-la-tierra-y-la-mirada-en-el-cielo","status":"publish","type":"post","link":"https:\/\/tribunavm.com.ar\/index.php\/2019\/05\/16\/con-los-pies-en-la-tierra-y-la-mirada-en-el-cielo\/","title":{"rendered":"Con los pies en la tierra y la mirada en el cielo"},"content":{"rendered":"<div class=\"row clearfix\">\n<div class=\"col-md-8\">\n<p><span style=\"font-weight: 400;\"><span class=\"dropcap \" style=\"background-color: #ffffff; color: #f79c00; border-color: #ffffff;\">H<\/span>oy 16 de mayo de 2019 nace en Villa Mar\u00eda una nueva voz para el pueblo: la voz de la Tribuna.<\/span><\/p>\n<p><span style=\"font-weight: 400;\">Nos emprendemos en este camino: el de la confrontaci\u00f3n con nosotros mismos abarcados bajo un mismo yo, una voz, un pueblo. Como dec\u00eda Julio Cort\u00e1zar, \u201cdesde peque\u00f1o, mi relaci\u00f3n con las palabras, con la escritura, no se diferencia de mi relaci\u00f3n con el mundo en general. Yo parezco haber nacido para no aceptar las cosas tal como me son dadas\u201d.<\/span><\/p>\n<p><span style=\"font-weight: 400;\">La lucha m\u00e1s importante que damos parte de asumirnos en este mundo en relaci\u00f3n con las palabras y las cosas, no para aceptarlas tal como est\u00e1n, sino para cambiarlas en conjunto con nuestros pares. Cambiarlas para construir un nuevo sentido, que exprese una nueva forma de entender los problemas que tenemos como pueblo, y as\u00ed poder resolverlos. \u00bfC\u00f3mo? En un nuevo y \u00fanico sentido: el sentido de la lucha por el \u201ctodo\u201d. De la \u00fanica forma posible, reconoci\u00e9ndonos como pueblo.<\/span><\/p>\n<p><span style=\"font-weight: 400;\">Algo aprendimos: que no es posible defenderse de nada sin dar pelea, que la formalidad jur\u00eddica, al decir del Mart\u00edn Fierro, \u201cno ofende a quien lo maneja\u201d. Que en Villa Mar\u00eda, hay mucho m\u00e1s para decir, sobre muchas cosas que ya se est\u00e1n haciendo. Que el cielo ser\u00e1 posible, si somos capaces de promover acciones asociativas que se despojen de su car\u00e1cter individual a un momento social, general.<\/span><\/p>\n<p><span style=\"font-weight: 400;\">M\u00e1s que nunca la importancia del asunto es organizarme con mi par: compa\u00f1ero de oficina, vecino de mi barrio, un colega productor familiar. Entonces, organizarme. Con los pies en la tierra, pero la mirada en el cielo. Siendo uno, pueblo.<\/span><\/p>\n<\/div>\n<\/div>\n","protected":false},"excerpt":{"rendered":"<p>Hoy 16 de mayo de 2019 nace en Villa Mar\u00eda una nueva voz para el pueblo: la voz de la Tribuna. Nos emprendemos en este camino: el de la confrontaci\u00f3n con nosotros mismos abarcados bajo un mismo yo, una voz, un pueblo. Como dec\u00eda Julio Cort\u00e1zar, \u201cdesde peque\u00f1o, mi relaci\u00f3n con las palabras, con la [&hellip;]<\/p>\n","protected":false},"author":2,"featured_media":573,"comment_status":"open","ping_status":"open","sticky":false,"template":"","format":"standard","meta":{"_exactmetrics_skip_tracking":false,"_exactmetrics_sitenote_active":false,"_exactmetrics_sitenote_note":"","_exactmetrics_sitenote_category":0,"jnews-multi-image_gallery":[],"jnews_single_post":{"source_name":"","source_url":"","via_name":"","via_url":"","override_template":"0","override":[{"template":"1","single_blog_custom":"","parallax":"1","fullscreen":"0","layout":"right-sidebar","sidebar":"default-sidebar","second_sidebar":"default-sidebar","sticky_sidebar":"1","share_position":"top","share_float_style":"share-monocrhome","show_share_counter":"1","show_view_counter":"1","show_featured":"1","show_post_meta":"1","show_post_author":"1","show_post_author_image":"1","show_post_date":"1","post_date_format":"default","post_date_format_custom":"Y\/m\/d","show_post_category":"1","show_post_reading_time":"0","post_reading_time_wpm":"300","show_zoom_button":"0","zoom_button_out_step":"2","zoom_button_in_step":"3","show_post_tag":"1","show_prev_next_post":"1","show_popup_post":"1","number_popup_post":"1","show_author_box":"0","show_post_related":"0","show_inline_post_related":"0"}],"override_image_size":"0","image_override":[{"single_post_thumbnail_size":"crop-500","single_post_gallery_size":"crop-500"}],"trending_post":"0","trending_post_position":"meta","trending_post_label":"Trending"},"jnews_primary_category":{"id":"26"},"jnews_social_meta":{"fb_title":"","fb_description":"","fb_image":"","twitter_title":"","twitter_description":"","twitter_image":""},"jnews_override_counter":{"override_view_counter":"0","view_counter_number":"0","override_share_counter":"0","share_counter_number":"0","override_like_counter":"0","like_counter_number":"0","override_dislike_counter":"0","dislike_counter_number":"0"},"_joinchat":[],"footnotes":""},"categories":[26],"tags":[30,37],"class_list":["post-297","post","type-post","status-publish","format-standard","has-post-thumbnail","hentry","category-editorial","tag-edicion-0","tag-editorial"],"_links":{"self":[{"href":"https:\/\/tribunavm.com.ar\/index.php\/wp-json\/wp\/v2\/posts\/297"}],"collection":[{"href":"https:\/\/tribunavm.com.ar\/index.php\/wp-json\/wp\/v2\/posts"}],"about":[{"href":"https:\/\/tribunavm.com.ar\/index.php\/wp-json\/wp\/v2\/types\/post"}],"author":[{"embeddable":true,"href":"https:\/\/tribunavm.com.ar\/index.php\/wp-json\/wp\/v2\/users\/2"}],"replies":[{"embeddable":true,"href":"https:\/\/tribunavm.com.ar\/index.php\/wp-json\/wp\/v2\/comments?post=297"}],"version-history":[{"count":6,"href":"https:\/\/tribunavm.com.ar\/index.php\/wp-json\/wp\/v2\/posts\/297\/revisions"}],"predecessor-version":[{"id":310,"href":"https:\/\/tribunavm.com.ar\/index.php\/wp-json\/wp\/v2\/posts\/297\/revisions\/310"}],"wp:featuredmedia":[{"embeddable":true,"href":"https:\/\/tribunavm.com.ar\/index.php\/wp-json\/wp\/v2\/media\/573"}],"wp:attachment":[{"href":"https:\/\/tribunavm.com.ar\/index.php\/wp-json\/wp\/v2\/media?parent=297"}],"wp:term":[{"taxonomy":"category","embeddable":true,"href":"https:\/\/tribunavm.com.ar\/index.php\/wp-json\/wp\/v2\/categories?post=297"},{"taxonomy":"post_tag","embeddable":true,"href":"https:\/\/tribunavm.com.ar\/index.php\/wp-json\/wp\/v2\/tags?post=297"}],"curies":[{"name":"wp","href":"https:\/\/api.w.org\/{rel}","templated":true}]}}