{"id":303,"date":"2019-05-16T15:25:42","date_gmt":"2019-05-16T15:25:42","guid":{"rendered":"https:\/\/tribunavm.com.ar\/?p=303"},"modified":"2019-10-21T18:12:19","modified_gmt":"2019-10-21T18:12:19","slug":"tramites-a-rio-iv-o-cordoba","status":"publish","type":"post","link":"https:\/\/tribunavm.com.ar\/index.php\/2019\/05\/16\/tramites-a-rio-iv-o-cordoba\/","title":{"rendered":"Tr\u00e1mites a Rio IV o Cordoba"},"content":{"rendered":"<div class=\"row clearfix\">\n<div class=\"col-md-8\">\n<p><span style=\"color: #212121; font-size: 1.5em; letter-spacing: -0.01em;\">Los trabajadores de ANSES se encuentran en alerta: la UDAI <\/span><span style=\"color: #212121; font-size: 1.5em; letter-spacing: -0.01em;\">(Unidad de Atenci\u00f3n Integral), responsable de los tr\u00e1mites <\/span><span style=\"color: #212121; font-size: 1.5em; letter-spacing: -0.01em;\">jubilatorios la zona, qued\u00f3 desafectada de sus funciones.<\/span><\/p>\n<p><span class=\"dropcap \" style=\"border-color: #ffffff; color: #ff9900;\">E<\/span>n Villa Mar\u00eda, <strong>la mesa funcionaba de forma provisoria<\/strong>, pudiendo resolver los tr\u00e1mites de jubilaci\u00f3n de forma total en la localidad. Ante la falta de asignaci\u00f3n de un abogado dictaminante, con la funci\u00f3n de reconocer y convalidar los documentos presentados, se imposibilita a partir del 11 abril a la UDAI local a completar el proceso de jubilaci\u00f3n, reduciendo su funci\u00f3n solo a la presentaci\u00f3n de la documentaci\u00f3n, derivada a partir de ahora a la Mesa de Computos de R\u00edo Cuarto, donde el solicitante deber\u00e1 acudir para completar el tr\u00e1mite.<br \/>\nLos trabajadores del ANSES, ante dicha problem\u00e1tica, a pesar de no tener efecto sobre ning\u00fan puesto de trabajo, resolvieron manifestarse,<strong> reconociendo en este reclamo un problema del conjunto de la comunidad<\/strong> villamariense y de la regi\u00f3n. \u201cNosotros lo estamos haciendo a diario, con panfletos y pusimos un cartel en la puerta del UDAI en la que explicamos porque estamos haciendo asamblea\u201d dijo Natalia Maranetto, trabajadora de ANSES.<br \/>\nA menos que se revierta la situaci\u00f3n planteada, cualquier trabajador que inicie sus tr\u00e1mites jubilatorios se enfrentar\u00e1 a un <strong>innecesario proceso burocr\u00e1tico<\/strong>, que traer\u00e1 aparejados gastos de viajes y tiempos, generando un contexto desfavorable (a\u00fan m\u00e1s) en el acceso a la seguridad social de toda la comunidad.<\/p>\n<\/div>\n<\/div>\n","protected":false},"excerpt":{"rendered":"<p>Los trabajadores de ANSES se encuentran en alerta: la UDAI (Unidad de Atenci\u00f3n Integral), responsable de los tr\u00e1mites jubilatorios la zona, qued\u00f3 desafectada de sus funciones. En Villa Mar\u00eda, la mesa funcionaba de forma provisoria, pudiendo resolver los tr\u00e1mites de jubilaci\u00f3n de forma total en la localidad. Ante la falta de asignaci\u00f3n de un abogado [&hellip;]<\/p>\n","protected":false},"author":2,"featured_media":438,"comment_status":"open","ping_status":"open","sticky":false,"template":"","format":"standard","meta":{"_exactmetrics_skip_tracking":false,"_exactmetrics_sitenote_active":false,"_exactmetrics_sitenote_note":"","_exactmetrics_sitenote_category":0,"jnews-multi-image_gallery":[],"jnews_single_post":{"source_name":"","source_url":"","via_name":"","via_url":"","override_template":"0","override":[{"template":"1","single_blog_custom":"","parallax":"1","fullscreen":"0","layout":"right-sidebar","sidebar":"default-sidebar","second_sidebar":"default-sidebar","sticky_sidebar":"1","share_position":"top","share_float_style":"share-monocrhome","show_share_counter":"1","show_view_counter":"1","show_featured":"1","show_post_meta":"1","show_post_author":"1","show_post_author_image":"1","show_post_date":"1","post_date_format":"default","post_date_format_custom":"Y\/m\/d","show_post_category":"1","show_post_reading_time":"0","post_reading_time_wpm":"300","show_zoom_button":"0","zoom_button_out_step":"2","zoom_button_in_step":"3","show_post_tag":"1","show_prev_next_post":"1","show_popup_post":"1","number_popup_post":"1","show_author_box":"0","show_post_related":"0","show_inline_post_related":"0"}],"override_image_size":"0","image_override":[{"single_post_thumbnail_size":"crop-500","single_post_gallery_size":"crop-500"}],"trending_post":"0","trending_post_position":"meta","trending_post_label":"Trending"},"jnews_primary_category":{"id":""},"jnews_social_meta":{"fb_title":"","fb_description":"","fb_image":"","twitter_title":"","twitter_description":"","twitter_image":""},"jnews_override_counter":{"override_view_counter":"0","view_counter_number":"0","override_share_counter":"0","share_counter_number":"0","override_like_counter":"0","like_counter_number":"0","override_dislike_counter":"0","dislike_counter_number":"0"},"_joinchat":[],"footnotes":""},"categories":[22],"tags":[30,35],"class_list":["post-303","post","type-post","status-publish","format-standard","has-post-thumbnail","hentry","category-actualidad","tag-edicion-0","tag-trabajadores"],"_links":{"self":[{"href":"https:\/\/tribunavm.com.ar\/index.php\/wp-json\/wp\/v2\/posts\/303"}],"collection":[{"href":"https:\/\/tribunavm.com.ar\/index.php\/wp-json\/wp\/v2\/posts"}],"about":[{"href":"https:\/\/tribunavm.com.ar\/index.php\/wp-json\/wp\/v2\/types\/post"}],"author":[{"embeddable":true,"href":"https:\/\/tribunavm.com.ar\/index.php\/wp-json\/wp\/v2\/users\/2"}],"replies":[{"embeddable":true,"href":"https:\/\/tribunavm.com.ar\/index.php\/wp-json\/wp\/v2\/comments?post=303"}],"version-history":[{"count":6,"href":"https:\/\/tribunavm.com.ar\/index.php\/wp-json\/wp\/v2\/posts\/303\/revisions"}],"predecessor-version":[{"id":431,"href":"https:\/\/tribunavm.com.ar\/index.php\/wp-json\/wp\/v2\/posts\/303\/revisions\/431"}],"wp:featuredmedia":[{"embeddable":true,"href":"https:\/\/tribunavm.com.ar\/index.php\/wp-json\/wp\/v2\/media\/438"}],"wp:attachment":[{"href":"https:\/\/tribunavm.com.ar\/index.php\/wp-json\/wp\/v2\/media?parent=303"}],"wp:term":[{"taxonomy":"category","embeddable":true,"href":"https:\/\/tribunavm.com.ar\/index.php\/wp-json\/wp\/v2\/categories?post=303"},{"taxonomy":"post_tag","embeddable":true,"href":"https:\/\/tribunavm.com.ar\/index.php\/wp-json\/wp\/v2\/tags?post=303"}],"curies":[{"name":"wp","href":"https:\/\/api.w.org\/{rel}","templated":true}]}}