{"id":308,"date":"2019-05-30T15:30:24","date_gmt":"2019-05-30T15:30:24","guid":{"rendered":"https:\/\/tribunavm.com.ar\/?p=308"},"modified":"2019-10-21T18:36:20","modified_gmt":"2019-10-21T18:36:20","slug":"sonria-lo-estamos-filmando","status":"publish","type":"post","link":"https:\/\/tribunavm.com.ar\/index.php\/2019\/05\/30\/sonria-lo-estamos-filmando\/","title":{"rendered":"Sonr\u00eda, lo estamos filmando"},"content":{"rendered":"<div class=\"row clearfix\">\n<div class=\"col-md-8\">\n<p><span style=\"color: #212121; font-size: 1.5em; letter-spacing: -0.01em;\">Villa Mar\u00eda contar\u00e1 con cerca de 260 c\u00e1maras de seguridad funcionando las 24hs, convirtiendos\u00e9 en la ciudad mas vigilada de la provincia de C\u00f3rdoba.<\/span><\/p>\n<p><span style=\"font-weight: 400;\"><span class=\"dropcap \" style=\"background-color: #ffffff; color: #dd9933; border-color: #ffffff;\">E<\/span>n conjunto con la Polic\u00eda de C\u00f3rdoba y el Gobierno de la Provincia, el intendente de la ciudad, Mart\u00edn Gil, inaugur\u00f3 el centro de monitoreo de las c\u00e1maras de seguridad en el Centro C\u00edvico.\u00a0<\/span><\/p>\n<p><span style=\"font-weight: 400;\">El Centro de Monitoreo es una sala con pantallas gigantes controlada por personal policial las 24hs del d\u00eda, donde hacen el seguimiento de cada una de las c\u00e1maras de la ciudad. Todos los videos se graban y <strong>quedan almacenados por 60 d\u00edas<\/strong> por cualquier \u201cdelito o infracci\u00f3n\u201d que se cometa.<\/span><\/p>\n<p><span style=\"font-weight: 400;\">Todo el sistema de c\u00e1maras cost\u00f3 en total, seg\u00fan los n\u00fameros oficiales, 32 millones de pesos, donde 20 millones son parte de la compra de infraestructura (c\u00e1maras, postes, etc.) y el resto en personal. Eso significa que todo el sistema cost\u00f3 2650 Salarios M\u00ednimo Vital y M\u00f3vil, y el 95% fue puesto por la Municipalidad.<\/span><\/p>\n<p><span style=\"font-weight: 400;\">Las \u00faltimas c\u00e1maras equipadas cuentan con una tecnolog\u00eda de giro de 360 grados, visualizan personas hasta por medio kilometro e identifican a cuerpos aun en la noche por medio de un sensor de calor. Martin Gil dijo a la prensa que \u201cno se trata de c\u00e1maras puestas en el centro, sino de una red de c\u00e1maras en toda la ciudad\u201d.<\/span><\/p>\n<p><img loading=\"lazy\" decoding=\"async\" class=\"alignnone wp-image-314\" src=\"https:\/\/tribunavm.com.ar\/wp-content\/uploads\/2019\/10\/camara-seguridad-300x169.jpg\" alt=\"\" width=\"740\" height=\"417\" srcset=\"https:\/\/tribunavm.com.ar\/wp-content\/uploads\/2019\/10\/camara-seguridad-300x169.jpg 300w, https:\/\/tribunavm.com.ar\/wp-content\/uploads\/2019\/10\/camara-seguridad.jpg 533w\" sizes=\"(max-width: 740px) 100vw, 740px\" \/><\/p>\n<p><span style=\"font-weight: 400;\">En mayo de 2012, ya el intendente Eduardo Accastello instal\u00f3 40 c\u00e1maras en la ciudad como parte de un programa provincial de Videovigilancia para la \u201cprevenci\u00f3n del delito\u201d. Desde ese momento hasta la actualidad el aumento de la vigilancia fue exponencial, llegando a 260 c\u00e1maras<\/span><\/p>\n<p><span style=\"font-weight: 400;\">Cabe aclarar que <strong>nadie de la ciudad puede a\u00fan tener acceso al contenido de las c\u00e1maras ni a su ubicaci\u00f3n, siendo este el sistema de seguridad m\u00e1s grande de la regi\u00f3n<\/strong>, estaremos siendo vigilados vayamos donde vayamos<\/span><\/p>\n<\/div>\n<div class=\"col-md-3\">\n<p>&nbsp;<\/p>\n<\/div>\n<\/div>\n","protected":false},"excerpt":{"rendered":"<p>Villa Mar\u00eda contar\u00e1 con cerca de 260 c\u00e1maras de seguridad funcionando las 24hs, convirtiendos\u00e9 en la ciudad mas vigilada de la provincia de C\u00f3rdoba. En conjunto con la Polic\u00eda de C\u00f3rdoba y el Gobierno de la Provincia, el intendente de la ciudad, Mart\u00edn Gil, inaugur\u00f3 el centro de monitoreo de las c\u00e1maras de seguridad en [&hellip;]<\/p>\n","protected":false},"author":2,"featured_media":312,"comment_status":"open","ping_status":"open","sticky":false,"template":"","format":"standard","meta":{"_exactmetrics_skip_tracking":false,"_exactmetrics_sitenote_active":false,"_exactmetrics_sitenote_note":"","_exactmetrics_sitenote_category":0,"jnews-multi-image_gallery":[],"jnews_single_post":{"source_name":"","source_url":"","via_name":"","via_url":"","override_template":"0","override":[{"template":"1","single_blog_custom":"","parallax":"1","fullscreen":"0","layout":"right-sidebar","sidebar":"default-sidebar","second_sidebar":"default-sidebar","sticky_sidebar":"1","share_position":"top","share_float_style":"share-monocrhome","show_share_counter":"1","show_view_counter":"1","show_featured":"1","show_post_meta":"1","show_post_author":"1","show_post_author_image":"1","show_post_date":"1","post_date_format":"default","post_date_format_custom":"Y\/m\/d","show_post_category":"1","show_post_reading_time":"0","post_reading_time_wpm":"300","show_zoom_button":"0","zoom_button_out_step":"2","zoom_button_in_step":"3","show_post_tag":"1","show_prev_next_post":"1","show_popup_post":"1","number_popup_post":"1","show_author_box":"0","show_post_related":"0","show_inline_post_related":"0"}],"override_image_size":"0","image_override":[{"single_post_thumbnail_size":"crop-500","single_post_gallery_size":"crop-500"}],"trending_post":"0","trending_post_position":"meta","trending_post_label":"Trending"},"jnews_primary_category":{"id":"22"},"jnews_social_meta":{"fb_title":"","fb_description":"","fb_image":"","twitter_title":"","twitter_description":"","twitter_image":""},"jnews_override_counter":{"override_view_counter":"0","view_counter_number":"0","override_share_counter":"0","share_counter_number":"0","override_like_counter":"0","like_counter_number":"0","override_dislike_counter":"0","dislike_counter_number":"0"},"_joinchat":[],"footnotes":""},"categories":[22],"tags":[32],"class_list":["post-308","post","type-post","status-publish","format-standard","has-post-thumbnail","hentry","category-actualidad","tag-edicion-1"],"_links":{"self":[{"href":"https:\/\/tribunavm.com.ar\/index.php\/wp-json\/wp\/v2\/posts\/308"}],"collection":[{"href":"https:\/\/tribunavm.com.ar\/index.php\/wp-json\/wp\/v2\/posts"}],"about":[{"href":"https:\/\/tribunavm.com.ar\/index.php\/wp-json\/wp\/v2\/types\/post"}],"author":[{"embeddable":true,"href":"https:\/\/tribunavm.com.ar\/index.php\/wp-json\/wp\/v2\/users\/2"}],"replies":[{"embeddable":true,"href":"https:\/\/tribunavm.com.ar\/index.php\/wp-json\/wp\/v2\/comments?post=308"}],"version-history":[{"count":1,"href":"https:\/\/tribunavm.com.ar\/index.php\/wp-json\/wp\/v2\/posts\/308\/revisions"}],"predecessor-version":[{"id":317,"href":"https:\/\/tribunavm.com.ar\/index.php\/wp-json\/wp\/v2\/posts\/308\/revisions\/317"}],"wp:featuredmedia":[{"embeddable":true,"href":"https:\/\/tribunavm.com.ar\/index.php\/wp-json\/wp\/v2\/media\/312"}],"wp:attachment":[{"href":"https:\/\/tribunavm.com.ar\/index.php\/wp-json\/wp\/v2\/media?parent=308"}],"wp:term":[{"taxonomy":"category","embeddable":true,"href":"https:\/\/tribunavm.com.ar\/index.php\/wp-json\/wp\/v2\/categories?post=308"},{"taxonomy":"post_tag","embeddable":true,"href":"https:\/\/tribunavm.com.ar\/index.php\/wp-json\/wp\/v2\/tags?post=308"}],"curies":[{"name":"wp","href":"https:\/\/api.w.org\/{rel}","templated":true}]}}