{"id":3089,"date":"2021-05-03T12:54:43","date_gmt":"2021-05-03T12:54:43","guid":{"rendered":"https:\/\/tribunavm.com.ar\/?p=3089"},"modified":"2021-05-03T12:54:43","modified_gmt":"2021-05-03T12:54:43","slug":"gobierno-busca-atenuar-la-suba-de-precios-de-los-alimentos","status":"publish","type":"post","link":"https:\/\/tribunavm.com.ar\/index.php\/2021\/05\/03\/gobierno-busca-atenuar-la-suba-de-precios-de-los-alimentos\/","title":{"rendered":"Gobierno busca atenuar la suba de precios de los alimentos"},"content":{"rendered":"<div class=\"row clearfix\">\n<div class=\"col-md-8\">\n<div class=\"intro-text\">\n<p>El Gobierno Nacional estableci\u00f3 nuevos controles a las empresas exportadoras agr\u00edcolas para evitar pr\u00e1cticas de evasi\u00f3n impositiva, y no descarta aplicar m\u00e1s medidas para \u201cdesacoplar\u201d los precios locales de los alimentos de los incrementos que est\u00e1n atravesando en el mercado mundial. Rechazo y alerta de las entidades rurales.<\/p>\n<\/div>\n<p><span class=\"dropcap \" style=\"background-color: #ffffff; color: #dd9933; border-color: #ffffff;\">E<\/span>l pasado lunes 19 de abril, el Ministerio de Agricultura public\u00f3 en su Bolet\u00edn Oficial nuevas exigencias para ejercer legalmente el comercio exterior de carnes, granos y l\u00e1cteos. Seg\u00fan la normativa que aplica al Reglamento Para la Inscripci\u00f3n en el Registro \u00danico de Operadores de la Cadena Agroindustrial (RUCA), estos nuevos requisitos \u201ctienden a reducir al m\u00e1ximo la existencia de operadores en circuitos marginales, informales e insolventes, que son los que mayores distorsiones producen en el adecuado funcionamiento del mercado interno y exportador&#8221;. En otras palabras, se busca evitar maniobras de subfacturaci\u00f3n y evasi\u00f3n tributaria que vienen realizando estas empresas exportadoras.<\/p>\n<p>Por otro lado, el mi\u00e9rcoles de esta semana la AFIP introdujo un nuevo mecanismo por el cual los exportadores agr\u00edcolas deber\u00e1n liquidar autom\u00e1ticamente las obligaciones tributarias correspondientes a sus operaciones. El nuevo sistema introducir\u00e1 el c\u00e1lculo y la generaci\u00f3n autom\u00e1tica de la liquidaci\u00f3n en concepto de derechos y est\u00edmulos a la exportaci\u00f3n en el momento del registro de la DJVE.<\/p>\n<p>La explicaci\u00f3n que subyace a estas nuevas reglamentaciones sali\u00f3 de boca de la Secretaria de Comercio Interior de Argentina, Paula Espa\u00f1ol, quien declar\u00f3 que \u201cel problema es desacoplar los precios de exportaci\u00f3n del precio interno\u201d, ya que \u201cel girasol en un a\u00f1o subi\u00f3 135% en d\u00f3lares\u201d, al igual que \u201ccon la soja y el ma\u00edz\u201d, prosigui\u00f3. La funcionaria aclar\u00f3 que est\u00e1n \u201ctrabajando para que frene el aumento de la carne\u201d, y que en ese camino no le \u201cva a temblar el pulso para tomar las medidas que haga falta para cuidar los precios (\u2026) se llamar\u00e1n retenciones, encajes, lo que est\u00e1 claro es que no podemos no hacer nada frente a este incremento de los precios internacionales&#8221;.<\/p>\n<p><strong>Precios sin freno<\/strong><\/p>\n<p>La alarma se encendi\u00f3 cuando se conocieron los datos de la inflaci\u00f3n de marzo que publica el INDEC, la cual lleg\u00f3 al valor m\u00e1s alto desde que Alberto Fern\u00e1ndez es presidente, con el 4,8% mensual, y un fuerte incremento en el valor de los alimentos. Adem\u00e1s, marzo marc\u00f3 un aumento del precio promedio de 24 cortes de carne en un 7,1% en relaci\u00f3n a febrero, y un acumulado del 75,1% en los \u00faltimos 12 meses, muy por encima de la inflaci\u00f3n interanual que fue del 42,6% en el mismo per\u00edodo.<\/p>\n<p>Estas cifras se conocen en un marco de incrementos anunciados en los precios internacionales de los commodities que la Argentina produce. En el mercado de Chicago, en el primer trimestre los valores promediaron los u$s 467 por tonelada de harina de soja -producto central del complejo-, mientras que el aceite super\u00f3 los u$s 1.080 por tonelada, expresando as\u00ed &#8220;un alza del 90% respecto de los precios de marzo del 2020, y una suba del 20% en lo que va del 2021&#8221;. Seg\u00fan el \u00faltimo informe de la Bolsa de Comercio de Rosario (BCR), las exportaciones del complejo sojero fueron las mayores de la historia, con u$s 5025 millones en el primer trimestre, m\u00e1s del doble de lo que el complejo hab\u00eda exportado en el primer trimestre del 2020.<\/p>\n<p><strong>Entidades agropecuarias en alerta<\/strong><\/p>\n<p>Sociedad Rural, Confederaciones Rurales Argentinas, Coninagro y Federaci\u00f3n Agraria, organizaciones que conforman la Comisi\u00f3n de Enlace de Entidades Agropecuarias (CEEA), se reunieron luego de estas medidas y emitieron un duro comunicado en el que se declaran en &#8220;estado de alerta&#8221;, y sostienen que esto &#8220;abre un tiempo de consulta con nuestras bases&#8221;, amenazando con la ejecuci\u00f3n de demostraciones de fuerza. Para las organizaciones, las nuevas regulaciones &#8220;recuerdan a los nefastos ROE (Registro de Operaciones de Exportaci\u00f3n, que funcion\u00f3 durante el anterior gobierno de Cristina Kirchner), por medio de los cuales se restring\u00edan y direccionaban discrecionalmente las exportaciones de bienes de origen agropecuario, y causaron un da\u00f1o irreparable a la producci\u00f3n&#8221;.<\/p>\n<p>En este marco de medidas y reacciones, el viernes pasado el Ministro de Agricultura de la Naci\u00f3n, Luis Basterra, y su segundo Jorge Solmi, se reunieron de manera virtual con la Mesa de Enlace, donde buscaron transmitirles a los ruralistas que las medidas no tocan al productor sino al sector comercial. Adem\u00e1s, las autoridades anticiparon que convocar\u00e1n al sector a trabajar en un plan para mejorar \u00edndices de producci\u00f3n, producir m\u00e1s y que se les presentar\u00e1n opciones de financiamiento v\u00eda el Banco Naci\u00f3n. Sin embargo, Daniel Pelegrina, presidente de la Sociedad Rural Argentina (SRA), sali\u00f3 a denunciar que \u201cla convocatoria llega tarde, con muchas medidas ya publicadas en el Bolet\u00edn Oficial, cuando nosotros espec\u00edficamente les ped\u00edamos conversar en forma previa a la implementaci\u00f3n de esas pol\u00edticas con impacto negativo sobre el sector, como nos hab\u00eda prometido el presidente en varias reuniones\u201d.<\/p>\n<p>Otro representante sectorial que se expres\u00f3 fue Carlos Iannizzotto, presidente de Coninagro, quien a trav\u00e9s de la red social Twitter dijo: \u201cEl intervencionismo erosiona la confianza. Medidas como estas irritan por su burocracia y discrecionalidad pol\u00edtica. Ya hemos probado que los productores no generan inflaci\u00f3n; para corregir la distorsi\u00f3n de precios, el control debe aplicarse a toda la cadena\u201d.<\/p>\n<p>Finalmente, Jorge Chemes, presidente de CRA se lament\u00f3 que \u201cel di\u00e1logo con el Gobierno no funcion\u00f3\u201d, para luego expresar una advertencia: \u201cnos est\u00e1 empujando a tomar medidas de fuerza, de protesta. Ahora entramos en una fase de consultar a nuestras bases para ver c\u00f3mo continuamos\u201d.<\/p>\n<\/div>\n<\/div>\n","protected":false},"excerpt":{"rendered":"<p>El Gobierno Nacional estableci\u00f3 nuevos controles a las empresas exportadoras agr\u00edcolas para evitar pr\u00e1cticas de evasi\u00f3n impositiva, y no descarta aplicar m\u00e1s medidas para \u201cdesacoplar\u201d los precios locales de los alimentos de los incrementos que est\u00e1n atravesando en el mercado mundial. Rechazo y alerta de las entidades rurales. El pasado lunes 19 de abril, el [&hellip;]<\/p>\n","protected":false},"author":2,"featured_media":3083,"comment_status":"open","ping_status":"open","sticky":false,"template":"","format":"standard","meta":{"_exactmetrics_skip_tracking":false,"_exactmetrics_sitenote_active":false,"_exactmetrics_sitenote_note":"","_exactmetrics_sitenote_category":0,"jnews-multi-image_gallery":[],"jnews_single_post":{"source_name":"","source_url":"","via_name":"","via_url":"","override_template":"0","override":[{"template":"1","single_blog_custom":"","parallax":"1","fullscreen":"1","layout":"right-sidebar","sidebar":"default-sidebar","second_sidebar":"default-sidebar","sticky_sidebar":"1","share_position":"top","share_float_style":"share-monocrhome","show_share_counter":"1","show_view_counter":"1","show_featured":"1","show_post_meta":"1","show_post_author":"1","show_post_author_image":"1","show_post_date":"1","post_date_format":"default","post_date_format_custom":"Y\/m\/d","show_post_category":"1","show_post_reading_time":"0","post_reading_time_wpm":"300","show_zoom_button":"0","zoom_button_out_step":"2","zoom_button_in_step":"3","show_post_tag":"1","show_prev_next_post":"1","show_popup_post":"1","number_popup_post":"1","show_author_box":"0","show_post_related":"0","show_inline_post_related":"0"}],"override_image_size":"0","image_override":[{"single_post_thumbnail_size":"crop-500","single_post_gallery_size":"crop-500"}],"trending_post":"0","trending_post_position":"meta","trending_post_label":"Trending","sponsored_post":"0","sponsored_post_label":"Sponsored by","sponsored_post_name":"","sponsored_post_url":"","sponsored_post_logo_enable":"0","sponsored_post_logo":"","sponsored_post_desc":""},"jnews_primary_category":{"id":""},"jnews_social_meta":{"fb_title":"","fb_description":"","fb_image":"","twitter_title":"","twitter_description":"","twitter_image":""},"jnews_override_counter":{"override_view_counter":"0","view_counter_number":"0","override_share_counter":"0","share_counter_number":"0","override_like_counter":"0","like_counter_number":"0","override_dislike_counter":"0","dislike_counter_number":"0"},"_joinchat":[],"footnotes":""},"categories":[22],"tags":[41,143],"class_list":["post-3089","post","type-post","status-publish","format-standard","has-post-thumbnail","hentry","category-actualidad","tag-agro","tag-edicion-50"],"_links":{"self":[{"href":"https:\/\/tribunavm.com.ar\/index.php\/wp-json\/wp\/v2\/posts\/3089"}],"collection":[{"href":"https:\/\/tribunavm.com.ar\/index.php\/wp-json\/wp\/v2\/posts"}],"about":[{"href":"https:\/\/tribunavm.com.ar\/index.php\/wp-json\/wp\/v2\/types\/post"}],"author":[{"embeddable":true,"href":"https:\/\/tribunavm.com.ar\/index.php\/wp-json\/wp\/v2\/users\/2"}],"replies":[{"embeddable":true,"href":"https:\/\/tribunavm.com.ar\/index.php\/wp-json\/wp\/v2\/comments?post=3089"}],"version-history":[{"count":1,"href":"https:\/\/tribunavm.com.ar\/index.php\/wp-json\/wp\/v2\/posts\/3089\/revisions"}],"predecessor-version":[{"id":3090,"href":"https:\/\/tribunavm.com.ar\/index.php\/wp-json\/wp\/v2\/posts\/3089\/revisions\/3090"}],"wp:featuredmedia":[{"embeddable":true,"href":"https:\/\/tribunavm.com.ar\/index.php\/wp-json\/wp\/v2\/media\/3083"}],"wp:attachment":[{"href":"https:\/\/tribunavm.com.ar\/index.php\/wp-json\/wp\/v2\/media?parent=3089"}],"wp:term":[{"taxonomy":"category","embeddable":true,"href":"https:\/\/tribunavm.com.ar\/index.php\/wp-json\/wp\/v2\/categories?post=3089"},{"taxonomy":"post_tag","embeddable":true,"href":"https:\/\/tribunavm.com.ar\/index.php\/wp-json\/wp\/v2\/tags?post=3089"}],"curies":[{"name":"wp","href":"https:\/\/api.w.org\/{rel}","templated":true}]}}