{"id":318,"date":"2019-05-30T15:41:08","date_gmt":"2019-05-30T15:41:08","guid":{"rendered":"https:\/\/tribunavm.com.ar\/?p=318"},"modified":"2019-10-21T16:26:43","modified_gmt":"2019-10-21T16:26:43","slug":"318","status":"publish","type":"post","link":"https:\/\/tribunavm.com.ar\/index.php\/2019\/05\/30\/318\/","title":{"rendered":"Paro general contra el ajuste"},"content":{"rendered":"<div class=\"row clearfix\">\n<div class=\"col-md-8\">\n<p><span style=\"color: #212121; font-size: 1.5em; letter-spacing: -0.01em;\">Las Centrales de Trabajadores junto a gremios de la ciudad acompa\u00f1aron la medida de paro convocada a nivel nacional.<\/span><\/p>\n<p><span style=\"font-weight: 400;\"><span class=\"dropcap \" style=\"background-color: #ffffff; color: #dd9933; border-color: #ffffff;\">L<\/span>a Confederaci\u00f3n General del Trabajo de la Rep\u00fablica Argentina (CGT) realiz\u00f3 el quinto paro general contra las medidas econ\u00f3micas del Gobierno Nacional el pasado mi\u00e9rcoles 29 de mayo. La adhesi\u00f3n fue contundente: los gremios de bancos, comercios, peajes, sector p\u00fablico, docentes, entre otros, pararon su actividad.<\/span><\/p>\n<p><span style=\"font-weight: 400;\">En la ciudad, Edgardo Garmendia, secretario general de la CGT Villa Mar\u00eda, dijo que hace a\u00f1os se viene exigiendo a la CGT nacional \u201cno solo un paro general, sino tambi\u00e9n un plan de lucha\u201d porque \u201cen las condiciones y la situaci\u00f3n econ\u00f3mica que estamos atravesando son muchos los perjudicados, sobre todo los m\u00e1s d\u00e9biles, como los trabajadores de la econom\u00eda popular y los jubilados\u201d.<\/span><\/p>\n<p><img loading=\"lazy\" decoding=\"async\" class=\"alignnone wp-image-346\" src=\"https:\/\/tribunavm.com.ar\/wp-content\/uploads\/2019\/10\/IMG_20190529_130747-Copy-300x225.jpg\" alt=\"\" width=\"711\" height=\"533\" srcset=\"https:\/\/tribunavm.com.ar\/wp-content\/uploads\/2019\/10\/IMG_20190529_130747-Copy-300x225.jpg 300w, https:\/\/tribunavm.com.ar\/wp-content\/uploads\/2019\/10\/IMG_20190529_130747-Copy-768x576.jpg 768w, https:\/\/tribunavm.com.ar\/wp-content\/uploads\/2019\/10\/IMG_20190529_130747-Copy-1024x768.jpg 1024w, https:\/\/tribunavm.com.ar\/wp-content\/uploads\/2019\/10\/IMG_20190529_130747-Copy-750x563.jpg 750w, https:\/\/tribunavm.com.ar\/wp-content\/uploads\/2019\/10\/IMG_20190529_130747-Copy-1140x855.jpg 1140w\" sizes=\"(max-width: 711px) 100vw, 711px\" \/><\/p>\n<p><span style=\"font-weight: 400;\">Desde la Central local se defini\u00f3 el acatamiento total a la medida y el acompa\u00f1amiento a las iniciativas que se realizaron en el marco de los 50 a\u00f1os del Cordobazo en la ciudad de C\u00f3rdoba. Adem\u00e1s, delegados gremiales viajaron por actividades y movilizaci\u00f3n a la ciudad de Buenos Aires.<\/span><\/p>\n<\/div>\n<div class=\"col-md-3\">\n<p>&nbsp;<\/p>\n<\/div>\n<\/div>\n","protected":false},"excerpt":{"rendered":"<p>Las Centrales de Trabajadores junto a gremios de la ciudad acompa\u00f1aron la medida de paro convocada a nivel nacional. La Confederaci\u00f3n General del Trabajo de la Rep\u00fablica Argentina (CGT) realiz\u00f3 el quinto paro general contra las medidas econ\u00f3micas del Gobierno Nacional el pasado mi\u00e9rcoles 29 de mayo. La adhesi\u00f3n fue contundente: los gremios de bancos, [&hellip;]<\/p>\n","protected":false},"author":2,"featured_media":335,"comment_status":"open","ping_status":"open","sticky":false,"template":"","format":"standard","meta":{"_exactmetrics_skip_tracking":false,"_exactmetrics_sitenote_active":false,"_exactmetrics_sitenote_note":"","_exactmetrics_sitenote_category":0,"jnews-multi-image_gallery":[],"jnews_single_post":{"source_name":"","source_url":"","via_name":"","via_url":"","override_template":"0","override":[{"template":"1","single_blog_custom":"","parallax":"1","fullscreen":"0","layout":"right-sidebar","sidebar":"default-sidebar","second_sidebar":"default-sidebar","sticky_sidebar":"1","share_position":"top","share_float_style":"share-monocrhome","show_share_counter":"1","show_view_counter":"1","show_featured":"1","show_post_meta":"1","show_post_author":"1","show_post_author_image":"1","show_post_date":"1","post_date_format":"default","post_date_format_custom":"Y\/m\/d","show_post_category":"1","show_post_reading_time":"0","post_reading_time_wpm":"300","show_zoom_button":"0","zoom_button_out_step":"2","zoom_button_in_step":"3","show_post_tag":"1","show_prev_next_post":"1","show_popup_post":"1","number_popup_post":"1","show_author_box":"0","show_post_related":"0","show_inline_post_related":"0"}],"override_image_size":"0","image_override":[{"single_post_thumbnail_size":"crop-500","single_post_gallery_size":"crop-500"}],"trending_post":"0","trending_post_position":"meta","trending_post_label":"Trending"},"jnews_primary_category":{"id":"22"},"jnews_social_meta":{"fb_title":"","fb_description":"","fb_image":"","twitter_title":"","twitter_description":"","twitter_image":""},"jnews_override_counter":{"override_view_counter":"0","view_counter_number":"0","override_share_counter":"0","share_counter_number":"0","override_like_counter":"0","like_counter_number":"0","override_dislike_counter":"0","dislike_counter_number":"0"},"_joinchat":[],"footnotes":""},"categories":[22],"tags":[32,35],"class_list":["post-318","post","type-post","status-publish","format-standard","has-post-thumbnail","hentry","category-actualidad","tag-edicion-1","tag-trabajadores"],"_links":{"self":[{"href":"https:\/\/tribunavm.com.ar\/index.php\/wp-json\/wp\/v2\/posts\/318"}],"collection":[{"href":"https:\/\/tribunavm.com.ar\/index.php\/wp-json\/wp\/v2\/posts"}],"about":[{"href":"https:\/\/tribunavm.com.ar\/index.php\/wp-json\/wp\/v2\/types\/post"}],"author":[{"embeddable":true,"href":"https:\/\/tribunavm.com.ar\/index.php\/wp-json\/wp\/v2\/users\/2"}],"replies":[{"embeddable":true,"href":"https:\/\/tribunavm.com.ar\/index.php\/wp-json\/wp\/v2\/comments?post=318"}],"version-history":[{"count":3,"href":"https:\/\/tribunavm.com.ar\/index.php\/wp-json\/wp\/v2\/posts\/318\/revisions"}],"predecessor-version":[{"id":362,"href":"https:\/\/tribunavm.com.ar\/index.php\/wp-json\/wp\/v2\/posts\/318\/revisions\/362"}],"wp:featuredmedia":[{"embeddable":true,"href":"https:\/\/tribunavm.com.ar\/index.php\/wp-json\/wp\/v2\/media\/335"}],"wp:attachment":[{"href":"https:\/\/tribunavm.com.ar\/index.php\/wp-json\/wp\/v2\/media?parent=318"}],"wp:term":[{"taxonomy":"category","embeddable":true,"href":"https:\/\/tribunavm.com.ar\/index.php\/wp-json\/wp\/v2\/categories?post=318"},{"taxonomy":"post_tag","embeddable":true,"href":"https:\/\/tribunavm.com.ar\/index.php\/wp-json\/wp\/v2\/tags?post=318"}],"curies":[{"name":"wp","href":"https:\/\/api.w.org\/{rel}","templated":true}]}}