{"id":323,"date":"2019-05-16T15:43:39","date_gmt":"2019-05-16T15:43:39","guid":{"rendered":"https:\/\/tribunavm.com.ar\/?p=323"},"modified":"2019-10-21T16:25:23","modified_gmt":"2019-10-21T16:25:23","slug":"nace-lugar-de-amparo","status":"publish","type":"post","link":"https:\/\/tribunavm.com.ar\/index.php\/2019\/05\/16\/nace-lugar-de-amparo\/","title":{"rendered":"Nace \u201cLugar de Amparo\u201d"},"content":{"rendered":"<div class=\"row clearfix\">\n<div class=\"col-md-8\">\n<div class=\"intro-text\">\n<p>Se realiz\u00f3 una jornada por la inauguraci\u00f3n del inicio formal de la Asociaci\u00f3n Jur\u00eddica \u201cLugar de Amparo\u201d en el barrio Nicol\u00e1s Avellaneda.<\/p>\n<\/div>\n<p><span class=\"dropcap \" style=\"background-color: #ffffff; color: #dd9933; border-color: #ffffff;\">L<\/span>as actividades se llevaron a cabo el d\u00eda s\u00e1bado 11 de mayo al mediod\u00eda en el Loteo \u201cSmitarello\u201d. Actualmente las actividades se hacen en el garaje de una de las coordinadoras del espacio. La organizaci\u00f3n, que se conform\u00f3 en septiembre del 2018, tiene como prop\u00f3sitos servir almuerzos y meriendas a ni\u00f1os y j\u00f3venes, realizar talleres y actividades de \u00edndole educativa, deportiva, cultural y recreativas, llevar a cabo acciones sociales de organizaci\u00f3n comunitaria en el espacio barrial, jornadas familiares y de convivencia entre los asistentes.<\/p>\n<blockquote class=\"pullquote align-right\"><p>\u201cEl comedor comenz\u00f3 con 8 ni\u00f1os\/as, hoy asisten entre 40 y 50 ni\u00f1os. En el ultimo tiempo tenemos 3 o 4 m\u00e1s por s\u00e1bado\u201d. Yamila Salgueiro, coordinadora del espacio.<\/p><\/blockquote>\n<p>En el acto de celebraci\u00f3n asistieron referentes<br \/>\ndel grupo de empresas sociales Gesta, estudiantes del instituto superior INESCER y la Universidad Nacional de Villa Mar\u00eda, vecinos y vecinas del barrio donde en conjunto al grupo de colaboradoras y los ni\u00f1os compartieron el almuerzo habitual de la organizaci\u00f3n social con actividades recreativas.<br \/>\nYamila, di\u00f3 el discurso de apertura: \u201cHoy celebramos la conformaci\u00f3n de la Asociaci\u00f3n Civil, sensibilizados por poder construir el camino para los que vendr\u00e1n, creyendo que se puede trabajar en conjunto por una sociedad m\u00e1s equitativa, en sue\u00f1os compartidos, en derechos conquistados, en fuerza colectiva para la transformaci\u00f3n cotidiana del presente y el futuro de nuestros ni\u00f1os y ni\u00f1as, teniendo en cuenta que desde el momento cero siempre fue nuestra premisa\u201d. En las proximas semanas se va a comenzar con la edificaci\u00f3n del comedor en el lugar del festejo, un salon de 6&#215;8 mts destinado a las actividades de la Asociaci\u00f3n, por lo que se necesitar\u00e1n materiales de contrucci\u00f3n y ayuda para el comienzo de la obra.<\/p>\n<\/div>\n<\/div>\n","protected":false},"excerpt":{"rendered":"<p>Se realiz\u00f3 una jornada por la inauguraci\u00f3n del inicio formal de la Asociaci\u00f3n Jur\u00eddica \u201cLugar de Amparo\u201d en el barrio Nicol\u00e1s Avellaneda. Las actividades se llevaron a cabo el d\u00eda s\u00e1bado 11 de mayo al mediod\u00eda en el Loteo \u201cSmitarello\u201d. Actualmente las actividades se hacen en el garaje de una de las coordinadoras del espacio. [&hellip;]<\/p>\n","protected":false},"author":2,"featured_media":334,"comment_status":"open","ping_status":"open","sticky":false,"template":"","format":"standard","meta":{"_exactmetrics_skip_tracking":false,"_exactmetrics_sitenote_active":false,"_exactmetrics_sitenote_note":"","_exactmetrics_sitenote_category":0,"jnews-multi-image_gallery":[],"jnews_single_post":{"source_name":"","source_url":"","via_name":"","via_url":"","override_template":"0","override":[{"template":"1","single_blog_custom":"","parallax":"1","fullscreen":"0","layout":"right-sidebar","sidebar":"default-sidebar","second_sidebar":"default-sidebar","sticky_sidebar":"1","share_position":"top","share_float_style":"share-monocrhome","show_share_counter":"1","show_view_counter":"1","show_featured":"1","show_post_meta":"1","show_post_author":"1","show_post_author_image":"1","show_post_date":"1","post_date_format":"default","post_date_format_custom":"Y\/m\/d","show_post_category":"1","show_post_reading_time":"0","post_reading_time_wpm":"300","show_zoom_button":"0","zoom_button_out_step":"2","zoom_button_in_step":"3","show_post_tag":"1","show_prev_next_post":"1","show_popup_post":"1","number_popup_post":"1","show_author_box":"0","show_post_related":"0","show_inline_post_related":"0"}],"override_image_size":"0","image_override":[{"single_post_thumbnail_size":"crop-500","single_post_gallery_size":"crop-500"}],"trending_post":"0","trending_post_position":"meta","trending_post_label":"Trending"},"jnews_primary_category":{"id":""},"jnews_social_meta":{"fb_title":"","fb_description":"","fb_image":"","twitter_title":"","twitter_description":"","twitter_image":""},"jnews_override_counter":{"override_view_counter":"0","view_counter_number":"0","override_share_counter":"0","share_counter_number":"0","override_like_counter":"0","like_counter_number":"0","override_dislike_counter":"0","dislike_counter_number":"0"},"_joinchat":[],"footnotes":""},"categories":[22],"tags":[30,34],"class_list":["post-323","post","type-post","status-publish","format-standard","has-post-thumbnail","hentry","category-actualidad","tag-edicion-0","tag-social"],"_links":{"self":[{"href":"https:\/\/tribunavm.com.ar\/index.php\/wp-json\/wp\/v2\/posts\/323"}],"collection":[{"href":"https:\/\/tribunavm.com.ar\/index.php\/wp-json\/wp\/v2\/posts"}],"about":[{"href":"https:\/\/tribunavm.com.ar\/index.php\/wp-json\/wp\/v2\/types\/post"}],"author":[{"embeddable":true,"href":"https:\/\/tribunavm.com.ar\/index.php\/wp-json\/wp\/v2\/users\/2"}],"replies":[{"embeddable":true,"href":"https:\/\/tribunavm.com.ar\/index.php\/wp-json\/wp\/v2\/comments?post=323"}],"version-history":[{"count":4,"href":"https:\/\/tribunavm.com.ar\/index.php\/wp-json\/wp\/v2\/posts\/323\/revisions"}],"predecessor-version":[{"id":343,"href":"https:\/\/tribunavm.com.ar\/index.php\/wp-json\/wp\/v2\/posts\/323\/revisions\/343"}],"wp:featuredmedia":[{"embeddable":true,"href":"https:\/\/tribunavm.com.ar\/index.php\/wp-json\/wp\/v2\/media\/334"}],"wp:attachment":[{"href":"https:\/\/tribunavm.com.ar\/index.php\/wp-json\/wp\/v2\/media?parent=323"}],"wp:term":[{"taxonomy":"category","embeddable":true,"href":"https:\/\/tribunavm.com.ar\/index.php\/wp-json\/wp\/v2\/categories?post=323"},{"taxonomy":"post_tag","embeddable":true,"href":"https:\/\/tribunavm.com.ar\/index.php\/wp-json\/wp\/v2\/tags?post=323"}],"curies":[{"name":"wp","href":"https:\/\/api.w.org\/{rel}","templated":true}]}}