{"id":3343,"date":"2021-06-03T23:29:53","date_gmt":"2021-06-03T23:29:53","guid":{"rendered":"https:\/\/tribunavm.com.ar\/?p=3343"},"modified":"2021-06-03T23:38:27","modified_gmt":"2021-06-03T23:38:27","slug":"la-lucha-por-vacunarse","status":"publish","type":"post","link":"https:\/\/tribunavm.com.ar\/index.php\/2021\/06\/03\/la-lucha-por-vacunarse\/","title":{"rendered":"La lucha por vacunarse"},"content":{"rendered":"<div class=\"row clearfix\">\n<div class=\"col-md-8\">\n<p><span style=\"color: #212121; font-size: 1.5em; letter-spacing: -0.01em;\">La preocupante situaci\u00f3n de los contagios de Covid-19 amenaza la vida de trabajadores de todos los sectores que sostienen actividades econ\u00f3micas esenciales.\u00a0<\/span><\/p>\n<p><span style=\"font-weight: 400;\"><span class=\"dropcap \" style=\"background-color: #ffffff; color: #dd9933; border-color: #ffffff;\">E<\/span>sta semana, el ministro de Salud de C\u00f3rdoba, Diego Cardozo, estim\u00f3 que para la pr\u00f3xima semana el nivel de ocupaci\u00f3n de camas cr\u00edticas de la provincia alcanzar\u00eda el 80%. Al d\u00eda de hoy, esa cifra ya lleg\u00f3 al 76%, de las 3.753 camas para Unidades de Terapia Intensiva (UTI).<\/span><\/p>\n<p><span style=\"font-weight: 400;\">En este contexto, la vida de miles de trabajadores depende de la posibilidad de ser inmunizados, a ra\u00edz de un sistema de salud que se encuentra colapsado y una crisis econ\u00f3mica que obliga a tener que de alguna u otra manera generar un ingreso para sobrevivir.<\/span><\/p>\n<p><span style=\"font-weight: 400;\">Es as\u00ed como las vacunas contra el coronavirus se han vuelto una urgente prioridad para todos los trabajadores de los distintos sectores que salen a la calle d\u00eda a d\u00eda afrontando el riesgo del contagio.<\/span><\/p>\n<p><span style=\"font-weight: 400;\">En nuestra ciudad, los bomberos voluntarios, ante un importante brote de contagios y la imposibilidad de convocar una movilizaci\u00f3n, hicieron sentir su reclamo desde la semana pasada con toque de sirenas en el cuartel local, en coordinaci\u00f3n con 15 cuarteles de la regi\u00f3n. Finalmente, Gustavo Nicola, jefe del cuartel, anunci\u00f3 que entre hoy y ma\u00f1ana ser\u00e1n vacunados el 100% del cuerpo de voluntarios.<\/span><\/p>\n<p><span style=\"font-weight: 400;\">Por su parte, el Sindicato \u00danico de Recolectores de Residuos y Barrido de C\u00f3rdoba (Surrbac) inici\u00f3 esta semana una manifestaci\u00f3n diaria frente a la Municipalidad con bocinazos desde los camiones recolectores. <strong>En di\u00e1logo con Tribuna, Cristian Cabral<\/strong>, delegado, coment\u00f3 que \u201cel gobierno de la ciudad nos ha discriminado porque nos consideran esenciales, desde el d\u00eda uno nos lo han dicho, pero nos desvincularon y nos ignoraron frente a la posibilidad de ser vacunados\u201d.<\/span><\/p>\n<p><span style=\"font-weight: 400;\">Por \u00faltimo, <strong>la regional Villa Mar\u00eda de la CGT<\/strong> public\u00f3 hoy un comunicado reiterando el pedido de priorizar las vacunaciones para trabajadores de transporte, cadetes, taxistas, mercantiles, bancarios, farmacia, industriales, empleados de la Justicia, alimentaci\u00f3n, recolectores de residuos, viajantes y docentes.<\/span><\/p>\n<figure id=\"attachment_3347\" aria-describedby=\"caption-attachment-3347\" style=\"width: 360px\" class=\"wp-caption aligncenter\"><img loading=\"lazy\" decoding=\"async\" class=\"wp-image-3347 size-jnews-360x504\" src=\"https:\/\/tribunavm.com.ar\/wp-content\/uploads\/2021\/06\/5c2cd801-c0bd-4088-b201-89a30ff677e4-360x504.jpg\" alt=\"\" width=\"360\" height=\"504\" \/><figcaption id=\"caption-attachment-3347\" class=\"wp-caption-text\">Comunicado de la CGT local.<\/figcaption><\/figure>\n<p><strong><span style=\"color: #ff9900;\">En el pa\u00eds<\/span><\/strong><\/p>\n<p><span style=\"font-weight: 400;\">Los gremios del sector naviero realizaron un paro de 48 horas, afectando el transporte y la distribuci\u00f3n de gas y petr\u00f3leo en el pa\u00eds, luego de m\u00e1s de cinco meses reclamando su incorporaci\u00f3n a la lista de prioridad. Hace dos semanas, un barco pesquero atrac\u00f3 en Comodoro Rivadavia con 22 tripulantes contagiados, impedidos de desembarcar y sin recibir la atenci\u00f3n m\u00e9dica. En esta situaci\u00f3n, la Asociaci\u00f3n Argentina de Capitanes Pilotos y Patrones de Pesca anunci\u00f3 un paro a nivel nacional en apoyo de los trabajadores, logrando en instantes que las autoridades de Comodoro Rivadavia permitieran que los marineros cursen la cuarentena en un hotel c\u00e9ntrico de la ciudad.<\/span><\/p>\n<p><span style=\"font-weight: 400;\">En Villa Constituci\u00f3n, los trabajadores metal\u00fargicos de la planta de Acindar enviaron una carta al ministro de Trabajo de Santa Fe, Juan Manuel Pusineri, reclamando su inclusi\u00f3n como prioritarios en el proceso de vacunaci\u00f3n, argumentando que el contexto \u201cpone a la poblaci\u00f3n local en riesgo a\u00fan mayor en caso de un nuevo rebrote dentro de la planta\u201d.<\/span><\/p>\n<p><span style=\"font-weight: 400;\">La semana pasada, el gobierno de la Ciudad de Buenos Aires comenz\u00f3 la vacunaci\u00f3n contra el coronavirus de los trabajadores de comedores y merenderos comunitarios, tras varios reclamos de las organizaciones sociales.<\/span><\/p>\n<p><span style=\"font-weight: 400;\">Por su parte, Guillermo Pereyra, secretario general del Sindicato de Petr\u00f3leo y Gas Privado de R\u00edo Negro, Neuqu\u00e9n y La Pampa reclam\u00f3 al Gobierno Nacional la habilitaci\u00f3n para la adquisici\u00f3n de vacunas contra la Covid-19 de forma particular para inmunizar a los trabajadores de la actividad. De no haber respuestas, el viernes 11 de junio los operarios abandonar\u00e1n sus puestos laborales.<\/span><\/p>\n<p><span style=\"font-weight: 400;\">Entre el recuento de organizaciones reclamando la inmunizaci\u00f3n de sus trabajadores, se encuentran, adem\u00e1s de las ya mencionadas, La Bancaria, la Asociaci\u00f3n Gremial del Personal del Mercado de Hacienda, Aeronavegantes y Camioneros, entre otros.<\/span><\/p>\n<p><span style=\"color: #ff9900;\"><b>Llamado global<\/b><\/span><\/p>\n<p><span style=\"font-weight: 400;\">En un comunicado conjunto, la directora gerente del Fondo Monetario Internacional (FMI), Kristalina Georgieva; el presidente del Banco Mundial, David Malpass; el director general de la Organizaci\u00f3n Mundial de la Salud (OMS), Tedros Adhanom Ghebreyesus, y la directora general de la Organizaci\u00f3n Mundial del Comercio (OMC), Nhozi Okonjo-Iweala, proponen a los gobiernos un plan de 50.000 millones de d\u00f3lares para poner fin a la pandemia y acelerar la recuperaci\u00f3n de la econom\u00eda, remarcando que la desigualdad en la distribuci\u00f3n de las vacunas est\u00e1 dejando a \u201cmillones de personas vulnerables\u201d, <strong>profundizando las \u201cdivergencias\u201d econ\u00f3micas entre las naciones m\u00e1s ricas y las m\u00e1s pobres<\/strong>.<\/span><\/p>\n<\/div>\n<\/div>\n","protected":false},"excerpt":{"rendered":"<p>La preocupante situaci\u00f3n de los contagios de Covid-19 amenaza la vida de trabajadores de todos los sectores que sostienen actividades econ\u00f3micas esenciales.\u00a0 Esta semana, el ministro de Salud de C\u00f3rdoba, Diego Cardozo, estim\u00f3 que para la pr\u00f3xima semana el nivel de ocupaci\u00f3n de camas cr\u00edticas de la provincia alcanzar\u00eda el 80%. Al d\u00eda de hoy, [&hellip;]<\/p>\n","protected":false},"author":2,"featured_media":3344,"comment_status":"open","ping_status":"open","sticky":false,"template":"","format":"standard","meta":{"_exactmetrics_skip_tracking":false,"_exactmetrics_sitenote_active":false,"_exactmetrics_sitenote_note":"","_exactmetrics_sitenote_category":0,"jnews-multi-image_gallery":[],"jnews_single_post":{"source_name":"","source_url":"","via_name":"","via_url":"","override_template":"0","override":[{"template":"1","single_blog_custom":"","parallax":"1","fullscreen":"1","layout":"right-sidebar","sidebar":"default-sidebar","second_sidebar":"default-sidebar","sticky_sidebar":"1","share_position":"top","share_float_style":"share-monocrhome","show_share_counter":"1","show_view_counter":"1","show_featured":"1","show_post_meta":"1","show_post_author":"1","show_post_author_image":"1","show_post_date":"1","post_date_format":"default","post_date_format_custom":"Y\/m\/d","show_post_category":"1","show_post_reading_time":"0","post_reading_time_wpm":"300","show_zoom_button":"0","zoom_button_out_step":"2","zoom_button_in_step":"3","show_post_tag":"1","show_prev_next_post":"1","show_popup_post":"1","number_popup_post":"1","show_author_box":"0","show_post_related":"0","show_inline_post_related":"0"}],"override_image_size":"0","image_override":[{"single_post_thumbnail_size":"crop-500","single_post_gallery_size":"crop-500"}],"trending_post":"0","trending_post_position":"meta","trending_post_label":"Trending","sponsored_post":"0","sponsored_post_label":"Sponsored by","sponsored_post_name":"","sponsored_post_url":"","sponsored_post_logo_enable":"0","sponsored_post_logo":"","sponsored_post_desc":""},"jnews_primary_category":{"id":""},"jnews_social_meta":{"fb_title":"","fb_description":"","fb_image":"","twitter_title":"","twitter_description":"","twitter_image":""},"jnews_override_counter":{"override_view_counter":"0","view_counter_number":"0","override_share_counter":"0","share_counter_number":"0","override_like_counter":"0","like_counter_number":"0","override_dislike_counter":"0","dislike_counter_number":"0"},"_joinchat":[],"footnotes":""},"categories":[22],"tags":[152,35],"class_list":["post-3343","post","type-post","status-publish","format-standard","has-post-thumbnail","hentry","category-actualidad","tag-edicion-55","tag-trabajadores"],"_links":{"self":[{"href":"https:\/\/tribunavm.com.ar\/index.php\/wp-json\/wp\/v2\/posts\/3343"}],"collection":[{"href":"https:\/\/tribunavm.com.ar\/index.php\/wp-json\/wp\/v2\/posts"}],"about":[{"href":"https:\/\/tribunavm.com.ar\/index.php\/wp-json\/wp\/v2\/types\/post"}],"author":[{"embeddable":true,"href":"https:\/\/tribunavm.com.ar\/index.php\/wp-json\/wp\/v2\/users\/2"}],"replies":[{"embeddable":true,"href":"https:\/\/tribunavm.com.ar\/index.php\/wp-json\/wp\/v2\/comments?post=3343"}],"version-history":[{"count":4,"href":"https:\/\/tribunavm.com.ar\/index.php\/wp-json\/wp\/v2\/posts\/3343\/revisions"}],"predecessor-version":[{"id":3349,"href":"https:\/\/tribunavm.com.ar\/index.php\/wp-json\/wp\/v2\/posts\/3343\/revisions\/3349"}],"wp:featuredmedia":[{"embeddable":true,"href":"https:\/\/tribunavm.com.ar\/index.php\/wp-json\/wp\/v2\/media\/3344"}],"wp:attachment":[{"href":"https:\/\/tribunavm.com.ar\/index.php\/wp-json\/wp\/v2\/media?parent=3343"}],"wp:term":[{"taxonomy":"category","embeddable":true,"href":"https:\/\/tribunavm.com.ar\/index.php\/wp-json\/wp\/v2\/categories?post=3343"},{"taxonomy":"post_tag","embeddable":true,"href":"https:\/\/tribunavm.com.ar\/index.php\/wp-json\/wp\/v2\/tags?post=3343"}],"curies":[{"name":"wp","href":"https:\/\/api.w.org\/{rel}","templated":true}]}}