{"id":3405,"date":"2021-06-11T00:13:51","date_gmt":"2021-06-11T00:13:51","guid":{"rendered":"https:\/\/tribunavm.com.ar\/?p=3405"},"modified":"2021-06-11T14:42:50","modified_gmt":"2021-06-11T14:42:50","slug":"llego-la-pandemia-se-fueron-las-becas","status":"publish","type":"post","link":"https:\/\/tribunavm.com.ar\/index.php\/2021\/06\/11\/llego-la-pandemia-se-fueron-las-becas\/","title":{"rendered":"Lleg\u00f3 la pandemia, se fueron las becas"},"content":{"rendered":"<div class=\"row clearfix\">\n<div class=\"col-md-8\">\n<p><i style=\"color: #212121; font-size: 1.5em; letter-spacing: -0.01em;\">Mientras miles de j\u00f3venes experimentan las dificultades de la educaci\u00f3n virtual, los estudiantes tambi\u00e9n afrontan los costos que la modalidad demanda sin acceder a becas que representan importantes apoyos para la continuidad de sus estudios.<\/i><\/p>\n<p><span style=\"font-weight: 400;\"><span class=\"dropcap \" style=\"background-color: #ffffff; color: #dd9933; border-color: #ffffff;\">L<\/span>a beca Progresar es un programa lanzado en Argentina en el a\u00f1o 2014 para ayudar con una remuneraci\u00f3n econ\u00f3mica a estudiantes que tengan entre 18 y 24 a\u00f1os y se encuentren desempleados formalmente. Desde su aprobaci\u00f3n ha sufrido algunos cambios, principalmente en el a\u00f1o 2018 donde dej\u00f3 de ser una ayuda universal que s\u00f3lo requer\u00eda la permanencia en la instituci\u00f3n educativa y se convierte en una beca m\u00e9rito, justificando un ajuste del programa en la reducci\u00f3n de beneficiarios.<\/span><\/p>\n<p><span style=\"font-weight: 400;\">En sus inicios cada estudiante cobraba una cuota mensual de $600 pesos, solo en 2015 este monto aumenta a $900 pesos y <\/span><b>se congela hasta el 2018<\/b><span style=\"font-weight: 400;\">, donde se efect\u00faan los cambios y se dejan afuera a m\u00e1s de 300.000 mil estudiantes por no cumplir con la exigencia de estar al d\u00eda en todas las materias que corresponden al a\u00f1o que se estaba cursando.\u00a0<\/span><\/p>\n<p><b>En Argentina 5 de cada 10 jovenes de entre 15 y 29 a\u00f1os no llegan a cubrir las necesidades b\u00e1sicas alimentarias<\/b><span style=\"font-weight: 400;\"> ver <\/span><a href=\"https:\/\/tribunavm.com.ar\/index.php\/2021\/06\/07\/condiciones-de-vida-en-argentina\/\"><span style=\"font-weight: 400;\">https:\/\/tribunavm.com.ar\/index.php\/2021\/06\/07\/condiciones-de-vida-en-argentina\/<\/span><\/a><\/p>\n<p><span style=\"font-weight: 400;\">La beca inicialmente se pagaba todos los meses del a\u00f1o, concentrando marzo los pagos de los tres primeros meses que se encuentra en evaluaci\u00f3n. Esto cambi\u00f3 en 2018 y solo se paga 10 meses, diferenciando su monto en las diferentes carreras algunas consideradas estrat\u00e9gicas y otras que no y son las que reciben el menor pago.\u00a0<\/span><\/p>\n<p><span style=\"font-weight: 400;\">La convocatoria finaliz\u00f3 a fines de abril pero <\/span><b>entrando a junio todav\u00eda siguen en evaluaci\u00f3n la mayor\u00eda de los casos. Frente a ello, y s<\/b><span style=\"font-weight: 400;\">in recibir respuesta por parte de las autoridades del ANSES, estudiantes de distintas federaciones estudiantiles del pa\u00eds decidieron salir a reclamar por la situaci\u00f3n.\u00a0<\/span><\/p>\n<p><span style=\"font-weight: 400;\">Stefano Tiezzi, estudiante de la carrera de Ciencia Pol\u00edtica y secretario acad\u00e9mico de la Federaci\u00f3n Universitaria de Villa Mar\u00eda, coment\u00f3 a Tribuna que \u201cmuchos estudiantes necesitan ese apoyo econ\u00f3mico para poder estudiar, no se puede estudiar y dedicar todo el tiempo que conlleva sin tener garantizado las necesidades b\u00e1sicas, adem\u00e1s los estudiantes ocupamos el rango etario que m\u00e1s se ve afectado debido a las imposibilidades de acceder a trabajos que no sean tan exigente y nos permitan seguir estudiando.\u00a0<\/span><\/p>\n<p><strong>\u00bfCu\u00e1les son las acciones a realizar debido a esta situaci\u00f3n?<\/strong><\/p>\n<p><span style=\"font-weight: 400;\">Es una situaci\u00f3n que nos empez\u00f3 a preocupar, llegamos a la mitad de a\u00f1o y a\u00fan no contamos con la beca que es fundamental para muchos estudiantes. Vamos a seguir reuni\u00e9ndonos con las autoridades que hace meses nos prometieron aumentos y beneficios que se iban a implementar este a\u00f1o para que efectivamente sea as\u00ed.\u00a0<\/span><\/p>\n<p><span style=\"font-weight: 400;\">Joaqu\u00edn Caporale, estudiante de psicolog\u00eda de la Universidad Nacional de la Plata y militante de la agrupaci\u00f3n Izquierda universitaria, en conversaci\u00f3n con el equipo:\u00a0<\/span><\/p>\n<p><span style=\"font-weight: 400;\">Para empezar debemos se\u00f1alar que la situaci\u00f3n de los j\u00f3venes estudiantes tanto universitarios como terciarios viene en decadencia. Somos los j\u00f3venes los que m\u00e1s sufrimos el desempleo, ya que nuestras posibilidades de conseguir un laburo estable son muy escasas. La beca Progresar, si bien consideramos que es un paliativo en esta situaci\u00f3n de crisis, creemos que es fundamental que podamos recibirla, siendo ya mitad de a\u00f1o y en el marco de que muchos seguimos en estado de evaluaci\u00f3n, adem\u00e1s de los masivos rechazos de la beca. Es necesario que asignen ya las becas para todxs, en el marco de que muchos estudiantes estamos intentando sostener las cursadas.\u00a0<\/span><\/p>\n<figure id=\"attachment_3400\" aria-describedby=\"caption-attachment-3400\" style=\"width: 1280px\" class=\"wp-caption aligncenter\"><img loading=\"lazy\" decoding=\"async\" class=\"wp-image-3400 size-full\" src=\"https:\/\/tribunavm.com.ar\/wp-content\/uploads\/2021\/06\/3b9a39b5-16ae-4c2c-8bb4-83f62acdf042.jpg\" alt=\"\" width=\"1280\" height=\"375\" srcset=\"https:\/\/tribunavm.com.ar\/wp-content\/uploads\/2021\/06\/3b9a39b5-16ae-4c2c-8bb4-83f62acdf042.jpg 1280w, https:\/\/tribunavm.com.ar\/wp-content\/uploads\/2021\/06\/3b9a39b5-16ae-4c2c-8bb4-83f62acdf042-300x88.jpg 300w, https:\/\/tribunavm.com.ar\/wp-content\/uploads\/2021\/06\/3b9a39b5-16ae-4c2c-8bb4-83f62acdf042-1024x300.jpg 1024w, https:\/\/tribunavm.com.ar\/wp-content\/uploads\/2021\/06\/3b9a39b5-16ae-4c2c-8bb4-83f62acdf042-768x225.jpg 768w, https:\/\/tribunavm.com.ar\/wp-content\/uploads\/2021\/06\/3b9a39b5-16ae-4c2c-8bb4-83f62acdf042-750x220.jpg 750w, https:\/\/tribunavm.com.ar\/wp-content\/uploads\/2021\/06\/3b9a39b5-16ae-4c2c-8bb4-83f62acdf042-1140x334.jpg 1140w\" sizes=\"(max-width: 1280px) 100vw, 1280px\" \/><figcaption id=\"caption-attachment-3400\" class=\"wp-caption-text\">Manifestaci\u00f3n frente al Administraci\u00f3n Nacional de la Seguridad Social (ANSES), La Plata<\/figcaption><\/figure>\n<p><span style=\"font-weight: 400;\">Tambi\u00e9n debemos remarcar que las dem\u00e1s organizaciones y representantes estudiantiles que conducen nuestras federaciones o centros de estudiantes, que son las que tienen que estar impulsando espacios de asamblea para organizarnos por esto, solo buscan contener el malestar y desalentar a lxs estudiantes a que exijan sus derechos. Estar del lado de las autoridades universitarias, es hoy es ser c\u00f3mplices de los ajustadores, porque no son cr\u00edticos con lo que est\u00e1 pasando.\u00a0<\/span><\/p>\n<p><b>\u00bfQu\u00e9<\/b><strong>\u00a0significa la beca progresar?<\/strong><\/p>\n<p><span style=\"font-weight: 400;\">El malestar en el estudiantado es general y la beca ayuda a enfrentar los gastos que tenemos, sin ir m\u00e1s lejos a\u00f1os anteriores ten\u00edamos becas al comedor en la UNLP que hoy ya no se asignan a todxs lxs que la precisan, si bien estas mismas no alcanzan por sus montos irrisorios, son necesarias.\u00a0<\/span><\/p>\n<p><span style=\"font-weight: 400;\">Creemos que tanto el Ministro de Educaci\u00f3n Trotta como Alberto Fernandez est\u00e1n siendo ejecutores del ajuste que hoy sufrimos, porque hacen pactos con el FMI para pagar deudas usureras, a costa del hambre de todo el pueblo.\u00a0<\/span><\/p>\n<p><strong>\u00bfCu\u00e1les son las acciones a futuro?<\/strong><\/p>\n<p><span style=\"font-weight: 400;\">Nosotres realizamos movidas virtuales y no abandonamos las calles, por ejemplo cuando no nos aprobaban en la universidad la extensi\u00f3n de las correlativas impulsamos un env\u00edo de mails masivos, para que las autoridades nos den una respuesta, y con respecto a la beca progresar nos movilizamos a ANSES para exigir que nos den la beca a todxs, pero la direcci\u00f3n solo sostuvo que se vienen cambios en las ampliaciones en torno a la beca y que ellos no pueden hacer nada.\u00a0<\/span><\/p>\n<p><span style=\"font-weight: 400;\">Nosotrxs vamos a seguir luchando, tanto de manera virtual como en la calle, por un IFE de 40.000 pesos y por las becas que nos faltan. Vamos a seguir la pelea, como lo hicimos en el 2018, cuando tomamos las facultades contra el ajuste de Macri en educaci\u00f3n. En este marco, tambi\u00e9n nos solidarizamos con el reclamo por la absoluci\u00f3n de lxs 27 compa\u00f1erxs de C\u00f3rdoba, que est\u00e1n siendo procesadxs por luchar.<\/span><\/p>\n<p><span style=\"font-weight: 400;\">Estudiantes de la agrupaci\u00f3n SAL, que participan en la Federaci\u00f3n Universitaria de Rio Cuarto comentaron lo siguiente:\u00a0<\/span><\/p>\n<p><span style=\"font-weight: 400;\">Por el momento sabemos que hay muchos compa\u00f1eros y compa\u00f1eras que han solicitado el PROGRESAR y todav\u00eda estamos a la espera de los resultados. Sabemos que es una beca muy importante ya que nos permite seguir estudiando sin tener que recurrir a trabajar y ocupar el tiempo en otras cosas para poder conseguir el mango, y tambi\u00e9n teniendo en cuenta la dur\u00edsima situaci\u00f3n que atraviesa el pa\u00eds y el mundo, donde no solo que hay poco laburo, sino que son en p\u00e9simas condiciones, con salarios muy por debajo de garantizar las condiciones m\u00ednimas y necesarias para vivir . Sin olvidarnos que con la plata que estamos pagando todos y todas la estrepitosa deuda de la cual terminamos siendo los herederos y herederas, podr\u00edamos haber tenido una mejora en los presupuestos educativos en todas las provincias y en todos los niveles. Estamos a la espera de los resultados, pero el hecho de que llegue en estas fechas ya es medio tarde para aquellos que lo necesitaban.\u00a0<\/span><\/p>\n<p><span style=\"font-weight: 400;\">Tambi\u00e9n para las y los estudiantes es muy importante que el comedor vuelva a funcionar porque garantiza una alimentaci\u00f3n saludable, nutritiva a muy bajo costo, o por lo menos necesitamos pensar en alguna alternativa a ese derecho que cre\u00edamos adquirido.<\/span><\/p>\n<p><span style=\"font-weight: 400;\">Tambi\u00e9n nos parece importante pensar que en este contexto donde visualizamos un cambio del paradigma de la educaci\u00f3n es importante que esta herramienta pueda estar a la altura de esas circunstancias, en ese sentido hoy para acceder al sistema educativo necesariamente hay que contar una computadora, un celular e internet en tu casa, si no quedas autom\u00e1ticamente excluido.\u00a0<\/span><\/p>\n<p><span style=\"font-weight: 400;\">La beca PROGRESAR<\/span><b> tiene que volver a recuperar la identidad con la cual naci\u00f3, que es la de acompa\u00f1ar los procesos educativos de todo el estudiantado<\/b><span style=\"font-weight: 400;\">, y no como el premio meritocr\u00e1tico de la cual en estos \u00faltimos a\u00f1os fue teniendo.\u00a0<\/span><\/p>\n<p><span style=\"font-weight: 400;\">Estamos a la espera de que se complete la entrega de los resultados de las becas para poder pensar en acciones en cuanto al PROGRESAR, pero seguimos avanzando en otras cuestiones que hacen al bienestar universitario como son el acceso a una beca de conectividad que sea eficiente, la reapertura del comedor para poder comer bien y barato, y en becas de trabajos para que compa\u00f1eros y compa\u00f1eras puedan reparar los celulares y computadoras y no se pierdan clases o dejen de cursar porque no tienen estos elementos que hoy se volvieron esenciales para ser estudiante.<\/span><\/p>\n<\/div>\n<div class=\"col-md-3\">\n<p>&nbsp;<\/p>\n<\/div>\n<\/div>\n","protected":false},"excerpt":{"rendered":"<p>Mientras miles de j\u00f3venes experimentan las dificultades de la educaci\u00f3n virtual, los estudiantes tambi\u00e9n afrontan los costos que la modalidad demanda sin acceder a becas que representan importantes apoyos para la continuidad de sus estudios. La beca Progresar es un programa lanzado en Argentina en el a\u00f1o 2014 para ayudar con una remuneraci\u00f3n econ\u00f3mica a [&hellip;]<\/p>\n","protected":false},"author":2,"featured_media":3406,"comment_status":"open","ping_status":"open","sticky":false,"template":"","format":"standard","meta":{"_exactmetrics_skip_tracking":false,"_exactmetrics_sitenote_active":false,"_exactmetrics_sitenote_note":"","_exactmetrics_sitenote_category":0,"jnews-multi-image_gallery":[],"jnews_single_post":{"source_name":"","source_url":"","via_name":"","via_url":"","override_template":"0","override":[{"template":"1","single_blog_custom":"","parallax":"1","fullscreen":"1","layout":"right-sidebar","sidebar":"default-sidebar","second_sidebar":"default-sidebar","sticky_sidebar":"1","share_position":"top","share_float_style":"share-monocrhome","show_share_counter":"1","show_view_counter":"1","show_featured":"1","show_post_meta":"1","show_post_author":"1","show_post_author_image":"1","show_post_date":"1","post_date_format":"default","post_date_format_custom":"Y\/m\/d","show_post_category":"1","show_post_reading_time":"0","post_reading_time_wpm":"300","show_zoom_button":"0","zoom_button_out_step":"2","zoom_button_in_step":"3","show_post_tag":"1","show_prev_next_post":"1","show_popup_post":"1","number_popup_post":"1","show_author_box":"0","show_post_related":"0","show_inline_post_related":"0"}],"override_image_size":"0","image_override":[{"single_post_thumbnail_size":"crop-500","single_post_gallery_size":"crop-500"}],"trending_post":"0","trending_post_position":"meta","trending_post_label":"Trending","sponsored_post":"0","sponsored_post_label":"Sponsored by","sponsored_post_name":"","sponsored_post_url":"","sponsored_post_logo_enable":"0","sponsored_post_logo":"","sponsored_post_desc":""},"jnews_primary_category":{"id":"22"},"jnews_social_meta":{"fb_title":"","fb_description":"","fb_image":"","twitter_title":"","twitter_description":"","twitter_image":""},"jnews_override_counter":{"override_view_counter":"0","view_counter_number":"0","override_share_counter":"0","share_counter_number":"0","override_like_counter":"0","like_counter_number":"0","override_dislike_counter":"0","dislike_counter_number":"0"},"_joinchat":[],"footnotes":""},"categories":[23,22],"tags":[154,72,50,78],"class_list":["post-3405","post","type-post","status-publish","format-standard","has-post-thumbnail","hentry","category-analisis","category-actualidad","tag-edicion-56","tag-edicion-digital","tag-educacion","tag-estudiantes"],"_links":{"self":[{"href":"https:\/\/tribunavm.com.ar\/index.php\/wp-json\/wp\/v2\/posts\/3405"}],"collection":[{"href":"https:\/\/tribunavm.com.ar\/index.php\/wp-json\/wp\/v2\/posts"}],"about":[{"href":"https:\/\/tribunavm.com.ar\/index.php\/wp-json\/wp\/v2\/types\/post"}],"author":[{"embeddable":true,"href":"https:\/\/tribunavm.com.ar\/index.php\/wp-json\/wp\/v2\/users\/2"}],"replies":[{"embeddable":true,"href":"https:\/\/tribunavm.com.ar\/index.php\/wp-json\/wp\/v2\/comments?post=3405"}],"version-history":[{"count":3,"href":"https:\/\/tribunavm.com.ar\/index.php\/wp-json\/wp\/v2\/posts\/3405\/revisions"}],"predecessor-version":[{"id":3416,"href":"https:\/\/tribunavm.com.ar\/index.php\/wp-json\/wp\/v2\/posts\/3405\/revisions\/3416"}],"wp:featuredmedia":[{"embeddable":true,"href":"https:\/\/tribunavm.com.ar\/index.php\/wp-json\/wp\/v2\/media\/3406"}],"wp:attachment":[{"href":"https:\/\/tribunavm.com.ar\/index.php\/wp-json\/wp\/v2\/media?parent=3405"}],"wp:term":[{"taxonomy":"category","embeddable":true,"href":"https:\/\/tribunavm.com.ar\/index.php\/wp-json\/wp\/v2\/categories?post=3405"},{"taxonomy":"post_tag","embeddable":true,"href":"https:\/\/tribunavm.com.ar\/index.php\/wp-json\/wp\/v2\/tags?post=3405"}],"curies":[{"name":"wp","href":"https:\/\/api.w.org\/{rel}","templated":true}]}}