{"id":3442,"date":"2021-06-16T00:19:42","date_gmt":"2021-06-16T00:19:42","guid":{"rendered":"https:\/\/tribunavm.com.ar\/?p=3442"},"modified":"2021-07-30T20:33:24","modified_gmt":"2021-07-30T20:33:24","slug":"organizan-colectivamente-el-alimento","status":"publish","type":"post","link":"https:\/\/tribunavm.com.ar\/index.php\/2021\/06\/16\/organizan-colectivamente-el-alimento\/","title":{"rendered":"Organizan colectivamente el alimento"},"content":{"rendered":"<div class=\"row clearfix\">\n<div class=\"col-md-8\">\n<p><i style=\"color: #212121; font-size: 1.5em; letter-spacing: -0.01em;\">Organizaciones de la ciudad se juntaron para realizar un\u00a0 bols\u00f3n de verdura a bajo costo, en el cual se vendieron 450 a trabajadores y comedores de distintos barrios.\u00a0<\/i><\/p>\n<p><span style=\"font-weight: 400;\"><span class=\"dropcap \" style=\"background-color: #ffffff; color: #dd9933; border-color: #ffffff;\">E<\/span>l \u00faltimo s\u00e1bado 12 de junio se llev\u00f3 adelante el operativo de armado y entrega de bolsones de la Mesa de Soberan\u00eda Alimentaria en el predio de la Asociaci\u00f3n Obrera de la Industria del Transporte Automotor (AOITA), ubicado en la ciudad de Villa Nueva, del cual participaron estudiantes, trabajadores y distintos comedores y merenderos de las ciudades de Villa Mar\u00eda y Villa Nueva.<\/span><\/p>\n<p><span style=\"font-weight: 400;\">Previo al armado se realizan los encargos en las sedes de las distintas organizaciones y sindicatos participantes. Luego, se procede a la compra de verdura a productores locales, y por \u00faltimo, el armado y fraccionamiento de las verduras que integran un bols\u00f3n de 7 kilos con un costo de $300 pesos al p\u00fablico en general y $200 para comedores y merenderos.<\/span><\/p>\n<p><span style=\"font-weight: 400;\">En la \u00faltima jornada se armaron 450 bolsones en total, de los cuales se retiraron en el predio 300 y los restantes fueron distribuidos a barrios de la ciudad que participan.\u00a0<\/span><\/p>\n<p><span style=\"font-weight: 400;\">El peri\u00f3dico pudo dialogar con Gabriela Ju\u00e1rez del gremio Uni\u00f3n Personal Auxiliar de Casas Particulares que hablaron en nombre de la CGT local.\u00a0<\/span><\/p>\n<p><img loading=\"lazy\" decoding=\"async\" class=\"aligncenter size-full wp-image-3435\" src=\"https:\/\/tribunavm.com.ar\/wp-content\/uploads\/2021\/05\/photo_2021-06-15_21-07-41.jpg\" alt=\"\" width=\"1023\" height=\"1280\" srcset=\"https:\/\/tribunavm.com.ar\/wp-content\/uploads\/2021\/05\/photo_2021-06-15_21-07-41.jpg 1023w, https:\/\/tribunavm.com.ar\/wp-content\/uploads\/2021\/05\/photo_2021-06-15_21-07-41-240x300.jpg 240w, https:\/\/tribunavm.com.ar\/wp-content\/uploads\/2021\/05\/photo_2021-06-15_21-07-41-818x1024.jpg 818w, https:\/\/tribunavm.com.ar\/wp-content\/uploads\/2021\/05\/photo_2021-06-15_21-07-41-768x961.jpg 768w, https:\/\/tribunavm.com.ar\/wp-content\/uploads\/2021\/05\/photo_2021-06-15_21-07-41-750x938.jpg 750w\" sizes=\"(max-width: 1023px) 100vw, 1023px\" \/><\/p>\n<p><strong><span style=\"color: #ff9900;\">\u00bfC\u00f3mo se est\u00e1n organizando?<\/span><\/strong><\/p>\n<p><span style=\"font-weight: 400;\">Nosotros somos parte de la CGT y fuimos invitadas a participar en la venta y entrega de bolsones a las compa\u00f1eras que est\u00e1n dentro de nuestro sindicato, un bols\u00f3n que es sumamente econ\u00f3mico en comparaci\u00f3n a los costos que hoy est\u00e1n en el mercado.\u00a0\u00a0<\/span><\/p>\n<p><span style=\"font-weight: 400;\">Por su parte el sindicato lo pone a disposici\u00f3n y se lo ofrecemos a las compa\u00f1eras para que puedan acceder al bols\u00f3n.<\/span><\/p>\n<p><span style=\"color: #ff9900;\"><strong>\u00bfPor qu\u00e9 es importante estos bolsones para la comunidad?<\/strong><\/span><\/p>\n<p><span style=\"font-weight: 400;\">La gente qued\u00f3 muy conforme ya que puede acceder a mucha fruta y verdura a un costo de 300 pesos por bols\u00f3n, esto no solo ayuda a la econom\u00eda familiar que est\u00e1 muy mal \u00faltimamente con el aumento generalizado de los precios, comprar ese mismo bols\u00f3n en la verduler\u00eda sale de 500 a 700 pesos en el mejor de los casos.\u00a0<\/span><\/p>\n<p><span style=\"font-weight: 400;\">Adem\u00e1s, es una ayuda para los quinteros de la localidad al cual le compramos lo que producen, lo cual ayuda tambi\u00e9n a la econom\u00eda de la ciudad.\u00a0<\/span><\/p>\n<p><span style=\"font-weight: 400;\">En la jornada arrancamos muy temprano porque se vendieron 450 bolsones, donde varios gremios de la CGT vendieron bolsones y junto con otras organizaciones nos juntamos a armarlo.\u00a0<\/span><\/p>\n<p><span style=\"font-weight: 400;\">Es muy importante hacer cosas comunitarias, en conjunto donde uno le permite acceder a buenos precios, tanto para la comunidad como para nuestros afiliados que tienen sueldos muy bajos y esto perjudica a la familia de los y las trabajadoras.\u00a0<\/span><\/p>\n<p><span style=\"font-weight: 400;\">En nuestro sector las compa\u00f1eras\u00a0 son las que m\u00e1s han perdido en el ultimo tiempo tienen un sueldo que no supera los 25 mil pesos por trabajar 48hs semanales, sin contar todos los despidos y reducci\u00f3n de jornada laboral que se han dado en el marco de la pandemia por el Covid-19.\u00a0 <\/span><\/p>\n<\/div>\n<\/div>\n","protected":false},"excerpt":{"rendered":"<p>Organizaciones de la ciudad se juntaron para realizar un\u00a0 bols\u00f3n de verdura a bajo costo, en el cual se vendieron 450 a trabajadores y comedores de distintos barrios.\u00a0 El \u00faltimo s\u00e1bado 12 de junio se llev\u00f3 adelante el operativo de armado y entrega de bolsones de la Mesa de Soberan\u00eda Alimentaria en el predio de [&hellip;]<\/p>\n","protected":false},"author":2,"featured_media":3437,"comment_status":"open","ping_status":"open","sticky":false,"template":"","format":"standard","meta":{"_exactmetrics_skip_tracking":false,"_exactmetrics_sitenote_active":false,"_exactmetrics_sitenote_note":"","_exactmetrics_sitenote_category":0,"jnews-multi-image_gallery":[],"jnews_single_post":{"source_name":"","source_url":"","via_name":"","via_url":"","override_template":"0","override":[{"template":"1","single_blog_custom":"","parallax":"1","fullscreen":"1","layout":"right-sidebar","sidebar":"default-sidebar","second_sidebar":"default-sidebar","sticky_sidebar":"1","share_position":"top","share_float_style":"share-monocrhome","show_share_counter":"1","show_view_counter":"1","show_featured":"1","show_post_meta":"1","show_post_author":"1","show_post_author_image":"1","show_post_date":"1","post_date_format":"default","post_date_format_custom":"Y\/m\/d","show_post_category":"1","show_post_reading_time":"0","post_reading_time_wpm":"300","show_zoom_button":"0","zoom_button_out_step":"2","zoom_button_in_step":"3","show_post_tag":"1","show_prev_next_post":"1","show_popup_post":"1","number_popup_post":"1","show_author_box":"0","show_post_related":"0","show_inline_post_related":"0"}],"override_image_size":"0","image_override":[{"single_post_thumbnail_size":"crop-500","single_post_gallery_size":"crop-500"}],"trending_post":"0","trending_post_position":"meta","trending_post_label":"Trending","sponsored_post":"0","sponsored_post_label":"Sponsored by","sponsored_post_name":"","sponsored_post_url":"","sponsored_post_logo_enable":"0","sponsored_post_logo":"","sponsored_post_desc":""},"jnews_primary_category":{"id":"22"},"jnews_social_meta":{"fb_title":"","fb_description":"","fb_image":"","twitter_title":"","twitter_description":"","twitter_image":""},"jnews_override_counter":{"override_view_counter":"0","view_counter_number":"0","override_share_counter":"0","share_counter_number":"0","override_like_counter":"0","like_counter_number":"0","override_dislike_counter":"0","dislike_counter_number":"0"},"_joinchat":[],"footnotes":""},"categories":[23],"tags":[157,72,67,78,35],"class_list":["post-3442","post","type-post","status-publish","format-standard","has-post-thumbnail","hentry","category-analisis","tag-edicion-57","tag-edicion-digital","tag-entrevista","tag-estudiantes","tag-trabajadores"],"_links":{"self":[{"href":"https:\/\/tribunavm.com.ar\/index.php\/wp-json\/wp\/v2\/posts\/3442"}],"collection":[{"href":"https:\/\/tribunavm.com.ar\/index.php\/wp-json\/wp\/v2\/posts"}],"about":[{"href":"https:\/\/tribunavm.com.ar\/index.php\/wp-json\/wp\/v2\/types\/post"}],"author":[{"embeddable":true,"href":"https:\/\/tribunavm.com.ar\/index.php\/wp-json\/wp\/v2\/users\/2"}],"replies":[{"embeddable":true,"href":"https:\/\/tribunavm.com.ar\/index.php\/wp-json\/wp\/v2\/comments?post=3442"}],"version-history":[{"count":2,"href":"https:\/\/tribunavm.com.ar\/index.php\/wp-json\/wp\/v2\/posts\/3442\/revisions"}],"predecessor-version":[{"id":3447,"href":"https:\/\/tribunavm.com.ar\/index.php\/wp-json\/wp\/v2\/posts\/3442\/revisions\/3447"}],"wp:featuredmedia":[{"embeddable":true,"href":"https:\/\/tribunavm.com.ar\/index.php\/wp-json\/wp\/v2\/media\/3437"}],"wp:attachment":[{"href":"https:\/\/tribunavm.com.ar\/index.php\/wp-json\/wp\/v2\/media?parent=3442"}],"wp:term":[{"taxonomy":"category","embeddable":true,"href":"https:\/\/tribunavm.com.ar\/index.php\/wp-json\/wp\/v2\/categories?post=3442"},{"taxonomy":"post_tag","embeddable":true,"href":"https:\/\/tribunavm.com.ar\/index.php\/wp-json\/wp\/v2\/tags?post=3442"}],"curies":[{"name":"wp","href":"https:\/\/api.w.org\/{rel}","templated":true}]}}