{"id":3450,"date":"2021-06-16T20:52:57","date_gmt":"2021-06-16T20:52:57","guid":{"rendered":"https:\/\/tribunavm.com.ar\/?p=3450"},"modified":"2021-07-30T20:33:24","modified_gmt":"2021-07-30T20:33:24","slug":"la-inflacion-de-mayo","status":"publish","type":"post","link":"https:\/\/tribunavm.com.ar\/index.php\/2021\/06\/16\/la-inflacion-de-mayo\/","title":{"rendered":"La inflaci\u00f3n de mayo"},"content":{"rendered":"<div class=\"row clearfix\">\n<div class=\"col-md-8\">\n<p><span style=\"color: #212121; font-size: 1.5em; letter-spacing: -0.01em;\">El \u00edndice inflacionario creci\u00f3 3,3% en mayo, seg\u00fan inform\u00f3 el Indec esta tarde.<\/span><\/p>\n<p><span style=\"font-weight: 400;\"><span class=\"dropcap \" style=\"background-color: #ffffff; color: #dd9933; border-color: #ffffff;\">S<\/span>eg\u00fan el relevamiento de precios del Indec, el <\/span><span style=\"color: #ff9900;\"><a style=\"color: #ff9900;\" href=\"https:\/\/www.indec.gob.ar\/uploads\/informesdeprensa\/ipc_06_213FF773CF9F.pdf\"><span style=\"font-weight: 400;\">Indice de Precios al Consumidor, <\/span><\/a><\/span><span style=\"font-weight: 400;\">indic\u00f3 que la inflaci\u00f3n creci\u00f3 3,3% en mayo. De esa forma la inflaci\u00f3n acumulada durante el 2021 fue del 21,5%.\u00a0<\/span><\/p>\n<blockquote class=\"pullquote align-center\"><p><span style=\"font-weight: 400;\">Si se observa el acumulado desde mayo 2020, la inflaci\u00f3n creci\u00f3 un 48,8%.\u00a0<\/span><\/p><\/blockquote>\n<p><span style=\"font-weight: 400;\">El pico inflacionario se di\u00f3 en el mes de marzo cuando alcanz\u00f3 un 4,8%. Los rubros que m\u00e1s crecieron fueron Transporte (6,0%), y Salud (4,8%), donde incidieron las alzas observadas en Productos medicinales, artefactos y equipos para la salud y en Gastos de prepagas.<\/span><\/p>\n<p><span style=\"font-weight: 400;\">Seg\u00fan precis\u00f3 el Indec,<strong> \u201cla suba en la divisi\u00f3n Alimentos y bebidas no alcoh\u00f3licas (3,1%) fue la de mayor incidencia en gran parte de las regiones\u201d.<\/strong> Explicado principalmente por incrementos en \u201cAceites, grasas y manteca; Caf\u00e9,t\u00e9, yerba y cacao; Carnes y derivados; Leche, productos l\u00e1cteos y huevos; Verduras, tub\u00e9rculos y legumbres; y Pan y cereales\u201d.<\/span><\/p>\n<p><span style=\"font-weight: 400;\">El incremento para la regi\u00f3n pampeana super\u00f3 el 3,3% alcanzando un 3,5%.<\/span><\/p>\n<\/div>\n<\/div>\n","protected":false},"excerpt":{"rendered":"<p>El \u00edndice inflacionario creci\u00f3 3,3% en mayo, seg\u00fan inform\u00f3 el Indec esta tarde. Seg\u00fan el relevamiento de precios del Indec, el Indice de Precios al Consumidor, indic\u00f3 que la inflaci\u00f3n creci\u00f3 3,3% en mayo. De esa forma la inflaci\u00f3n acumulada durante el 2021 fue del 21,5%.\u00a0 Si se observa el acumulado desde mayo 2020, la [&hellip;]<\/p>\n","protected":false},"author":2,"featured_media":3451,"comment_status":"open","ping_status":"open","sticky":true,"template":"","format":"standard","meta":{"_exactmetrics_skip_tracking":false,"_exactmetrics_sitenote_active":false,"_exactmetrics_sitenote_note":"","_exactmetrics_sitenote_category":0,"jnews-multi-image_gallery":[],"jnews_single_post":{"source_name":"","source_url":"","via_name":"","via_url":"","override_template":"0","override":[{"template":"1","single_blog_custom":"","parallax":"1","fullscreen":"1","layout":"right-sidebar","sidebar":"default-sidebar","second_sidebar":"default-sidebar","sticky_sidebar":"1","share_position":"top","share_float_style":"share-monocrhome","show_share_counter":"1","show_view_counter":"1","show_featured":"1","show_post_meta":"1","show_post_author":"1","show_post_author_image":"1","show_post_date":"1","post_date_format":"default","post_date_format_custom":"Y\/m\/d","show_post_category":"1","show_post_reading_time":"0","post_reading_time_wpm":"300","show_zoom_button":"0","zoom_button_out_step":"2","zoom_button_in_step":"3","show_post_tag":"1","show_prev_next_post":"1","show_popup_post":"1","number_popup_post":"1","show_author_box":"0","show_post_related":"0","show_inline_post_related":"0"}],"override_image_size":"0","image_override":[{"single_post_thumbnail_size":"crop-500","single_post_gallery_size":"crop-500"}],"trending_post":"0","trending_post_position":"meta","trending_post_label":"Trending","sponsored_post":"0","sponsored_post_label":"Sponsored by","sponsored_post_name":"","sponsored_post_url":"","sponsored_post_logo_enable":"0","sponsored_post_logo":"","sponsored_post_desc":""},"jnews_primary_category":{"id":"22"},"jnews_social_meta":{"fb_title":"","fb_description":"","fb_image":"","twitter_title":"","twitter_description":"","twitter_image":""},"jnews_override_counter":{"override_view_counter":"0","view_counter_number":"0","override_share_counter":"0","share_counter_number":"0","override_like_counter":"0","like_counter_number":"0","override_dislike_counter":"0","dislike_counter_number":"0"},"_joinchat":[],"footnotes":""},"categories":[22],"tags":[157,72,35],"class_list":["post-3450","post","type-post","status-publish","format-standard","has-post-thumbnail","hentry","category-actualidad","tag-edicion-57","tag-edicion-digital","tag-trabajadores"],"_links":{"self":[{"href":"https:\/\/tribunavm.com.ar\/index.php\/wp-json\/wp\/v2\/posts\/3450"}],"collection":[{"href":"https:\/\/tribunavm.com.ar\/index.php\/wp-json\/wp\/v2\/posts"}],"about":[{"href":"https:\/\/tribunavm.com.ar\/index.php\/wp-json\/wp\/v2\/types\/post"}],"author":[{"embeddable":true,"href":"https:\/\/tribunavm.com.ar\/index.php\/wp-json\/wp\/v2\/users\/2"}],"replies":[{"embeddable":true,"href":"https:\/\/tribunavm.com.ar\/index.php\/wp-json\/wp\/v2\/comments?post=3450"}],"version-history":[{"count":1,"href":"https:\/\/tribunavm.com.ar\/index.php\/wp-json\/wp\/v2\/posts\/3450\/revisions"}],"predecessor-version":[{"id":3452,"href":"https:\/\/tribunavm.com.ar\/index.php\/wp-json\/wp\/v2\/posts\/3450\/revisions\/3452"}],"wp:featuredmedia":[{"embeddable":true,"href":"https:\/\/tribunavm.com.ar\/index.php\/wp-json\/wp\/v2\/media\/3451"}],"wp:attachment":[{"href":"https:\/\/tribunavm.com.ar\/index.php\/wp-json\/wp\/v2\/media?parent=3450"}],"wp:term":[{"taxonomy":"category","embeddable":true,"href":"https:\/\/tribunavm.com.ar\/index.php\/wp-json\/wp\/v2\/categories?post=3450"},{"taxonomy":"post_tag","embeddable":true,"href":"https:\/\/tribunavm.com.ar\/index.php\/wp-json\/wp\/v2\/tags?post=3450"}],"curies":[{"name":"wp","href":"https:\/\/api.w.org\/{rel}","templated":true}]}}