{"id":350,"date":"2019-05-30T16:13:33","date_gmt":"2019-05-30T16:13:33","guid":{"rendered":"https:\/\/tribunavm.com.ar\/?p=350"},"modified":"2019-10-21T18:27:28","modified_gmt":"2019-10-21T18:27:28","slug":"emergencia-alimentaria","status":"publish","type":"post","link":"https:\/\/tribunavm.com.ar\/index.php\/2019\/05\/30\/emergencia-alimentaria\/","title":{"rendered":"Emergencia alimentaria"},"content":{"rendered":"<div class=\"row clearfix\">\n<div class=\"col-md-8\">\n<p><span style=\"color: #212121; font-size: 1.5em; letter-spacing: -0.01em;\">Ocho comedores comunitarios lograron la firma de un convenio con el Municipio, comprometiendo el apoyo del mismo para el desarrollo de sus actividades.<\/span><\/p>\n<p><span style=\"font-weight: 400;\"><span class=\"dropcap \" style=\"background-color: #ffffff; color: #dd9933; border-color: #ffffff;\">E<\/span>l viernes 17 de Mayo, un grupo de comedores y merenderos barriales, denominado \u201cUni\u00f3n de Organizaciones\u201d suscribi\u00f3 un convenio con la Municipalidad, en el que se acord\u00f3 un \u201cPlan Sociocomunitario y Cultural para la atenci\u00f3n alimentaria y cultural de los sectores populares de la ciudad\u201d. Dicho plan consiste en un compromiso del Estado Municipal para proveer regularmente de alimentos y recursos a los comedores que conforman la \u201cUni\u00f3n de Organizaciones\u201d.<\/span><\/p>\n<p><span style=\"font-weight: 400;\">El intendente Mart\u00edn Gill, previo a la firma del acuerdo, dijo: \u201c<\/span><span style=\"font-weight: 400;\">Absolutamente todos los indicadores se han ido para arriba en la ciudad y hemos tratado de responder a esa demanda creciente<\/span><span style=\"font-weight: 400;\">. La atenci\u00f3n de los centros de salud, los pedidos por desalojo, las intervenciones por emergencia, los problemas de gente que queda en la calle, la situaci\u00f3n de las demandas para la asistencia escolar, la asistencia alimentaria, las tarjetas sociales\u201d.<\/span><\/p>\n<p><span style=\"font-weight: 400;\">Por otro lado, Telma, una de las referentes de uno de los espacios barriales, declaraba a este medio: <\/span><span style=\"font-weight: 400;\">\u201cnosotras empezamos en enero con el merendero con 20 chicos y actualmente tenemos 47. Te pod\u00e9s imaginar la crisis que hay, se nota cada vez m\u00e1s a medida que vamos viendo c\u00f3mo se suman ni\u00f1os\u201d<\/span><span style=\"font-weight: 400;\">.<\/span><\/p>\n<blockquote><p><span style=\"font-weight: 400;\">La Uni\u00f3n de Organizaciones est\u00e1 conformada por: La Unidad, Potrerito de Malvina (Las Acacias), Centro Comunitario Pinceladas (San Nicol\u00e1s), Casita Popular Eduardo Requena (Nicol\u00e1s Avellaneda), Lugar de Amparo (Nicol\u00e1s Avellaneda), Merendero Casa de Martita (La Calera), Manitos Unidas (San Mart\u00edn) y Los Soles (Los Olmos).\u00a0<\/span><\/p><\/blockquote>\n<p><span style=\"font-weight: 400;\"><strong>Son m\u00e1s de 40 los comedores y merenderos relevados por este medio<\/strong> que se organizan para dar un alimento a un n\u00famero creciente de ni\u00f1os que no llegan a satisfacer sus necesidades. Junto con el incremento de la desocupaci\u00f3n y la ca\u00edda del salario, el ingenio y el compromiso de la comunidad se agudiza.<\/span><\/p>\n<p><img loading=\"lazy\" decoding=\"async\" class=\"alignnone wp-image-357\" src=\"https:\/\/tribunavm.com.ar\/wp-content\/uploads\/2019\/10\/aaaa-300x146.jpg\" alt=\"\" width=\"744\" height=\"362\" srcset=\"https:\/\/tribunavm.com.ar\/wp-content\/uploads\/2019\/10\/aaaa-300x146.jpg 300w, https:\/\/tribunavm.com.ar\/wp-content\/uploads\/2019\/10\/aaaa-768x373.jpg 768w, https:\/\/tribunavm.com.ar\/wp-content\/uploads\/2019\/10\/aaaa-1024x498.jpg 1024w, https:\/\/tribunavm.com.ar\/wp-content\/uploads\/2019\/10\/aaaa-750x365.jpg 750w, https:\/\/tribunavm.com.ar\/wp-content\/uploads\/2019\/10\/aaaa-1140x554.jpg 1140w, https:\/\/tribunavm.com.ar\/wp-content\/uploads\/2019\/10\/aaaa.jpg 1152w\" sizes=\"(max-width: 744px) 100vw, 744px\" \/><\/p>\n<p><strong><span style=\"color: #ff6600;\">Compras comunitarias. El bols\u00f3n de la Mesa por la Soberan\u00eda Alimentaria<\/span><\/strong><\/p>\n<p><span style=\"font-weight: 400;\">El s\u00e1bado 18, al d\u00eda siguiente de la firma del convenio,\u00a0 se concret\u00f3 otra jornada de armado y entrega de bolsones de frutas y verduras organizada por la Mesa por la Soberan\u00eda Alimentaria, conformada por movimientos gremiales, estudiantiles, religiosos y sociales, como as\u00ed tambi\u00e9n por vecinos y vecinas no agrupadas de la ciudad. La actividad consiste en la compra comunitaria de alimentos directo a productores de la zona, obteniendo un ahorro de m\u00e1s del 50%.\u00a0<\/span><\/p>\n<p><span style=\"font-weight: 400;\">De un promedio de 400 bolsones durante estos a\u00f1os, se salt\u00f3 a m\u00e1s de 1000 en esta \u00faltima entrega.<\/span><\/p>\n<p><strong><span style=\"color: #ff6600;\">Si la desocupaci\u00f3n crece y el salario cae, \u00bfC\u00f3mo llenamos la olla?<\/span><\/strong><\/p>\n<p><span style=\"font-weight: 400;\">El aumento en la actividad de los comedores y merenderos tiene que interpretarse de la mano del empeoramiento de las condiciones de vida en los hogares de la ciudad, fundamentalmente con las condiciones laborales y el salario de los vecinos.\u00a0<\/span><\/p>\n<p><span style=\"font-weight: 400;\">La Encuesta Permanente de Hogares que elabora el INDEC (centro estad\u00edstico nacional), nos permite obtener datos certeros sobre esta realidad. Lamentablemente, en nuestra provincia dicha encuesta se realiza s\u00f3lamente en las ciudades de C\u00f3rdoba y R\u00edo Cuarto. Sin embargo, en el \u00faltimo a\u00f1o los municipios de Villa Mar\u00eda y Villa Nueva pusieron en funcionamiento centros estad\u00edsticos a ambos lados del Calamuchita.\u00a0<\/span><\/p>\n<p><span style=\"font-weight: 400;\">A trav\u00e9s de ellos, podemos conocer trimestralmente las tasas de actividad (porcentaje de la poblaci\u00f3n entre 14 y 65 a\u00f1os que busca trabajo o se encuentra empleada) y de ocupaci\u00f3n, es decir, porcentaje de la poblaci\u00f3n local que se encuentra empleada, sub-ocupada (poblaci\u00f3n ocupada, pero que demanda un mayor empleo) o desocupada.\u00a0<\/span><\/p>\n<p><span style=\"font-weight: 400;\">Por otro lado, la Universidad de Villa Mar\u00eda cuenta con el Observatorio Integral de la Regi\u00f3n (OIR), que realiza distintos relevamientos sobre la situaci\u00f3n social de la poblaci\u00f3n, entre ellos el \u00cdndice de Demanda Laboral (IDL) \u201cque cuantifica la evoluci\u00f3n mensual de la demanda de puestos de trabajo en Villa Mar\u00eda y Villa Nueva\u201d.<\/span><\/p>\n<p><span style=\"font-weight: 400;\">Los datos publicados nos permiten observar que desde fines del 2017, la situaci\u00f3n con respecto a la desocupaci\u00f3n contin\u00faa agrav\u00e1ndose. A nivel nacional se pas\u00f3 del 7 al 9%, mientras que es notoria la suba de la poblaci\u00f3n empleada que a\u00fan as\u00ed demanda otro empleo, que pas\u00f3 del 22 al 26%.\u00a0<\/span><\/p>\n<p><span style=\"font-weight: 400;\">La misma tendencia se observa en R\u00edo IV, en C\u00f3rdoba y por supuesto en Villa Mar\u00eda, aunque con n\u00fameros medianamente inferiores a la media nacional. <\/span><span style=\"font-weight: 400;\">En nuestra ciudad, <strong>6 de cada 100 personas que buscan empleo no lo consiguen<\/strong> (hace un a\u00f1o atr\u00e1s eran 5), mientras que ese n\u00famero se eleva a 20 en el caso de las mujeres de menos de 29 a\u00f1os, poniendo en evidencia una problem\u00e1tica latente en nuestra ciudad<\/span><span style=\"font-weight: 400;\">.\u00a0<\/span><\/p>\n<p><span style=\"font-weight: 400;\">Como nos comenta el Lic. Iv\u00e1n Ant\u00f3n, coordinador del OIR, \u201c<\/span><span style=\"font-weight: 400;\">se advierte que el volumen de pedidos (de puestos de trabajo) viene decreciendo en los \u00faltimos a\u00f1os, producto de una econom\u00eda que no ha logrado crecer dos a\u00f1os consecutivos desde 2011. Este proceso se hizo m\u00e1s evidente a partir de 2016, y se agrav\u00f3 notoriamente en 2018, por lo que actualmente el IDL se encuentra en sus m\u00ednimos hist\u00f3ricos\u201d.<\/span><\/p>\n<p><span style=\"color: #ff6600;\"><strong>Pero si estoy empleado, \u00bfc\u00f3mo evolucion\u00f3 mi salario?<\/strong><\/span><\/p>\n<p><span style=\"font-weight: 400;\">El Salario M\u00ednimo Vital y M\u00f3vil, que en enero de 2018 se ubicaba en $9.500, pas\u00f3 a ubicarse en los $12.500 en marzo de este a\u00f1o (incremento del 31%), mientras que la suba del salario en blanco promedio fue del 30% (el incremento del salario en negro es significativamente m\u00e1s bajo).<\/span><\/p>\n<p><span style=\"font-weight: 400;\">\u00bfY qu\u00e9 se puede comprar con este salario? El Consejo Profesional de Ciencias Econ\u00f3micas (CPCE) de nuestra provincia elabora mensualmente un indicador que mide el costo de la Canasta Alimentaria Nutricional (CAN, canasta de bienes elaborada por el Colegio de Nutricionistas de la Ciudad de C\u00f3rdoba) y la Canasta Total (dem\u00e1s bienes y servicios no alimentarios que consume un individuo, por ejemplo: educaci\u00f3n, vestimenta, esparcimiento, etc.).\u00a0<\/span><\/p>\n<p><strong>La Canasta Alimentario Nutricional de Villa Mar\u00eda se ubic\u00f3 en abril en los $19.700 para una familia de 4 personas, cuando un a\u00f1o atr\u00e1s era de $12.200 (es decir, una suba del 62%), mientras que el costo de la Canasta Total se elev\u00f3 a $42.400 (casi 4 salarios m\u00ednimos).<\/strong><\/p>\n<p><span style=\"font-weight: 400;\">Resumiendo el panorama, acceder a un empleo se volvi\u00f3 un desaf\u00edo cada vez m\u00e1s duro para villamarienses y villanovenses, mientras que la suba de precios excede por m\u00e1s del 20% la suba de los salarios, con especial perjuicio para mujeres y trabajadores informales. Sin embargo, son muchas las iniciativas que surgen desde abajo para tratar de paliar la crisis, como comedores, merenderos, compras comunitarias y movilizaciones contra los despidos y a favor de los incrementos salariales.<\/span><\/p>\n<\/div>\n<div class=\"col-md-3\">\n<p>&nbsp;<\/p>\n<\/div>\n<\/div>\n","protected":false},"excerpt":{"rendered":"<p>Ocho comedores comunitarios lograron la firma de un convenio con el Municipio, comprometiendo el apoyo del mismo para el desarrollo de sus actividades. El viernes 17 de Mayo, un grupo de comedores y merenderos barriales, denominado \u201cUni\u00f3n de Organizaciones\u201d suscribi\u00f3 un convenio con la Municipalidad, en el que se acord\u00f3 un \u201cPlan Sociocomunitario y Cultural [&hellip;]<\/p>\n","protected":false},"author":2,"featured_media":355,"comment_status":"open","ping_status":"open","sticky":false,"template":"","format":"standard","meta":{"_exactmetrics_skip_tracking":false,"_exactmetrics_sitenote_active":false,"_exactmetrics_sitenote_note":"","_exactmetrics_sitenote_category":0,"jnews-multi-image_gallery":[],"jnews_single_post":{"source_name":"","source_url":"","via_name":"","via_url":"","override_template":"0","override":[{"template":"1","single_blog_custom":"","parallax":"1","fullscreen":"0","layout":"right-sidebar","sidebar":"default-sidebar","second_sidebar":"default-sidebar","sticky_sidebar":"1","share_position":"top","share_float_style":"share-monocrhome","show_share_counter":"1","show_view_counter":"1","show_featured":"1","show_post_meta":"1","show_post_author":"1","show_post_author_image":"1","show_post_date":"1","post_date_format":"default","post_date_format_custom":"Y\/m\/d","show_post_category":"1","show_post_reading_time":"0","post_reading_time_wpm":"300","show_zoom_button":"0","zoom_button_out_step":"2","zoom_button_in_step":"3","show_post_tag":"1","show_prev_next_post":"1","show_popup_post":"1","number_popup_post":"1","show_author_box":"0","show_post_related":"0","show_inline_post_related":"0"}],"override_image_size":"0","image_override":[{"single_post_thumbnail_size":"crop-500","single_post_gallery_size":"crop-500"}],"trending_post":"0","trending_post_position":"meta","trending_post_label":"Trending"},"jnews_primary_category":{"id":"23"},"jnews_social_meta":{"fb_title":"","fb_description":"","fb_image":"","twitter_title":"","twitter_description":"","twitter_image":""},"jnews_override_counter":{"override_view_counter":"0","view_counter_number":"0","override_share_counter":"0","share_counter_number":"0","override_like_counter":"0","like_counter_number":"0","override_dislike_counter":"0","dislike_counter_number":"0"},"_joinchat":[],"footnotes":""},"categories":[23],"tags":[32,39,34],"class_list":["post-350","post","type-post","status-publish","format-standard","has-post-thumbnail","hentry","category-analisis","tag-edicion-1","tag-gobierno","tag-social"],"_links":{"self":[{"href":"https:\/\/tribunavm.com.ar\/index.php\/wp-json\/wp\/v2\/posts\/350"}],"collection":[{"href":"https:\/\/tribunavm.com.ar\/index.php\/wp-json\/wp\/v2\/posts"}],"about":[{"href":"https:\/\/tribunavm.com.ar\/index.php\/wp-json\/wp\/v2\/types\/post"}],"author":[{"embeddable":true,"href":"https:\/\/tribunavm.com.ar\/index.php\/wp-json\/wp\/v2\/users\/2"}],"replies":[{"embeddable":true,"href":"https:\/\/tribunavm.com.ar\/index.php\/wp-json\/wp\/v2\/comments?post=350"}],"version-history":[{"count":3,"href":"https:\/\/tribunavm.com.ar\/index.php\/wp-json\/wp\/v2\/posts\/350\/revisions"}],"predecessor-version":[{"id":463,"href":"https:\/\/tribunavm.com.ar\/index.php\/wp-json\/wp\/v2\/posts\/350\/revisions\/463"}],"wp:featuredmedia":[{"embeddable":true,"href":"https:\/\/tribunavm.com.ar\/index.php\/wp-json\/wp\/v2\/media\/355"}],"wp:attachment":[{"href":"https:\/\/tribunavm.com.ar\/index.php\/wp-json\/wp\/v2\/media?parent=350"}],"wp:term":[{"taxonomy":"category","embeddable":true,"href":"https:\/\/tribunavm.com.ar\/index.php\/wp-json\/wp\/v2\/categories?post=350"},{"taxonomy":"post_tag","embeddable":true,"href":"https:\/\/tribunavm.com.ar\/index.php\/wp-json\/wp\/v2\/tags?post=350"}],"curies":[{"name":"wp","href":"https:\/\/api.w.org\/{rel}","templated":true}]}}