{"id":3518,"date":"2021-06-24T01:02:15","date_gmt":"2021-06-24T01:02:15","guid":{"rendered":"https:\/\/tribunavm.com.ar\/?p=3518"},"modified":"2021-07-30T20:33:23","modified_gmt":"2021-07-30T20:33:23","slug":"masiva-movilizacion-de-estudiantes-en-cordoba","status":"publish","type":"post","link":"https:\/\/tribunavm.com.ar\/index.php\/2021\/06\/24\/masiva-movilizacion-de-estudiantes-en-cordoba\/","title":{"rendered":"Masiva movilizaci\u00f3n de estudiantes en C\u00f3rdoba"},"content":{"rendered":"<div class=\"row clearfix\">\n<div class=\"col-md-8\">\n<p><i style=\"color: #212121; font-size: 1.5em; letter-spacing: -0.01em;\">El d\u00eda de ayer se realiz\u00f3 una marcha de 1500 personas en la ciudad de C\u00f3rdoba que reclamaron por el posicionamiento de autoridades de la UNC por la absoluci\u00f3n de 27 estudiantes.\u00a0<\/i><\/p>\n<p><span style=\"font-weight: 400;\"><span class=\"dropcap \" style=\"background-color: #ffffff; color: #dd9933; border-color: #ffffff;\">D<\/span>ebido a las tomas universitarias del 2018, 27 estudiantes de C\u00f3rdoba son acusados y procesados por la Justicia. Frente a ello, distintas asambleas y agrupaciones estudiantiles, definieron realizar una movilizaci\u00f3n en las calles de la capital provincial, finalizando en el Consejo Superior de la Universidad Nacional, donde se iba a votar un posicionamiento.<\/span><\/p>\n<p><span style=\"color: #ff9900;\"><b>La justicia que oprime por luchar <\/b><span style=\"font-weight: 400;\">\u00a0<\/span><\/span><\/p>\n<p><span style=\"font-weight: 400;\">Estos estudiantes, que participaron de las tomas en reclamo por la situaci\u00f3n presupuestaria de la educaci\u00f3n publica, son actualmente acusados y elevados a juicio por el juez Miguel Vaca Narvaja, reconocido abogado &#8216;defensor de los DD.HH&#8217;, el mismo que fue v\u00edctima del terrorismo de Estado, hijo y nieto de fusilados, sobrino de uno de los fundadores de Montoneros, quien dir\u00eda en 2014 tras asumir en su cargo: <\/span><\/p>\n<blockquote class=\"pullquote align-center\"><p><i><span style=\"font-weight: 400;\">\u201cTengo absolutas convicciones de que se puede tener una justicia m\u00e1s igualitaria, m\u00e1s equitativa y que la gente sienta como m\u00e1s justa&#8221;<\/span><\/i><\/p><\/blockquote>\n<figure id=\"attachment_3519\" aria-describedby=\"caption-attachment-3519\" style=\"width: 640px\" class=\"wp-caption aligncenter\"><img loading=\"lazy\" decoding=\"async\" class=\"wp-image-3519 size-full\" src=\"https:\/\/tribunavm.com.ar\/wp-content\/uploads\/2021\/06\/RQE75GC25ZHHFPEKQYTOGCKJUM.jpg\" alt=\"\" width=\"640\" height=\"360\" srcset=\"https:\/\/tribunavm.com.ar\/wp-content\/uploads\/2021\/06\/RQE75GC25ZHHFPEKQYTOGCKJUM.jpg 640w, https:\/\/tribunavm.com.ar\/wp-content\/uploads\/2021\/06\/RQE75GC25ZHHFPEKQYTOGCKJUM-300x169.jpg 300w\" sizes=\"(max-width: 640px) 100vw, 640px\" \/><figcaption id=\"caption-attachment-3519\" class=\"wp-caption-text\">El juez federal Miguel Hugo Vaca Narvaja en la toma del Pabell\u00f3n Argentina<\/figcaption><\/figure>\n<p><span style=\"font-weight: 400;\">Tribuna di\u00e1logo con Sol Dom\u00ednguez, consejera estudiantil de la agrupaci\u00f3n La Bisagra, y el frente de estudiantes por la universidad p\u00fablica, quien coment\u00f3:<\/span> <span style=\"font-weight: 400;\">\u201cLos estudiantes buscamos el posicionamiento de las autoridades de la Universidad, si bien en 2018 present\u00f3 un documento, explican que desde Rectorado nunca hicieron denuncias y en el mismo declaran que la Justicia actu\u00f3 de oficio sin que ellos intervinieran\u201d.\u00a0<\/span><\/p>\n<p><span style=\"color: #ff9900;\"><b>\u00bfQui\u00e9nes apoyaron la lucha contra la criminalizaci\u00f3n?<\/b><\/span><\/p>\n<p><span style=\"font-weight: 400;\">En las facultades hab\u00edan salido declaraciones en contra de la criminalizaci\u00f3n de los compa\u00f1eros procesados, en el Consejo Superior logramos que se posicionen ahora, no de la manera que hubiesemos preferido pero es un posicionamiento que sirve para cualquier sumario que quieran iniciar en la UNC.<\/span><\/p>\n<p><span style=\"color: #ff9900;\"><b>\u00bfQu\u00e9 pas\u00f3 en el consejo?<\/b><\/span><\/p>\n<p><span style=\"font-weight: 400;\">Se present\u00f3 un documento de parte de los estudiantes donde se pide a la Universidad Nacional de C\u00f3rdoba un posicionamiento que deje expediente de que no van a apoyar el actuar de la justicia, se avanz\u00f3 en dejar asentado el derecho a la protesta y que dentro de la universidad se respete la autonom\u00eda para resolver sus propios conflictos.\u00a0<\/span><\/p>\n<p><span style=\"color: #ff9900;\"><b>\u00bfCu\u00e1l\u00a0es la tarea del movimiento estudiantil en este contexto?<\/b><\/span><\/p>\n<p><span style=\"font-weight: 400;\">Nosotros recordamos que la lucha no solo se dio por los 27 procesadxs sino que \u00e9ramos un grupo de much\u00edsimos estudiantes y hab\u00eda un contexto de muchas facultades tomadas en todo el pa\u00eds, lo cual nos parece grav\u00edsimo que por ello la justicia est\u00e9 tomando una medida represiva que no hace m\u00e1s que sentar antecedentes de disciplinamiento para el movimiento estudiantil. Esto busca generar desmotivaci\u00f3n en los estudiantes que quieran luchar por sus derechos.\u00a0<\/span><\/p>\n<hr \/>\n<p><span style=\"font-weight: 400;\">Adem\u00e1s, Bel\u00e9n Schaab, una de las judicializadas, integrante de Amaranto &#8211; Votamos Luchar y parte de la asamblea Interfacultades de la UNC.<\/span><\/p>\n<p><span style=\"color: #ff9900;\"><b>\u00bfPor qu\u00e9 se march\u00f3 ayer?<\/b><\/span><\/p>\n<p>Ayer marchamos para que el Consejo Superior de la Universidad se posicione en contra de la Judicializaci\u00f3n y por la Absoluci\u00f3n de lxs 27 estudiantes. Esto genera una tensi\u00f3n a la interna del mismo \u00f3rgano porque fue el mismo vice rector quien entreg\u00f3 el acta con los nombres de quienes participamos en la mesa de trabajo para iniciar la causa.<\/p>\n<p>En dicha mesa se iban a tratar las demandas estudiantiles que se exig\u00edan durante el conflicto y el vicerrector <strong>Yanzi Ferreira no solo falt\u00f3 a esas instancias si no que entreg\u00f3 los nombres al Poder Judicial.<\/strong> Creemos importante luchar para marcar d\u00f3nde estamos parados hoy como movimiento estudiantil y porque no confiamos en que el posicionamiento salga con el pedido de absoluci\u00f3n que exigimos.<\/p>\n<p><span style=\"color: #ff9900;\"><b>\u00bfPor qu\u00e9 piden el posicionamiento?<\/b><\/span><\/p>\n<p>Necesitamos que se posicione ya que esta causa viola los per\u00edmetros de la autonom\u00eda universitaria, dejando entrar al poder judicial cuando el conflicto debe resolverse institucionalmente. Adem\u00e1s en esta causa no hay pruebas exactas de los hechos por los cuales se nos acusan, pero el problema es que quienes nos entregaron son los que siguen gobernando en la universidad hoy .<\/p>\n<p>El conflicto se da por los recortes presupuestarios en la educaci\u00f3n donde hubo mas de 90 edificios tomados en todo el pa\u00eds, y la respuesta que obtuvimos en C\u00f3rdoba y en Rio Negro fue la judicializaci\u00f3n de algunos de los que participamos.<\/p>\n<p><span style=\"color: #ff9900;\"><b>\u00bfCu\u00e1les\u00a0son las futuras acciones?<\/b><\/span><\/p>\n<p><span style=\"font-weight: 400;\">No debemos desviar nuestros objetivos porque sabemos que los derechos se toman no se mendigan, y debemos luchar por la universidad que queremos, la lucha no acab\u00f3 en 2018, necesitamos retomar esas banderas y hacer que la educaci\u00f3n sea inclusiva y no exclusiva como lo est\u00e1 siendo con la pandemia<\/span><\/p>\n<a href=\"https:\/\/tribunavm.com.ar\/wp-content\/uploads\/2021\/06\/Declaracion-HCS.pdf\" class=\"pdfemb-viewer\" style=\"width:600px;height:900px;\" data-width=\"600\" data-height=\"900\" data-toolbar=\"bottom\" data-toolbar-fixed=\"off\">Uno de los documento presentados al Consejo Superior por la Decana de la Facultad de Ciencias de la Comunicaci\u00f3n, Dra. Mariela Parisi<\/a>\n<p><em>Uno de los documento presentados al Consejo Superior por la Decana de la Facultad de Ciencias de la Comunicaci\u00f3n, Dra. Mariela Parisi<\/em><\/p>\n<p><span style=\"color: #ff9900;\"><b>Contexto<\/b><\/span><\/p>\n<p><span style=\"font-weight: 400;\">El movimiento estudiantil viene trazando una gran experiencia de lucha reclamando por derechos que hace tiempo son vulnerados.<\/span><\/p>\n<p><span style=\"font-weight: 400;\">En 2018 los reclamos se extendieron a lo largo y ancho del pa\u00eds fundi\u00e9ndose\u00a0 con el reclamo salarial docente, que en los \u00faltimos 10 a\u00f1os ya hab\u00edan perdido m\u00e1s del 12% en promedio a nivel nacional.\u00a0<\/span><\/p>\n<p><span style=\"font-weight: 400;\">Ver nota: <\/span><span style=\"color: #ff9900;\"><a style=\"color: #ff9900;\" href=\"https:\/\/tribunavm.com.ar\/index.php\/2021\/03\/02\/educacion-en-argentina\/\"><span style=\"font-weight: 400;\">https:\/\/tribunavm.com.ar\/index.php\/2021\/03\/02\/educacion-en-argentina\/<\/span><\/a><span style=\"font-weight: 400;\">.<\/span><\/span><\/p>\n<p><span style=\"font-weight: 400;\">Mientras que el presupuesto para la educaci\u00f3n ca\u00eda, ya se empezaban a ver las asambleas llenas de estudiantes, de todas las carreras y a\u00f1os, y la discusi\u00f3n creci\u00f3 hasta tomar una decisi\u00f3n que ya ven\u00eda haciendo eco en varios lugares de Argentina, la toma de las instituciones educativas.<\/span><\/p>\n<p><span style=\"font-weight: 400;\">Buenos Aires, La Plata, San Luis, C\u00f3rdoba y muchas m\u00e1s empezaban el paro total y cese de actividades, acompa\u00f1ados por los reconocidos carteles de \u201cUNIVERSIDAD TOMADA\u201d<\/span><\/p>\n<figure id=\"attachment_3521\" aria-describedby=\"caption-attachment-3521\" style=\"width: 600px\" class=\"wp-caption aligncenter\"><img loading=\"lazy\" decoding=\"async\" class=\"wp-image-3521 size-full\" src=\"https:\/\/tribunavm.com.ar\/wp-content\/uploads\/2021\/06\/UNVM-TOMADA.jpeg\" alt=\"\" width=\"600\" height=\"275\" srcset=\"https:\/\/tribunavm.com.ar\/wp-content\/uploads\/2021\/06\/UNVM-TOMADA.jpeg 600w, https:\/\/tribunavm.com.ar\/wp-content\/uploads\/2021\/06\/UNVM-TOMADA-300x138.jpeg 300w\" sizes=\"(max-width: 600px) 100vw, 600px\" \/><figcaption id=\"caption-attachment-3521\" class=\"wp-caption-text\">Cartel en la puerta de la Universidad Nacional de Villa Mar\u00eda<\/figcaption><\/figure>\n<p><span style=\"font-weight: 400;\">La lucha por un salario digno para los docentes y m\u00e1s financiamiento para la educaci\u00f3n logr\u00f3 aglutinar todas las demandas. Los estudiantes se organizaron en cada universidad una de ellas prolongando la toma por un\u00a0 mes, comenzando el 28 de agosto y finalizando el 28 de septiembre de 2018 que se llev\u00f3 a cabo en el Pabell\u00f3n Argentina de la UNC.\u00a0<\/span><\/p>\n<\/div>\n<\/div>\n","protected":false},"excerpt":{"rendered":"<p>El d\u00eda de ayer se realiz\u00f3 una marcha de 1500 personas en la ciudad de C\u00f3rdoba que reclamaron por el posicionamiento de autoridades de la UNC por la absoluci\u00f3n de 27 estudiantes.\u00a0 Debido a las tomas universitarias del 2018, 27 estudiantes de C\u00f3rdoba son acusados y procesados por la Justicia. Frente a ello, distintas asambleas [&hellip;]<\/p>\n","protected":false},"author":2,"featured_media":3526,"comment_status":"open","ping_status":"open","sticky":false,"template":"","format":"standard","meta":{"_exactmetrics_skip_tracking":false,"_exactmetrics_sitenote_active":false,"_exactmetrics_sitenote_note":"","_exactmetrics_sitenote_category":0,"jnews-multi-image_gallery":[],"jnews_single_post":{"source_name":"","source_url":"","via_name":"","via_url":"","override_template":"0","override":[{"template":"1","single_blog_custom":"","parallax":"1","fullscreen":"1","layout":"right-sidebar","sidebar":"default-sidebar","second_sidebar":"default-sidebar","sticky_sidebar":"1","share_position":"top","share_float_style":"share-monocrhome","show_share_counter":"1","show_view_counter":"1","show_featured":"1","show_post_meta":"1","show_post_author":"1","show_post_author_image":"1","show_post_date":"1","post_date_format":"default","post_date_format_custom":"Y\/m\/d","show_post_category":"1","show_post_reading_time":"0","post_reading_time_wpm":"300","show_zoom_button":"0","zoom_button_out_step":"2","zoom_button_in_step":"3","show_post_tag":"1","show_prev_next_post":"1","show_popup_post":"1","number_popup_post":"1","show_author_box":"0","show_post_related":"0","show_inline_post_related":"0"}],"override_image_size":"0","image_override":[{"single_post_thumbnail_size":"crop-500","single_post_gallery_size":"crop-500"}],"trending_post":"0","trending_post_position":"meta","trending_post_label":"Trending","sponsored_post":"0","sponsored_post_label":"Sponsored by","sponsored_post_name":"","sponsored_post_url":"","sponsored_post_logo_enable":"0","sponsored_post_logo":"","sponsored_post_desc":""},"jnews_primary_category":{"id":"22"},"jnews_social_meta":{"fb_title":"","fb_description":"","fb_image":"","twitter_title":"","twitter_description":"","twitter_image":""},"jnews_override_counter":{"override_view_counter":"0","view_counter_number":"0","override_share_counter":"0","share_counter_number":"0","override_like_counter":"0","like_counter_number":"0","override_dislike_counter":"0","dislike_counter_number":"0"},"_joinchat":[],"footnotes":""},"categories":[22],"tags":[160,72,67,78],"class_list":["post-3518","post","type-post","status-publish","format-standard","has-post-thumbnail","hentry","category-actualidad","tag-edicion-58","tag-edicion-digital","tag-entrevista","tag-estudiantes"],"_links":{"self":[{"href":"https:\/\/tribunavm.com.ar\/index.php\/wp-json\/wp\/v2\/posts\/3518"}],"collection":[{"href":"https:\/\/tribunavm.com.ar\/index.php\/wp-json\/wp\/v2\/posts"}],"about":[{"href":"https:\/\/tribunavm.com.ar\/index.php\/wp-json\/wp\/v2\/types\/post"}],"author":[{"embeddable":true,"href":"https:\/\/tribunavm.com.ar\/index.php\/wp-json\/wp\/v2\/users\/2"}],"replies":[{"embeddable":true,"href":"https:\/\/tribunavm.com.ar\/index.php\/wp-json\/wp\/v2\/comments?post=3518"}],"version-history":[{"count":7,"href":"https:\/\/tribunavm.com.ar\/index.php\/wp-json\/wp\/v2\/posts\/3518\/revisions"}],"predecessor-version":[{"id":3534,"href":"https:\/\/tribunavm.com.ar\/index.php\/wp-json\/wp\/v2\/posts\/3518\/revisions\/3534"}],"wp:featuredmedia":[{"embeddable":true,"href":"https:\/\/tribunavm.com.ar\/index.php\/wp-json\/wp\/v2\/media\/3526"}],"wp:attachment":[{"href":"https:\/\/tribunavm.com.ar\/index.php\/wp-json\/wp\/v2\/media?parent=3518"}],"wp:term":[{"taxonomy":"category","embeddable":true,"href":"https:\/\/tribunavm.com.ar\/index.php\/wp-json\/wp\/v2\/categories?post=3518"},{"taxonomy":"post_tag","embeddable":true,"href":"https:\/\/tribunavm.com.ar\/index.php\/wp-json\/wp\/v2\/tags?post=3518"}],"curies":[{"name":"wp","href":"https:\/\/api.w.org\/{rel}","templated":true}]}}