{"id":3560,"date":"2021-06-29T19:27:18","date_gmt":"2021-06-29T19:27:18","guid":{"rendered":"https:\/\/tribunavm.com.ar\/?p=3560"},"modified":"2021-07-30T20:36:22","modified_gmt":"2021-07-30T20:36:22","slug":"sin-despidos-hasta-2022","status":"publish","type":"post","link":"https:\/\/tribunavm.com.ar\/index.php\/2021\/06\/29\/sin-despidos-hasta-2022\/","title":{"rendered":"Sin despidos hasta 2022"},"content":{"rendered":"<div class=\"row clearfix\">\n<div class=\"col-md-8\">\n<p><span style=\"color: #212121; font-size: 1.5em; letter-spacing: -0.01em;\">El Gobierno Nacional extendi\u00f3 la prohibici\u00f3n de despidos y suspensiones y la doble indemnizaci\u00f3n, pero las cifras de desempleo siguen mostrando la dura realidad de los trabajadores.<\/span><\/p>\n<p><span style=\"font-weight: 400;\"><span class=\"dropcap \" style=\"background-color: #ffffff; color: #dd9933; border-color: #ffffff;\">A <\/span>trav\u00e9s del decreto 413\/2021, publicado este lunes en el Bolet\u00edn Oficial, el Gobierno Nacional, en el marco de la emergencia p\u00fablica en materia sanitaria, <strong>extendi\u00f3 la prohibici\u00f3n de despidos y sin justa causa y las suspensiones por las causales de falta o disminuci\u00f3n de trabajo y fuerza mayor hasta el 2022.<\/strong><\/span><\/p>\n<p><span style=\"font-weight: 400;\">De esta manera, cualquier despido o suspensi\u00f3n que se produzcan en violaci\u00f3n de lo establecido por el decreto quedar\u00e1n sin efecto alguno y mantendr\u00e1n vigentes las relaciones laborales existentes y sus condiciones, adem\u00e1s de prorrogar la doble indemnizaci\u00f3n por despido sin causa.<\/span><\/p>\n<p><span style=\"font-weight: 400;\">Sin embargo, las prohibiciones establecidas por esta medida no contemplan las suspensiones o despidos en contrataciones posteriores a la entrada en vigencia del Decreto 34\/2019, que estableci\u00f3 la emergencia ocupacional el 13 de diciembre de 2019, durante los primeros d\u00edas de la gesti\u00f3n de Alberto Fern\u00e1ndez.<\/span><\/p>\n<p><span style=\"font-weight: 400;\"><strong>Daniel Funes de Rioja<\/strong>, flamante referente de la <strong>UIA<\/strong>, en el marco de su asunci\u00f3n a la entidad empresaria se refiri\u00f3 a las medidas como el <strong>\u201ctriple cepo laboral\u201d<\/strong>, argumentando que &#8220;cuando se generan obst\u00e1culos de esta naturaleza a la posibilidad de contratar y despedir se dificulta la entrada de nuevos trabajadores&#8221;.<\/span><\/p>\n<p><span style=\"font-weight: 400;\">La Casa Rosada justific\u00f3 que \u201cla segunda ola de COVID-19 que azota al pa\u00eds debe ser acompa\u00f1ada por medidas acordes que contemplen la protecci\u00f3n de la salud de la poblaci\u00f3n y coadyuven a morigerar el impacto de las medidas sanitarias sobre el empleo\u201d.<\/span><\/p>\n<p><span style=\"font-weight: 400;\">Claudio Moroni, ministro de Trabajo, asegur\u00f3 este mes ante la asamblea de la Organizaci\u00f3n Internacional del Trabajo (OIT) que el Gobierno asumi\u00f3 &#8220;el compromiso de proteger el empleo y los ingresos de los trabajadores por la v\u00eda del di\u00e1logo social\u201d.<\/span><\/p>\n<p><span style=\"font-weight: 400;\">Un reciente informe de la OIT se\u00f1ala que la organizaci\u00f3n multilateral espera que unos 205 millones de personas todav\u00eda se encuentren desempleadas en 2022, frente a los 187 millones de 2019.<\/span><\/p>\n<p><span style=\"color: #ff9900;\"><b>Pero el trabajo sigue faltando<\/b><\/span><\/p>\n<p><span style=\"font-weight: 400;\">Este anuncio se dio d\u00edas despu\u00e9s de la publicaci\u00f3n del informe mensual del INDEC \u201cMercado de Trabajo\u201d, donde el organismo estad\u00edstico indic\u00f3 que la tasa de desocupaci\u00f3n alcanz\u00f3 el <strong>10,2%<\/strong> durante el primer trimestre del a\u00f1o, un equivalente a <strong>1,3 millones de trabajadores.<\/strong><\/span><\/p>\n<blockquote class=\"twitter-tweet\">\n<p dir=\"ltr\" lang=\"es\"><a href=\"https:\/\/twitter.com\/hashtag\/DatoINDEC?src=hash&amp;ref_src=twsrc%5Etfw\">#DatoINDEC<\/a><br \/>\nLas tasas de actividad, empleo y desocupaci\u00f3n se ubicaron en 46,3%, 41,6% y 10,2% en el 1\u00b0 trimestre de 2021, respectivamente <a href=\"https:\/\/t.co\/19wQTSY4JD\">https:\/\/t.co\/19wQTSY4JD<\/a> <a href=\"https:\/\/t.co\/rL5ToShhZR\">pic.twitter.com\/rL5ToShhZR<\/a><\/p>\n<p>\u2014 INDEC Argentina (@INDECArgentina) <a href=\"https:\/\/twitter.com\/INDECArgentina\/status\/1408137928740589577?ref_src=twsrc%5Etfw\">June 24, 2021<\/a><\/p><\/blockquote>\n<p><script async src=\"https:\/\/platform.twitter.com\/widgets.js\" charset=\"utf-8\"><\/script><br \/>\n<span style=\"font-weight: 400;\">Este n\u00famero se agrava en el Gran C\u00f3rdoba, donde durante el trimestre se registraron 115.000 personas en b\u00fasqueda de empleo, un 14,8% de la poblaci\u00f3n econ\u00f3micamente activa, la cifra m\u00e1s alta a nivel nacional, debido a un aumento del 4% frente al trimestre pasado.<\/span><\/p>\n<\/div>\n<\/div>\n","protected":false},"excerpt":{"rendered":"<p>El Gobierno Nacional extendi\u00f3 la prohibici\u00f3n de despidos y suspensiones y la doble indemnizaci\u00f3n, pero las cifras de desempleo siguen mostrando la dura realidad de los trabajadores. A trav\u00e9s del decreto 413\/2021, publicado este lunes en el Bolet\u00edn Oficial, el Gobierno Nacional, en el marco de la emergencia p\u00fablica en materia sanitaria, extendi\u00f3 la prohibici\u00f3n [&hellip;]<\/p>\n","protected":false},"author":2,"featured_media":3561,"comment_status":"open","ping_status":"open","sticky":false,"template":"","format":"standard","meta":{"_exactmetrics_skip_tracking":false,"_exactmetrics_sitenote_active":false,"_exactmetrics_sitenote_note":"","_exactmetrics_sitenote_category":0,"jnews-multi-image_gallery":[],"jnews_single_post":{"source_name":"","source_url":"","via_name":"","via_url":"","override_template":"0","override":[{"template":"1","single_blog_custom":"","parallax":"1","fullscreen":"1","layout":"right-sidebar","sidebar":"default-sidebar","second_sidebar":"default-sidebar","sticky_sidebar":"1","share_position":"top","share_float_style":"share-monocrhome","show_share_counter":"1","show_view_counter":"1","show_featured":"1","show_post_meta":"1","show_post_author":"1","show_post_author_image":"1","show_post_date":"1","post_date_format":"default","post_date_format_custom":"Y\/m\/d","show_post_category":"1","show_post_reading_time":"0","post_reading_time_wpm":"300","show_zoom_button":"0","zoom_button_out_step":"2","zoom_button_in_step":"3","show_post_tag":"1","show_prev_next_post":"1","show_popup_post":"1","number_popup_post":"1","show_author_box":"0","show_post_related":"0","show_inline_post_related":"0"}],"override_image_size":"0","image_override":[{"single_post_thumbnail_size":"crop-500","single_post_gallery_size":"crop-500"}],"trending_post":"0","trending_post_position":"meta","trending_post_label":"Trending","sponsored_post":"0","sponsored_post_label":"Sponsored by","sponsored_post_name":"","sponsored_post_url":"","sponsored_post_logo_enable":"0","sponsored_post_logo":"","sponsored_post_desc":""},"jnews_primary_category":{"id":""},"jnews_social_meta":{"fb_title":"","fb_description":"","fb_image":"","twitter_title":"","twitter_description":"","twitter_image":""},"jnews_override_counter":{"override_view_counter":"0","view_counter_number":"0","override_share_counter":"0","share_counter_number":"0","override_like_counter":"0","like_counter_number":"0","override_dislike_counter":"0","dislike_counter_number":"0"},"_joinchat":[],"footnotes":""},"categories":[22],"tags":[166,39,35],"class_list":["post-3560","post","type-post","status-publish","format-standard","has-post-thumbnail","hentry","category-actualidad","tag-edicion-59","tag-gobierno","tag-trabajadores"],"_links":{"self":[{"href":"https:\/\/tribunavm.com.ar\/index.php\/wp-json\/wp\/v2\/posts\/3560"}],"collection":[{"href":"https:\/\/tribunavm.com.ar\/index.php\/wp-json\/wp\/v2\/posts"}],"about":[{"href":"https:\/\/tribunavm.com.ar\/index.php\/wp-json\/wp\/v2\/types\/post"}],"author":[{"embeddable":true,"href":"https:\/\/tribunavm.com.ar\/index.php\/wp-json\/wp\/v2\/users\/2"}],"replies":[{"embeddable":true,"href":"https:\/\/tribunavm.com.ar\/index.php\/wp-json\/wp\/v2\/comments?post=3560"}],"version-history":[{"count":2,"href":"https:\/\/tribunavm.com.ar\/index.php\/wp-json\/wp\/v2\/posts\/3560\/revisions"}],"predecessor-version":[{"id":3563,"href":"https:\/\/tribunavm.com.ar\/index.php\/wp-json\/wp\/v2\/posts\/3560\/revisions\/3563"}],"wp:featuredmedia":[{"embeddable":true,"href":"https:\/\/tribunavm.com.ar\/index.php\/wp-json\/wp\/v2\/media\/3561"}],"wp:attachment":[{"href":"https:\/\/tribunavm.com.ar\/index.php\/wp-json\/wp\/v2\/media?parent=3560"}],"wp:term":[{"taxonomy":"category","embeddable":true,"href":"https:\/\/tribunavm.com.ar\/index.php\/wp-json\/wp\/v2\/categories?post=3560"},{"taxonomy":"post_tag","embeddable":true,"href":"https:\/\/tribunavm.com.ar\/index.php\/wp-json\/wp\/v2\/tags?post=3560"}],"curies":[{"name":"wp","href":"https:\/\/api.w.org\/{rel}","templated":true}]}}