{"id":3567,"date":"2021-06-30T22:40:16","date_gmt":"2021-06-30T22:40:16","guid":{"rendered":"https:\/\/tribunavm.com.ar\/?p=3567"},"modified":"2021-07-30T20:36:22","modified_gmt":"2021-07-30T20:36:22","slug":"la-mitad-de-los-hogares-del-pais-no-cubren-necesidades-basicas","status":"publish","type":"post","link":"https:\/\/tribunavm.com.ar\/index.php\/2021\/06\/30\/la-mitad-de-los-hogares-del-pais-no-cubren-necesidades-basicas\/","title":{"rendered":"La mitad de los hogares del pa\u00eds no cubren necesidades b\u00e1sicas"},"content":{"rendered":"<div class=\"row clearfix\">\n<div class=\"col-md-8\">\n<div class=\"intro-text\">\n<p><span style=\"font-weight: 400;\">La grave situaci\u00f3n fue comunicada por el INDEC a trav\u00e9s de su informe trimestral sobre la distribuci\u00f3n del ingreso. Adem\u00e1s, los salarios crecieron 12,5% menos que la inflaci\u00f3n del mismo per\u00edodo.<\/span><\/p>\n<\/div>\n<p><span style=\"font-weight: 400;\"><span class=\"dropcap \" style=\"background-color: #ffffff; color: #dd9933; border-color: #ffffff;\">A<\/span>yer, el Instituto Nacional de Estad\u00edsticas y Censos (INDEC) public\u00f3 un informe titulado \u201cEvoluci\u00f3n de la distribuci\u00f3n del ingreso\u201d sobre el primer trimestre de este a\u00f1o. En su an\u00e1lisis puede verse la penosa situaci\u00f3n que atraviesan las familias trabajadoras de todo el pa\u00eds.<\/span><\/p>\n<p><span style=\"font-weight: 400;\">Seg\u00fan los datos, el ingreso promedio per c\u00e1pita del total de la poblaci\u00f3n alcanz\u00f3 los $25.284, mientras que la mediana del ingreso per c\u00e1pita fue de $18.333. Esto \u00faltimo quiere decir que la mitad de la poblaci\u00f3n vive con un ingreso igual o menor a ese.<\/span><\/p>\n<p><span style=\"font-weight: 400;\">El ingreso promedio de los primeros cuatro deciles de la poblaci\u00f3n, considerado como \u201cestrato bajo\u201d por el INDEC, ordenada seg\u00fan la ocupaci\u00f3n principal, es de $14.179.<\/span><\/p>\n<p><span style=\"font-weight: 400;\">El 60% de la poblaci\u00f3n vive con menos de $22.600 apenas superando los $20.856 de la CBT individual. Ese porcentaje de la poblaci\u00f3n cuenta s\u00f3lo con el 38,8% del total de ingresos.\u00a0<\/span><\/p>\n<p><span style=\"font-weight: 400;\">El 70% de los ocupados (que trabajan activamente) no sobrepasan los $50.000 mensuales, o sea que no llegan a cubrir la canasta b\u00e1sica total (valorada oficialmente en $62.958) para una familia de 4 personas. En cuanto a los hogares, el 50% no llegan a cubrirla, cayendo bajo la l\u00ednea de pobreza.\u00a0<\/span><\/p>\n<p><span style=\"font-weight: 400;\">Adem\u00e1s, la tendencia parece no revertirse: seg\u00fan el \u201c\u00cdndice de salarios\u201d publicado hoy por el INDEC el total registrado acumula, en los \u00faltimos 12 meses, un aumento de 36,3%. Ello representa un 12,5% menos que la inflaci\u00f3n del mismo per\u00edodo (establecida oficialmente en 48,8%).<\/span><\/p>\n<hr \/>\n<p><strong>Materiales consultados:<\/strong><\/p>\n<p><span style=\"color: #ff9900;\"><a style=\"color: #ff9900;\" href=\"https:\/\/www.indec.gob.ar\/uploads\/informesdeprensa\/mercado_trabajo_eph_1trim21F7C133BA46.pdf\"><span style=\"font-weight: 400;\">Mercado de trabajo. Tasas e indicadores socioecon\u00f3micos (EPH) &#8211; Primer trimestre de 2021<\/span><\/a><\/span><\/p>\n<p><span style=\"color: #ff9900;\"><a style=\"color: #ff9900;\" href=\"https:\/\/www.indec.gob.ar\/uploads\/informesdeprensa\/ingresos_1trim21492288B743.pdf\"><span style=\"font-weight: 400;\">Evoluci\u00f3n de la distribuci\u00f3n del ingreso (EPH) &#8211; Primer trimestre de 2021<\/span><\/a><\/span><\/p>\n<p><span style=\"color: #ff9900;\"><a style=\"color: #ff9900;\" href=\"https:\/\/www.indec.gob.ar\/uploads\/informesdeprensa\/salarios_06_211C33BA0391.pdf\"><span style=\"font-weight: 400;\">\u00cdndice de salarios &#8211; Abril de 2021<\/span><\/a><\/span><\/p>\n<p><span style=\"color: #ff9900;\"><a style=\"color: #ff9900;\" href=\"https:\/\/www.indec.gob.ar\/uploads\/informesdeprensa\/ipc_06_213FF773CF9F.pdf\"><span style=\"font-weight: 400;\">\u00cdndice de precios al consumidor (IPC) &#8211; Mayo de 2021<\/span><\/a><\/span><\/p>\n<\/div>\n<\/div>\n","protected":false},"excerpt":{"rendered":"<p>La grave situaci\u00f3n fue comunicada por el INDEC a trav\u00e9s de su informe trimestral sobre la distribuci\u00f3n del ingreso. Adem\u00e1s, los salarios crecieron 12,5% menos que la inflaci\u00f3n del mismo per\u00edodo. Ayer, el Instituto Nacional de Estad\u00edsticas y Censos (INDEC) public\u00f3 un informe titulado \u201cEvoluci\u00f3n de la distribuci\u00f3n del ingreso\u201d sobre el primer trimestre de [&hellip;]<\/p>\n","protected":false},"author":2,"featured_media":3568,"comment_status":"open","ping_status":"open","sticky":false,"template":"","format":"standard","meta":{"_exactmetrics_skip_tracking":false,"_exactmetrics_sitenote_active":false,"_exactmetrics_sitenote_note":"","_exactmetrics_sitenote_category":0,"jnews-multi-image_gallery":[],"jnews_single_post":{"source_name":"","source_url":"","via_name":"","via_url":"","override_template":"0","override":[{"template":"1","single_blog_custom":"","parallax":"1","fullscreen":"1","layout":"right-sidebar","sidebar":"default-sidebar","second_sidebar":"default-sidebar","sticky_sidebar":"1","share_position":"top","share_float_style":"share-monocrhome","show_share_counter":"1","show_view_counter":"1","show_featured":"1","show_post_meta":"1","show_post_author":"1","show_post_author_image":"1","show_post_date":"1","post_date_format":"default","post_date_format_custom":"Y\/m\/d","show_post_category":"1","show_post_reading_time":"0","post_reading_time_wpm":"300","show_zoom_button":"0","zoom_button_out_step":"2","zoom_button_in_step":"3","show_post_tag":"1","show_prev_next_post":"1","show_popup_post":"1","number_popup_post":"1","show_author_box":"0","show_post_related":"0","show_inline_post_related":"0"}],"override_image_size":"0","image_override":[{"single_post_thumbnail_size":"crop-500","single_post_gallery_size":"crop-500"}],"trending_post":"0","trending_post_position":"meta","trending_post_label":"Trending","sponsored_post":"0","sponsored_post_label":"Sponsored by","sponsored_post_name":"","sponsored_post_url":"","sponsored_post_logo_enable":"0","sponsored_post_logo":"","sponsored_post_desc":""},"jnews_primary_category":{"id":"22"},"jnews_social_meta":{"fb_title":"","fb_description":"","fb_image":"","twitter_title":"","twitter_description":"","twitter_image":""},"jnews_override_counter":{"override_view_counter":"0","view_counter_number":"0","override_share_counter":"0","share_counter_number":"0","override_like_counter":"0","like_counter_number":"0","override_dislike_counter":"0","dislike_counter_number":"0"},"_joinchat":[],"footnotes":""},"categories":[22],"tags":[109,166,72,36,34,35],"class_list":["post-3567","post","type-post","status-publish","format-standard","has-post-thumbnail","hentry","category-actualidad","tag-condiciones-de-vida","tag-edicion-59","tag-edicion-digital","tag-que-paso","tag-social","tag-trabajadores"],"_links":{"self":[{"href":"https:\/\/tribunavm.com.ar\/index.php\/wp-json\/wp\/v2\/posts\/3567"}],"collection":[{"href":"https:\/\/tribunavm.com.ar\/index.php\/wp-json\/wp\/v2\/posts"}],"about":[{"href":"https:\/\/tribunavm.com.ar\/index.php\/wp-json\/wp\/v2\/types\/post"}],"author":[{"embeddable":true,"href":"https:\/\/tribunavm.com.ar\/index.php\/wp-json\/wp\/v2\/users\/2"}],"replies":[{"embeddable":true,"href":"https:\/\/tribunavm.com.ar\/index.php\/wp-json\/wp\/v2\/comments?post=3567"}],"version-history":[{"count":1,"href":"https:\/\/tribunavm.com.ar\/index.php\/wp-json\/wp\/v2\/posts\/3567\/revisions"}],"predecessor-version":[{"id":3569,"href":"https:\/\/tribunavm.com.ar\/index.php\/wp-json\/wp\/v2\/posts\/3567\/revisions\/3569"}],"wp:featuredmedia":[{"embeddable":true,"href":"https:\/\/tribunavm.com.ar\/index.php\/wp-json\/wp\/v2\/media\/3568"}],"wp:attachment":[{"href":"https:\/\/tribunavm.com.ar\/index.php\/wp-json\/wp\/v2\/media?parent=3567"}],"wp:term":[{"taxonomy":"category","embeddable":true,"href":"https:\/\/tribunavm.com.ar\/index.php\/wp-json\/wp\/v2\/categories?post=3567"},{"taxonomy":"post_tag","embeddable":true,"href":"https:\/\/tribunavm.com.ar\/index.php\/wp-json\/wp\/v2\/tags?post=3567"}],"curies":[{"name":"wp","href":"https:\/\/api.w.org\/{rel}","templated":true}]}}