{"id":3600,"date":"2021-07-06T20:55:38","date_gmt":"2021-07-06T20:55:38","guid":{"rendered":"https:\/\/tribunavm.com.ar\/?p=3600"},"modified":"2021-07-30T20:36:21","modified_gmt":"2021-07-30T20:36:21","slug":"por-un-ano-la-hidrovia-sera-estatal","status":"publish","type":"post","link":"https:\/\/tribunavm.com.ar\/index.php\/2021\/07\/06\/por-un-ano-la-hidrovia-sera-estatal\/","title":{"rendered":"Por un a\u00f1o, la Hidrov\u00eda ser\u00e1 \u201cestatal\u201d"},"content":{"rendered":"<div class=\"row clearfix\">\n<div class=\"col-md-8\">\n<p><span style=\"color: #212121; font-size: 1.5em; letter-spacing: -0.01em;\">El Gobierno oficializ\u00f3 la toma de funciones administrativas de la Hidrov\u00eda Paran\u00e1-Paraguay por doce meses, despu\u00e9s de la concesi\u00f3n de 26 a\u00f1os en manos de la belga Jan de Nul junto a su socio local Emepa.<\/span><\/p>\n<p><span style=\"font-weight: 400;\"><span class=\"dropcap \" style=\"background-color: #ffffff; color: #dd9933; border-color: #ffffff;\">E<\/span>l <\/span><span style=\"color: #ff9900;\"><a style=\"color: #ff9900;\" href=\"https:\/\/www.boletinoficial.gob.ar\/detalleAviso\/primera\/246303\/20210701\"><span style=\"font-weight: 400;\">decreto 427\/2021<\/span><\/a><\/span><span style=\"font-weight: 400;\">, firmado el 30 de junio por el presidente Alberto Fern\u00e1ndez, el jefe de Gabinete Santiago Cafiero y el ministro de Transporte, Alexis Guerrera, designa al ente estatal Administraci\u00f3n General de Puertos (AGP) como responsable de la administraci\u00f3n y el mantenimiento del sistema de se\u00f1alizaci\u00f3n y tareas de dragado de la hidrov\u00eda Paraguay\u2013Paran\u00e1 por el plazo de un a\u00f1o.<\/span><\/p>\n<p><span style=\"font-weight: 400;\">De esta manera, el Gobierno le pone puntos suspensivos al debate sobre la conducci\u00f3n del principal canal de exportaciones, luego de meses de incertidumbre a ra\u00edz del vencimiento de la concesi\u00f3n y de la extensi\u00f3n de 90 d\u00edas que otorg\u00f3 el Ministerio de Obras P\u00fablicas.<\/span><\/p>\n<p><span style=\"font-weight: 400;\">El \u201cexpertise\u201d y el \u201cknow how\u201d aparecen como los principales argumentos que objetan los sectores que concentran los negocios del agro. Daniel Nasini, de la Bolsa de Comercio de Rosario asegur\u00f3 que \u201ces indispensable que las obras sigan en manos de empresas especializadas en la materia, seleccionadas bajo un riguroso y transparente proceso de licitaci\u00f3n. El Estado no tiene ni la experiencia ni la capacidad t\u00e9cnica para realizar estas tareas\u201d.<\/span><\/p>\n<blockquote class=\"pullquote align-right\"><p><i><span style=\"font-weight: 400;\">300 millones de d\u00f3lares anuales. Es lo que pagan productores y exportadores por el servicio de dragado y balizamiento por a\u00f1o.<\/span><\/i><\/p><\/blockquote>\n<p><span style=\"font-weight: 400;\">Sin embargo, los intereses por los destinos de estos recursos exceden a los que lo monopolizan. El &#8220;Cabildo Abierto por la Soberan\u00eda Fluvial, Mar\u00edtima y el Canal Magdalena&#8221;, impulsado por el Sindicato Argentino de Obreros Navales (SAON), convoc\u00f3 a organizaciones y sindicatos de todo el pa\u00eds a debatir sobre la necesidad de retomar el control de la v\u00eda navegable.<\/span><\/p>\n<p><span style=\"font-weight: 400;\">Esta medida agudiza las tensiones del sector agroexportador en torno a la hidrov\u00eda, donde los fantasmas de una posible estatizaci\u00f3n se convirtieron en uno de los principales reclamos que convocan a productores el 9 de julio en San Nicol\u00e1s, provincia de Buenos Aires.<\/span><\/p>\n<p><span style=\"font-weight: 400;\">Nicol\u00e1s Pino, titular de la Sociedad Rural, en un hilo de tuits, sentenci\u00f3: \u201ces el sector privado el que tiene los conocimientos y las herramientas necesarias para su funcionamiento, no el Estado. El crecimiento de la econom\u00eda y del campo no pasa por la intervenci\u00f3n ni avance sobre privatizaciones en actividades centrales que hacen a la competitividad de un sector generador de riqueza en el interior y d\u00f3lares necesarios para estabilizar la macroeconom\u00eda\u201d.<\/span><\/p>\n<blockquote class=\"twitter-tweet\">\n<p dir=\"ltr\" lang=\"es\">El crecimiento de la econom\u00eda y del campo no pasa por la intervenci\u00f3n ni avance sobre privatizaciones en actividades centrales que hacen a la competitividad de un sector generador de riqueza en el interior y d\u00f3lares necesarios para estabilizar la macroeconom\u00eda.<\/p>\n<p>\u2014 Nicol\u00e1s Pino (@NicolasPinoSRA) <a href=\"https:\/\/twitter.com\/NicolasPinoSRA\/status\/1411429480741093378?ref_src=twsrc%5Etfw\">July 3, 2021<\/a><\/p><\/blockquote>\n<p><script async src=\"https:\/\/platform.twitter.com\/widgets.js\" charset=\"utf-8\"><\/script><br \/>\n<span style=\"font-weight: 400;\">Por su parte, Confederaciones Rurales Argentinas, tras el anuncio, public\u00f3 un comunicado con el t\u00edtulo \u201cDe una hidrov\u00eda m\u00e1s federal a la caja estatal\u201d, donde asegur\u00f3 que \u201cno es bueno cambiar de caballo a mitad del r\u00edo, y modificar el statu-quo vigente durante 25 a\u00f1os implica poner en peligro nuestra v\u00eda de comunicaci\u00f3n con el mundo, al menos que se nos quiera aislar del mismo\u201d.<\/span><\/p>\n<p><span style=\"font-weight: 400;\">Este conflictivo escenario, se da en un contexto en el que el r\u00edo Paran\u00e1 se encuentra en una bajante hist\u00f3rica: 0,20 metros en el puerto de Rosario, el peor registro de desde 1944. En 2019, este nivel era de 4,49 metros. Sumado a esto, seg\u00fan un informe de CIARA-CEC, las exportaciones del sector agr\u00edcola, del cual el Paran\u00e1 es la v\u00eda a destino del 80%, se encuentran en sus vol\u00famenes m\u00e1s altos en 18 a\u00f1os, con un acumulado en el primer semestre de 16.659 millones de d\u00f3lares.<\/span><\/p>\n<\/div>\n<\/div>\n","protected":false},"excerpt":{"rendered":"<p>El Gobierno oficializ\u00f3 la toma de funciones administrativas de la Hidrov\u00eda Paran\u00e1-Paraguay por doce meses, despu\u00e9s de la concesi\u00f3n de 26 a\u00f1os en manos de la belga Jan de Nul junto a su socio local Emepa. El decreto 427\/2021, firmado el 30 de junio por el presidente Alberto Fern\u00e1ndez, el jefe de Gabinete Santiago Cafiero [&hellip;]<\/p>\n","protected":false},"author":2,"featured_media":3601,"comment_status":"open","ping_status":"open","sticky":false,"template":"","format":"standard","meta":{"_exactmetrics_skip_tracking":false,"_exactmetrics_sitenote_active":false,"_exactmetrics_sitenote_note":"","_exactmetrics_sitenote_category":0,"jnews-multi-image_gallery":[],"jnews_single_post":{"source_name":"","source_url":"","via_name":"","via_url":"","override_template":"0","override":[{"template":"1","single_blog_custom":"","parallax":"1","fullscreen":"1","layout":"right-sidebar","sidebar":"default-sidebar","second_sidebar":"default-sidebar","sticky_sidebar":"1","share_position":"top","share_float_style":"share-monocrhome","show_share_counter":"1","show_view_counter":"1","show_featured":"1","show_post_meta":"1","show_post_author":"1","show_post_author_image":"1","show_post_date":"1","post_date_format":"default","post_date_format_custom":"Y\/m\/d","show_post_category":"1","show_post_reading_time":"0","post_reading_time_wpm":"300","show_zoom_button":"0","zoom_button_out_step":"2","zoom_button_in_step":"3","show_post_tag":"1","show_prev_next_post":"1","show_popup_post":"1","number_popup_post":"1","show_author_box":"0","show_post_related":"0","show_inline_post_related":"0"}],"override_image_size":"0","image_override":[{"single_post_thumbnail_size":"crop-500","single_post_gallery_size":"crop-500"}],"trending_post":"0","trending_post_position":"meta","trending_post_label":"Trending","sponsored_post":"0","sponsored_post_label":"Sponsored by","sponsored_post_name":"","sponsored_post_url":"","sponsored_post_logo_enable":"0","sponsored_post_logo":"","sponsored_post_desc":""},"jnews_primary_category":{"id":""},"jnews_social_meta":{"fb_title":"","fb_description":"","fb_image":"","twitter_title":"","twitter_description":"","twitter_image":""},"jnews_override_counter":{"override_view_counter":"0","view_counter_number":"0","override_share_counter":"0","share_counter_number":"0","override_like_counter":"0","like_counter_number":"0","override_dislike_counter":"0","dislike_counter_number":"0"},"_joinchat":[],"footnotes":""},"categories":[22],"tags":[41,169,39],"class_list":["post-3600","post","type-post","status-publish","format-standard","has-post-thumbnail","hentry","category-actualidad","tag-agro","tag-edicion-60","tag-gobierno"],"_links":{"self":[{"href":"https:\/\/tribunavm.com.ar\/index.php\/wp-json\/wp\/v2\/posts\/3600"}],"collection":[{"href":"https:\/\/tribunavm.com.ar\/index.php\/wp-json\/wp\/v2\/posts"}],"about":[{"href":"https:\/\/tribunavm.com.ar\/index.php\/wp-json\/wp\/v2\/types\/post"}],"author":[{"embeddable":true,"href":"https:\/\/tribunavm.com.ar\/index.php\/wp-json\/wp\/v2\/users\/2"}],"replies":[{"embeddable":true,"href":"https:\/\/tribunavm.com.ar\/index.php\/wp-json\/wp\/v2\/comments?post=3600"}],"version-history":[{"count":2,"href":"https:\/\/tribunavm.com.ar\/index.php\/wp-json\/wp\/v2\/posts\/3600\/revisions"}],"predecessor-version":[{"id":3603,"href":"https:\/\/tribunavm.com.ar\/index.php\/wp-json\/wp\/v2\/posts\/3600\/revisions\/3603"}],"wp:featuredmedia":[{"embeddable":true,"href":"https:\/\/tribunavm.com.ar\/index.php\/wp-json\/wp\/v2\/media\/3601"}],"wp:attachment":[{"href":"https:\/\/tribunavm.com.ar\/index.php\/wp-json\/wp\/v2\/media?parent=3600"}],"wp:term":[{"taxonomy":"category","embeddable":true,"href":"https:\/\/tribunavm.com.ar\/index.php\/wp-json\/wp\/v2\/categories?post=3600"},{"taxonomy":"post_tag","embeddable":true,"href":"https:\/\/tribunavm.com.ar\/index.php\/wp-json\/wp\/v2\/tags?post=3600"}],"curies":[{"name":"wp","href":"https:\/\/api.w.org\/{rel}","templated":true}]}}