{"id":364,"date":"2019-05-30T16:44:46","date_gmt":"2019-05-30T16:44:46","guid":{"rendered":"https:\/\/tribunavm.com.ar\/?p=364"},"modified":"2019-10-22T14:04:09","modified_gmt":"2019-10-22T14:04:09","slug":"el-cordobazo-desde-adentro","status":"publish","type":"post","link":"https:\/\/tribunavm.com.ar\/index.php\/2019\/05\/30\/el-cordobazo-desde-adentro\/","title":{"rendered":"El Cordobazo desde adentro"},"content":{"rendered":"<div class=\"row clearfix\">\n<div class=\"col-md-8\">\n<div class=\"intro-text\">\n<p><span style=\"font-weight: 400;\">Durante las jornadas del 29 y 30 de Mayo de 1969 se produjo en la ciudad de C\u00f3rdoba un movimiento de las clases populares que hizo temblar al r\u00e9gimen militar y econ\u00f3mico que pisaba los derechos de las mayor\u00edas. <\/span><\/p>\n<\/div>\n<p><span style=\"font-weight: 400;\"><span class=\"dropcap \" style=\"background-color: #ffffff; color: #dd9933; border-color: #ffffff;\">A<\/span>gust\u00edn Tosco, preguntado acerca de este fen\u00f3meno afirm\u00f3 que \u201cel Cordobazo es la expresi\u00f3n militante, del m\u00e1s alto nivel cuantitativo y cualitativo de la toma de conciencia de un pueblo, en relaci\u00f3n a que se encuentra oprimido y a que quiere liberarse para construir una vida mejor (&#8230;)\u201d. En esta oportunidad entrevistamos a Carlos Scrimini, quien fue presidente de la Federaci\u00f3n Universitaria de C\u00f3rdoba y part\u00edcipe activo del levantamiento popular.<\/span><\/p>\n<p><span style=\"color: #ff6600;\"><strong>\u00bfCu\u00e1l era la relaci\u00f3n que existe entre estudiantes y trabajadores en el contexto donde se produce el Cordobazo?<\/strong><\/span><\/p>\n<p><span style=\"font-weight: 400;\">Como la conducci\u00f3n de la FUC la ten\u00edamos nosotros, los comunistas, el \u00fanico sindicato que nos abr\u00eda las puertas era el de Agust\u00edn Tosco &#8211; Luz y Fuerza &#8211; y el de Juan Malvar -Gr\u00e1ficos-. Todos los otros sindicatos y la CGT ten\u00edan m\u00e1s conexi\u00f3n con el FEN \u2013Frente Estudiantil Nacional-. Los otros sindicatos peronistas ten\u00edan contacto con INTEGRALISMO (fuerza estudiantil mayoritaria en las elecciones) eran\u2013dem\u00f3cratas, cristianos, clubes colegiales- hac\u00edan apuntes, viajes estudiantiles, se met\u00edan poco en pol\u00edtica.<\/span><\/p>\n<p><img loading=\"lazy\" decoding=\"async\" class=\"alignnone wp-image-369\" src=\"https:\/\/tribunavm.com.ar\/wp-content\/uploads\/2019\/10\/El-cordobazo-ByN-300x200.jpg\" alt=\"\" width=\"761\" height=\"507\" srcset=\"https:\/\/tribunavm.com.ar\/wp-content\/uploads\/2019\/10\/El-cordobazo-ByN-300x200.jpg 300w, https:\/\/tribunavm.com.ar\/wp-content\/uploads\/2019\/10\/El-cordobazo-ByN.jpg 500w\" sizes=\"(max-width: 761px) 100vw, 761px\" \/><\/p>\n<p><span style=\"font-weight: 400; color: #ff6600;\"><strong>\u00bfExist\u00edan en ese momento ciertas banderas de lucha que operaron sobre la unidad del 69\u00b4?<\/strong><\/span><\/p>\n<p><span style=\"font-weight: 400;\">El factor fundamental que nos uni\u00f3 a todos sin diferencias (Integralismo, Franja Morada y FUC Comunistas) fue la intervenci\u00f3n a la universidad. Fue tan brutal que expuls\u00f3 docentes, cerr\u00f3 centros estudiantiles, se acab\u00f3 el tripartito y la autonom\u00eda, entonces eso nos uni\u00f3 a todos en la lucha, fue el objetivo fundamental.<\/span><span style=\"font-weight: 400;\"> El integralismo no quer\u00eda luchar contra la dictadura, buscaban presionar al gobierno nacional para que cambien el ministro de educaci\u00f3n, osea hacer reformas m\u00e1s progresistas porque todav\u00eda estaba\u00a0 en las directivas nacionales de Per\u00f3n que Ongan\u00eda pod\u00eda ser un presidente nacionalista. Pero este tra\u00eda bajo el brazo un ministro de econom\u00eda neoliberal (Krieger Vasena). Al poco de andar los convencimos a los compa\u00f1eros (Integralistas) que esto era una dictadura neoliberal y empezaron a luchar. As\u00ed terminamos juntos en el Cordobazo. Eso fue un giro muy grande a la izquierda del Integralismo y se dividieron: los fascistas que terminaron con la Triple A (Alianza Anticomunista Argentina) y los Revolucionarios, que dieron su vida en Montoneros, FAR (Fuerzas Armadas Revolucionarias), FAP (Fuerzas Armadas Peronistas), grandes combatientes y grandes amigos.<\/span><\/p>\n<p><span style=\"color: #ff6600;\"><strong>\u00bfQu\u00e9 visi\u00f3n tiene acerca del movimiento estudiantil actualmente?<\/strong><\/span><\/p>\n<p><span style=\"font-weight: 400;\">Lo que no veo en el movimiento estudiantil, desgraciadamente, es una uni\u00f3n de la FUA con todas las federaciones universitarias regionales en la misma l\u00ednea de combate contra el gobierno de Macri.<\/span><span style=\"font-weight: 400;\"> Ah\u00ed se retrocedi\u00f3, porque lo que se llama izquierda actualmente en las universidades es el trotskismo y eso no es la izquierda nuestra, la izquierda inteligente que sabe unir a la gente. Siempre est\u00e1n con su programa m\u00e1ximo y luego van, sacan 3% o 4% y no les importa perder. <\/span><span style=\"font-weight: 400;\">Y nosotros queremos ganar y para eso hay que tener unidad amplia con gente que no es marxista, que sea cristiana, radical, peronista pero que quieran un proyecto de pa\u00eds con soberan\u00eda. <\/span><span style=\"font-weight: 400;\">Entonces la gran fuerza que era la verdadera izquierda, desapareci\u00f3. Nosotros desde el 65\u00b4 en adelante dirigimos la FUA y casi todas las federaciones universitarias del pa\u00eds, era una fuerza impresionante. <\/span><span style=\"font-weight: 400;\">Ahora se ha retrocedido, entre la Franja Morada\u00a0 y los trotskistas no juntas un movimiento revolucionario en la universidad, es decir se esteriliza.<\/span><\/p>\n<\/div>\n<div class=\"col-md-3\">\n<p>&nbsp;<\/p>\n<\/div>\n<\/div>\n","protected":false},"excerpt":{"rendered":"<p>Durante las jornadas del 29 y 30 de Mayo de 1969 se produjo en la ciudad de C\u00f3rdoba un movimiento de las clases populares que hizo temblar al r\u00e9gimen militar y econ\u00f3mico que pisaba los derechos de las mayor\u00edas. Agust\u00edn Tosco, preguntado acerca de este fen\u00f3meno afirm\u00f3 que \u201cel Cordobazo es la expresi\u00f3n militante, del [&hellip;]<\/p>\n","protected":false},"author":2,"featured_media":370,"comment_status":"open","ping_status":"open","sticky":false,"template":"","format":"standard","meta":{"_exactmetrics_skip_tracking":false,"_exactmetrics_sitenote_active":false,"_exactmetrics_sitenote_note":"","_exactmetrics_sitenote_category":0,"jnews-multi-image_gallery":[],"jnews_single_post":{"source_name":"","source_url":"","via_name":"","via_url":"","override_template":"0","override":[{"template":"1","single_blog_custom":"","parallax":"1","fullscreen":"0","layout":"right-sidebar","sidebar":"default-sidebar","second_sidebar":"default-sidebar","sticky_sidebar":"1","share_position":"top","share_float_style":"share-monocrhome","show_share_counter":"1","show_view_counter":"1","show_featured":"1","show_post_meta":"1","show_post_author":"1","show_post_author_image":"1","show_post_date":"1","post_date_format":"default","post_date_format_custom":"Y\/m\/d","show_post_category":"1","show_post_reading_time":"0","post_reading_time_wpm":"300","show_zoom_button":"0","zoom_button_out_step":"2","zoom_button_in_step":"3","show_post_tag":"1","show_prev_next_post":"1","show_popup_post":"1","number_popup_post":"1","show_author_box":"0","show_post_related":"0","show_inline_post_related":"0"}],"override_image_size":"0","image_override":[{"single_post_thumbnail_size":"crop-500","single_post_gallery_size":"crop-500"}],"trending_post":"0","trending_post_position":"meta","trending_post_label":"Trending"},"jnews_primary_category":{"id":"24"},"jnews_social_meta":{"fb_title":"","fb_description":"","fb_image":"","twitter_title":"","twitter_description":"","twitter_image":""},"jnews_override_counter":{"override_view_counter":"0","view_counter_number":"0","override_share_counter":"0","share_counter_number":"0","override_like_counter":"0","like_counter_number":"0","override_dislike_counter":"0","dislike_counter_number":"0"},"_joinchat":[],"footnotes":""},"categories":[24],"tags":[32],"class_list":["post-364","post","type-post","status-publish","format-standard","has-post-thumbnail","hentry","category-opinion","tag-edicion-1"],"_links":{"self":[{"href":"https:\/\/tribunavm.com.ar\/index.php\/wp-json\/wp\/v2\/posts\/364"}],"collection":[{"href":"https:\/\/tribunavm.com.ar\/index.php\/wp-json\/wp\/v2\/posts"}],"about":[{"href":"https:\/\/tribunavm.com.ar\/index.php\/wp-json\/wp\/v2\/types\/post"}],"author":[{"embeddable":true,"href":"https:\/\/tribunavm.com.ar\/index.php\/wp-json\/wp\/v2\/users\/2"}],"replies":[{"embeddable":true,"href":"https:\/\/tribunavm.com.ar\/index.php\/wp-json\/wp\/v2\/comments?post=364"}],"version-history":[{"count":5,"href":"https:\/\/tribunavm.com.ar\/index.php\/wp-json\/wp\/v2\/posts\/364\/revisions"}],"predecessor-version":[{"id":444,"href":"https:\/\/tribunavm.com.ar\/index.php\/wp-json\/wp\/v2\/posts\/364\/revisions\/444"}],"wp:featuredmedia":[{"embeddable":true,"href":"https:\/\/tribunavm.com.ar\/index.php\/wp-json\/wp\/v2\/media\/370"}],"wp:attachment":[{"href":"https:\/\/tribunavm.com.ar\/index.php\/wp-json\/wp\/v2\/media?parent=364"}],"wp:term":[{"taxonomy":"category","embeddable":true,"href":"https:\/\/tribunavm.com.ar\/index.php\/wp-json\/wp\/v2\/categories?post=364"},{"taxonomy":"post_tag","embeddable":true,"href":"https:\/\/tribunavm.com.ar\/index.php\/wp-json\/wp\/v2\/tags?post=364"}],"curies":[{"name":"wp","href":"https:\/\/api.w.org\/{rel}","templated":true}]}}