{"id":3661,"date":"2021-07-10T19:09:00","date_gmt":"2021-07-10T19:09:00","guid":{"rendered":"https:\/\/tribunavm.com.ar\/?p=3661"},"modified":"2021-07-30T20:36:21","modified_gmt":"2021-07-30T20:36:21","slug":"en-la-busqueda-de-hacer-historia-y-refundar-chile","status":"publish","type":"post","link":"https:\/\/tribunavm.com.ar\/index.php\/2021\/07\/10\/en-la-busqueda-de-hacer-historia-y-refundar-chile\/","title":{"rendered":"En la b\u00fasqueda de hacer historia y refundar Chile"},"content":{"rendered":"<div class=\"row clearfix\">\n<div class=\"col-md-8\">\n<p><span style=\"color: #212121; font-size: 1.5em; letter-spacing: -0.01em;\">Opini\u00f3n por Tom\u00e1s Silvano, estudiante de Ciencia Pol\u00edtica de la UNVM.<\/span><\/p>\n<p><span style=\"font-weight: 400;\"><span class=\"dropcap \" style=\"background-color: #ffffff; color: #dd9933; border-color: #ffffff;\">E<\/span>l domingo 4 de julio, Chile inici\u00f3 el recorrido para la sanci\u00f3n de una nueva Constituci\u00f3n que suplante la heredada del pinochetismo. 155 miembros distribuidos de forma paritaria entre mujeres y hombres, junto con la presencia de 17 esca\u00f1os destinados a los pueblos originarios, conformar\u00e1n la Convenci\u00f3n Constituyente que dar\u00e1 nacimiento al nuevo texto constitucional.<\/span><\/p>\n<p><span style=\"font-weight: 400;\">Tras unas elecciones marcadas por la emergencia de candidatos independientes ligados a los sectores de la izquierda y la centro-izquierda, y por la p\u00e9rdida de confianza a los partidos tradicionales (principalmente a los partidos conservadores), Chile buscar\u00e1 hacer historia dejando atr\u00e1s los vestigios de la dictadura neoliberal de Pinochet y la pasividad de los gobiernos en los \u00faltimos 30 a\u00f1os.<\/span><\/p>\n<p><span style=\"font-weight: 400;\">Luego de las movilizaciones en 2019 que sacudieron el tablero pol\u00edtico chileno, los sectores progresistas, feministas, y defensores de los derechos de los pueblos originarios lograron ponerse al frente de la construcci\u00f3n de la nueva Constituci\u00f3n. Lo que queda demostrado, en cierta manera, con la designaci\u00f3n de Elisa Lonc\u00f3n como Presidenta de la Convenci\u00f3n. Una intelectual, doctora en humanidades, representante del pueblo mapuche apoyada por la bancada del Frente Amplio, del colectivo socialista y parte de la Lista del Pueblo.<\/span><\/p>\n<p><span style=\"color: #ff9900;\"><b>El fantasma del pinochetismo en la democracia chilena<\/b><\/span><\/p>\n<p><span style=\"font-weight: 400;\">Hay algo que caracteriza a la pol\u00edtica latinoamericana contempor\u00e1nea: el peso de los procesos dictatoriales en la institucionalidad y en la construcci\u00f3n de las identidades pol\u00edticas de nuestros pueblos. Es que las dictaduras de los \u201870-\u201980 en Latinoam\u00e9rica generaron grandes impactos en nuestras estructuras econ\u00f3mico-sociales y la formaci\u00f3n de nuestros sistemas pol\u00edticos. Las pol\u00edticas econ\u00f3micas neoliberales (luego ampliadas por gobiernos democr\u00e1ticos), junto con el \u201cdisciplinamiento\u201d pol\u00edtico (represi\u00f3n, asesinatos, desapariciones), influyeron en las especificidades de nuestros Estados.<\/span><\/p>\n<p><span style=\"font-weight: 400;\">El caso chileno no s\u00f3lo no es una excepci\u00f3n, sino que es paradigm\u00e1tico en cierto sentido, y los fantasmas del pinochetismo a\u00fan recorren los pasillos de las instituciones pol\u00edticas del pa\u00eds vecino.<\/span><\/p>\n<p><span style=\"font-weight: 400;\">17 a\u00f1os dur\u00f3 la dictadura de Augusto Pinochet. Quien, luego de derrocar a Salvador Allente en 1973, gobern\u00f3 con mano de hierro al pa\u00eds andino. El gobierno del dictador implic\u00f3 cerca de 40.000 v\u00edctimas, dentro de las cuales se encuentran cerca de 3.000 desaparecidos y asesinados, y la imposici\u00f3n de un modelo neoliberal que dio lugar a lo que ciertos economistas llamaron \u201cel milagro chileno\u201d.<\/span><\/p>\n<p><span style=\"font-weight: 400;\">En 1988 se realiz\u00f3 el plebiscito donde la ciudadan\u00eda chilena le dijo \u201cNo!\u201d a la continuidad de Pinochet en el poder, en 1989 se dieron las primeras elecciones democr\u00e1ticas y en 1990 asumir\u00e1 la Presidencia el l\u00edder del Partido Dem\u00f3crata Cristiano y candidato de la \u201cConcertaci\u00f3n por la Democracia\u201d, Patricio Aylwin, marcando el camino de un largo periodo de gobiernos de la coalici\u00f3n integrada por partidos de centro y centro-izquierda.<\/span><\/p>\n<p><span style=\"font-weight: 400;\">La transici\u00f3n democr\u00e1tica en Chile ha sido catalogada como una de las de mayor \u00e9xito en todo el continente, pero debemos tomar esto con pinzas. Lo cierto es que la transici\u00f3n implic\u00f3 serias concesiones a la posici\u00f3n pro-dictatorial, lo que se traduce en la mantenci\u00f3n de gran parte de las pol\u00edticas econ\u00f3micas de la dictadura y en la impunidad de los genocidas (Pinochet fue designado senador vitalicio en 1998 y muri\u00f3 en 2006 sin ser juzgado).<\/span><\/p>\n<p><span style=\"font-weight: 400;\">La herencia pinochetista es fuerte: las privatizaciones de los servicios b\u00e1sicos y las pol\u00edticas neoliberales que a priori dieron lugar al crecimiento econ\u00f3mico de Chile (el milagro) trajeron aparejada la construcci\u00f3n de una estructura econ\u00f3mica sumamente desigual. Y la Constituci\u00f3n aprobada en 1980 durante el gobierno dictatorial ha configurado la estructura institucional del Estado chileno hasta el d\u00eda de hoy.<\/span><\/p>\n<p><span style=\"color: #ff9900;\"><b>La cara de un Chile invisibilizado<\/b><\/span><\/p>\n<p><span style=\"font-weight: 400;\">El Siglo XXI vino de la mano de protestas frente a las pol\u00edticas aplicadas por los diversos gobiernos. En 2006 la \u201cRevoluci\u00f3n Ping\u00fcina\u201d, liderada por estudiantes secundarios, alz\u00f3 la voz frente a la mercantilizaci\u00f3n del sistema educativo; lo mismo ocurri\u00f3 en 2011, cuando los estudiantes universitarios entraron en protesta. M\u00e1s all\u00e1 de las particularidades de cada hecho, exist\u00eda una cosa cierta: no hab\u00eda un consenso un\u00e1nime respecto al camino chileno.<\/span><\/p>\n<p><span style=\"font-weight: 400;\">En 2019, esa estructura heredada del pinochetismo se termin\u00f3 de quebrar. Lo que comenz\u00f3 siendo una protesta contra la suba del precio del transporte p\u00fablico, r\u00e1pidamente se convirti\u00f3 en la movilizaci\u00f3n de la sociedad chilena contra la desigualdad estructural y la pasividad de los diversos gobiernos. Emergi\u00f3 un Chile invisibilizado frente al modelo desigual sobre el cual se asienta la econom\u00eda y las instituciones del pa\u00eds.<\/span><\/p>\n<figure id=\"attachment_3663\" aria-describedby=\"caption-attachment-3663\" style=\"width: 2040px\" class=\"wp-caption aligncenter\"><img loading=\"lazy\" decoding=\"async\" class=\"size-full wp-image-3663\" src=\"https:\/\/tribunavm.com.ar\/wp-content\/uploads\/2021\/07\/0A0A7423.jpg\" alt=\"\" width=\"2040\" height=\"1360\" srcset=\"https:\/\/tribunavm.com.ar\/wp-content\/uploads\/2021\/07\/0A0A7423.jpg 2040w, https:\/\/tribunavm.com.ar\/wp-content\/uploads\/2021\/07\/0A0A7423-300x200.jpg 300w, https:\/\/tribunavm.com.ar\/wp-content\/uploads\/2021\/07\/0A0A7423-1024x683.jpg 1024w, https:\/\/tribunavm.com.ar\/wp-content\/uploads\/2021\/07\/0A0A7423-768x512.jpg 768w, https:\/\/tribunavm.com.ar\/wp-content\/uploads\/2021\/07\/0A0A7423-1536x1024.jpg 1536w, https:\/\/tribunavm.com.ar\/wp-content\/uploads\/2021\/07\/0A0A7423-750x500.jpg 750w, https:\/\/tribunavm.com.ar\/wp-content\/uploads\/2021\/07\/0A0A7423-1140x760.jpg 1140w\" sizes=\"(max-width: 2040px) 100vw, 2040px\" \/><figcaption id=\"caption-attachment-3663\" class=\"wp-caption-text\">Ex Plaza Italia, refundada Plaza de la Dignidad<\/figcaption><\/figure>\n<p><span style=\"font-weight: 400;\">Tras el estallido social (fuertemente reprimido por el gobierno de Sebasti\u00e1n Pi\u00f1era), desde diversos espacios pol\u00edticos comprendieron la necesidad de generar cambios en la Constituci\u00f3n chilena para romper los v\u00ednculos con aquella generada durante la dictadura.<\/span><\/p>\n<p><span style=\"font-weight: 400;\">En mayo de 2021 se dieron las elecciones para los integrantes de la Convenci\u00f3n Constituyente, los resultados fueron contundentes: las fuerzas conservadoras no alcanzaron el tercio de los representantes (\u201cVamos por Chile\u201d, la coalici\u00f3n del gobierno de Pi\u00f1era, s\u00f3lo alcanz\u00f3 el 20,56% de los votos, traducido en 37 bancas), la lista del \u201cApruebo\u201d (centro-izquierda) alcanz\u00f3 25 esca\u00f1os, la lista de \u201cApruebo Dignidad\u201d (izquierda) alcanz\u00f3 28 esca\u00f1os, y las listas independientes tomadas en conjunto (principalmente de izquierda) fueron la fuerza mayoritaria.\u00a0<\/span><\/p>\n<p><span style=\"font-weight: 400;\">Los sectores de la izquierda y la centro izquierda superaron ampliamente a las fuerzas conservadoras. Y la pol\u00edtica tradicional (los partidos tradicionales de derecha y de izquierda) perdi\u00f3 terreno frente a la emergencia de nuevos espacios pol\u00edticos que representaban mejor esa voz de protesta.<\/span><\/p>\n<p><span style=\"font-weight: 400;\">El domingo 4 de julio se logr\u00f3 conformar la Convenci\u00f3n Constituyente: 17 esca\u00f1os para los Pueblos originarios, una distribuci\u00f3n equitativa entre mujeres y hombres, una derecha arrinconada y una izquierda que se hizo fuerte incluso frente a las fuerzas de la centro-izquierda.<\/span><\/p>\n<p><span style=\"font-weight: 400;\">La designaci\u00f3n de Elisa Lonc\u00f3n tambi\u00e9n es un hecho a remarcar, demuestra el peso de los sectores invisibilizados durante a\u00f1os en la estructura chilena: los pueblos originarios, las mujeres, los sectores ambientalistas, aquellos que quedaron por fuera de la democratizaci\u00f3n.<\/span><\/p>\n<figure id=\"attachment_3664\" aria-describedby=\"caption-attachment-3664\" style=\"width: 300px\" class=\"wp-caption alignright\"><img loading=\"lazy\" decoding=\"async\" class=\"wp-image-3664 size-medium\" src=\"https:\/\/tribunavm.com.ar\/wp-content\/uploads\/2021\/07\/58157305_303-300x169.jpg\" alt=\"\" width=\"300\" height=\"169\" srcset=\"https:\/\/tribunavm.com.ar\/wp-content\/uploads\/2021\/07\/58157305_303-300x169.jpg 300w, https:\/\/tribunavm.com.ar\/wp-content\/uploads\/2021\/07\/58157305_303.jpg 700w\" sizes=\"(max-width: 300px) 100vw, 300px\" \/><figcaption id=\"caption-attachment-3664\" class=\"wp-caption-text\">La mapuche Elisa Loncon<\/figcaption><\/figure>\n<p><span style=\"font-weight: 400;\">Lonc\u00f3n inici\u00f3 su discurso hablando en mapudung\u00fan y recalc\u00f3 la necesidad de refundar Chile respetando la autodeterminaci\u00f3n de los pueblos originarios, la plurinacionalidad, los derechos de las mujeres, y los derechos ambientales.<\/span><\/p>\n<p><span style=\"font-weight: 400;\">Pero no todo fue alegr\u00eda, lo cierto es que mientras en la Convenci\u00f3n se celebraba la democracia, en las calles reinaba la tensi\u00f3n entre carabineros y manifestantes de la izquierda. Un hecho remarcado por la Presidenta de la Convenci\u00f3n quien declar\u00f3 que no se pod\u00eda \u201cestar tranquilos si afuera hay represi\u00f3n\u201d, una cr\u00edtica dura a un modelo pol\u00edtico dominante en Chile caracterizado por el uso excesivo de las fuerzas de seguridad.<\/span><\/p>\n<p><span style=\"font-weight: 400;\">Tras a\u00f1os de continuidad de una estructura desigual basada en la marginaci\u00f3n de ciertos sectores de la sociedad, el pueblo chileno sali\u00f3 a las calles. A la crisis social y pol\u00edtica le sigui\u00f3 el acuerdo pol\u00edtico para buscar transformaciones, momento aprovechado por esos sectores invisibilizados y marginados, quienes lograron ponerse al frente.\u00a0<\/span><\/p>\n<p><span style=\"font-weight: 400;\">La voz de un pueblo cansado fue escuchada, y hoy Chile vive la posibilidad real de romper los v\u00ednculos con ese pasado dictatorial y con un presente pasivo ante la desigualdad.\u00a0<\/span><\/p>\n<p><span style=\"font-weight: 400;\">Si bien el mero cambio institucional no se traduce autom\u00e1ticamente en una reconversi\u00f3n de las caracter\u00edsticas de la sociedad chilena (cambiar la Constituci\u00f3n no necesariamente implica transformar la realidad de forma inmediata), ha nacido en los chilenos y chilenas la esperanza de hacer historia y refundar Chile en base al respeto a los derechos de las mujeres, los pueblos originarios, el medio ambiente, y todos aquellos sectores que hist\u00f3ricamente han estado silenciados.<\/span><\/p>\n<\/div>\n<\/div>\n","protected":false},"excerpt":{"rendered":"<p>Opini\u00f3n por Tom\u00e1s Silvano, estudiante de Ciencia Pol\u00edtica de la UNVM. El domingo 4 de julio, Chile inici\u00f3 el recorrido para la sanci\u00f3n de una nueva Constituci\u00f3n que suplante la heredada del pinochetismo. 155 miembros distribuidos de forma paritaria entre mujeres y hombres, junto con la presencia de 17 esca\u00f1os destinados a los pueblos originarios, [&hellip;]<\/p>\n","protected":false},"author":2,"featured_media":3662,"comment_status":"open","ping_status":"open","sticky":false,"template":"","format":"standard","meta":{"_exactmetrics_skip_tracking":false,"_exactmetrics_sitenote_active":false,"_exactmetrics_sitenote_note":"","_exactmetrics_sitenote_category":0,"jnews-multi-image_gallery":[],"jnews_single_post":{"source_name":"","source_url":"","via_name":"","via_url":"","override_template":"0","override":[{"template":"1","single_blog_custom":"","parallax":"1","fullscreen":"1","layout":"right-sidebar","sidebar":"default-sidebar","second_sidebar":"default-sidebar","sticky_sidebar":"1","share_position":"top","share_float_style":"share-monocrhome","show_share_counter":"1","show_view_counter":"1","show_featured":"1","show_post_meta":"1","show_post_author":"1","show_post_author_image":"1","show_post_date":"1","post_date_format":"default","post_date_format_custom":"Y\/m\/d","show_post_category":"1","show_post_reading_time":"0","post_reading_time_wpm":"300","show_zoom_button":"0","zoom_button_out_step":"2","zoom_button_in_step":"3","show_post_tag":"1","show_prev_next_post":"1","show_popup_post":"1","number_popup_post":"1","show_author_box":"0","show_post_related":"0","show_inline_post_related":"0"}],"override_image_size":"0","image_override":[{"single_post_thumbnail_size":"crop-500","single_post_gallery_size":"crop-500"}],"trending_post":"0","trending_post_position":"meta","trending_post_label":"Trending","sponsored_post":"0","sponsored_post_label":"Sponsored by","sponsored_post_name":"","sponsored_post_url":"","sponsored_post_logo_enable":"0","sponsored_post_logo":"","sponsored_post_desc":""},"jnews_primary_category":{"id":"25"},"jnews_social_meta":{"fb_title":"","fb_description":"","fb_image":"","twitter_title":"","twitter_description":"","twitter_image":""},"jnews_override_counter":{"override_view_counter":"0","view_counter_number":"0","override_share_counter":"0","share_counter_number":"0","override_like_counter":"0","like_counter_number":"0","override_dislike_counter":"0","dislike_counter_number":"0"},"_joinchat":[],"footnotes":""},"categories":[1],"tags":[169,69],"class_list":["post-3661","post","type-post","status-publish","format-standard","has-post-thumbnail","hentry","category-uncategorized","tag-edicion-60","tag-latinoamerica"],"_links":{"self":[{"href":"https:\/\/tribunavm.com.ar\/index.php\/wp-json\/wp\/v2\/posts\/3661"}],"collection":[{"href":"https:\/\/tribunavm.com.ar\/index.php\/wp-json\/wp\/v2\/posts"}],"about":[{"href":"https:\/\/tribunavm.com.ar\/index.php\/wp-json\/wp\/v2\/types\/post"}],"author":[{"embeddable":true,"href":"https:\/\/tribunavm.com.ar\/index.php\/wp-json\/wp\/v2\/users\/2"}],"replies":[{"embeddable":true,"href":"https:\/\/tribunavm.com.ar\/index.php\/wp-json\/wp\/v2\/comments?post=3661"}],"version-history":[{"count":1,"href":"https:\/\/tribunavm.com.ar\/index.php\/wp-json\/wp\/v2\/posts\/3661\/revisions"}],"predecessor-version":[{"id":3665,"href":"https:\/\/tribunavm.com.ar\/index.php\/wp-json\/wp\/v2\/posts\/3661\/revisions\/3665"}],"wp:featuredmedia":[{"embeddable":true,"href":"https:\/\/tribunavm.com.ar\/index.php\/wp-json\/wp\/v2\/media\/3662"}],"wp:attachment":[{"href":"https:\/\/tribunavm.com.ar\/index.php\/wp-json\/wp\/v2\/media?parent=3661"}],"wp:term":[{"taxonomy":"category","embeddable":true,"href":"https:\/\/tribunavm.com.ar\/index.php\/wp-json\/wp\/v2\/categories?post=3661"},{"taxonomy":"post_tag","embeddable":true,"href":"https:\/\/tribunavm.com.ar\/index.php\/wp-json\/wp\/v2\/tags?post=3661"}],"curies":[{"name":"wp","href":"https:\/\/api.w.org\/{rel}","templated":true}]}}