{"id":3679,"date":"2021-07-19T02:15:25","date_gmt":"2021-07-19T02:15:25","guid":{"rendered":"https:\/\/tribunavm.com.ar\/?p=3679"},"modified":"2021-07-30T20:37:03","modified_gmt":"2021-07-30T20:37:03","slug":"garbarino-en-crisis-trabajadores-desamparados","status":"publish","type":"post","link":"https:\/\/tribunavm.com.ar\/index.php\/2021\/07\/19\/garbarino-en-crisis-trabajadores-desamparados\/","title":{"rendered":"Garbarino en crisis, trabajadores desamparados"},"content":{"rendered":"<div class=\"row clearfix\">\n<div class=\"col-md-8\">\n<p><em style=\"color: #212121; font-size: 1.5em; letter-spacing: -0.01em;\">M\u00e1s de 3000 trabajadores caminan por la cuerda floja ya que la firma est\u00e1 cerrando sucursales.\u00a0<\/em><\/p>\n<p><span style=\"font-weight: 400;\"><span class=\"dropcap \" style=\"background-color: #ffffff; color: #dd9933; border-color: #ffffff;\"><span style=\"color: #ff9900;\">L<\/span><\/span>os trabajadores de la casa de electrodom\u00e9sticos Garbarino de R\u00edo Grande, (Tierra del Fuego), llevan m\u00e1s de dos meses tomando las sucursales de Tecnosur y Digital Fueguina. Esta situaci\u00f3n de incertidumbre atraviesa aproximadamente a 3800 empleados de comercio en todo el pa\u00eds.<\/span><\/p>\n<p><span style=\"font-weight: 400;\">La cadena no est\u00e1 pagando los sueldos adeudando m\u00e1s de dos meses en algunos casos y se registraron diversas sucursales que bajaron sus persianas tras la imposibilidad de efectivizar ventas debido a que el sistema se encuentra ca\u00eddo.\u00a0\u00a0<\/span><\/p>\n<p><span style=\"font-weight: 400;\">En Villa Mar\u00eda la cadena se encuentra presente con un local de atenci\u00f3n al p\u00fablico ubicado en la calle San Mart\u00edn al 121. Desde la redacci\u00f3n nos acercamos al lugar para conversar con los empleados pero nos encontramos con el mismo cerrado y un cartel que dec\u00eda \u201cinformamos que por falta del sistema, permanecer\u00e1 cerrado hasta el 18\/07\/2021 inclusive\u201d.<\/span><\/p>\n<figure id=\"attachment_3685\" aria-describedby=\"caption-attachment-3685\" style=\"width: 1200px\" class=\"wp-caption alignright\"><img loading=\"lazy\" decoding=\"async\" class=\"size-full wp-image-3685\" src=\"https:\/\/tribunavm.com.ar\/wp-content\/uploads\/2021\/07\/407e5d36-52f3-4ca3-8ea9-4b6686d52275.jpg\" alt=\"\" width=\"1200\" height=\"1599\" srcset=\"https:\/\/tribunavm.com.ar\/wp-content\/uploads\/2021\/07\/407e5d36-52f3-4ca3-8ea9-4b6686d52275.jpg 1200w, https:\/\/tribunavm.com.ar\/wp-content\/uploads\/2021\/07\/407e5d36-52f3-4ca3-8ea9-4b6686d52275-225x300.jpg 225w, https:\/\/tribunavm.com.ar\/wp-content\/uploads\/2021\/07\/407e5d36-52f3-4ca3-8ea9-4b6686d52275-768x1023.jpg 768w, https:\/\/tribunavm.com.ar\/wp-content\/uploads\/2021\/07\/407e5d36-52f3-4ca3-8ea9-4b6686d52275-1153x1536.jpg 1153w, https:\/\/tribunavm.com.ar\/wp-content\/uploads\/2021\/07\/407e5d36-52f3-4ca3-8ea9-4b6686d52275-750x999.jpg 750w, https:\/\/tribunavm.com.ar\/wp-content\/uploads\/2021\/07\/407e5d36-52f3-4ca3-8ea9-4b6686d52275-1140x1519.jpg 1140w\" sizes=\"(max-width: 1200px) 100vw, 1200px\" \/><figcaption id=\"caption-attachment-3685\" class=\"wp-caption-text\">Frente de la sucursal ubicada en Villa Mar\u00eda, sobre calle San Martin 121<\/figcaption><\/figure>\n<p><span style=\"font-weight: 400;\">Seg\u00fan reconstruy\u00f3 El Diario del Centro del Pa\u00eds, actualmente solo hay dos trabajadores a los cuales se les adeudan sueldos y el aguinaldo.\u00a0<\/span><\/p>\n<p><span style=\"font-weight: 400;\">Desde 1951 la empresa de electrodom\u00e9sticos, electr\u00f3nica e inform\u00e1tica se asent\u00f3 en nuestro pa\u00eds llegando a superar las 240 sucursales distribuidas en todas las provincias y empleando a m\u00e1s de 4.300 trabajadores.\u00a0<\/span><\/p>\n<p><span style=\"font-weight: 400;\">En 2008 llev\u00f3 sus ventas a un monto de 708 millones de pesos, pero desde 2020 las deudas sumaban $12000 obligando a sus due\u00f1os a venderla, adquirida por Carlos Rosales, due\u00f1o de la aseguradora Prof y Plus ART que compr\u00f3 las seis firmas de la cadena: la marca Compumundo, las\u00a0 ensambladoras Digital Fueguina y Tecnosur, Garbarino Viajes y la financiera Fiden.\u00a0<\/span><\/p>\n<p><span style=\"color: #ff9900;\"><b>Igual que Ribeiro\u00a0<\/b><\/span><\/p>\n<p><span style=\"font-weight: 400;\">La situaci\u00f3n de crisis la siguen pagando y sufriendo los trabajadores, hoy Garbarino est\u00e1 imitando un camino muy similar a la cadena Ribeiro, que fue otra de las cadenas de este sector comercial que cerr\u00f3 sus sucursales en todo el pa\u00eds, incluso en la ciudad de Villa Mar\u00eda.\u00a0<\/span><\/p>\n<p><span style=\"font-weight: 400;\">Si bien las ventas para el sector han disminuido entre el a\u00f1o 2019 y 2021, tal como ya conocemos la senda por la que transitan estas grandes cadenas, para no perder sus ganancias deciden no pagar salarios o hacerlo en cuotas, suspender el pago de aguinaldos, e incluso reducir la jornada laboral para disminuir el sueldo, haciendo que los trabajadores por la fuerza deban renunciar y salir a buscar trabajos donde realmente puedan sustentar su vida y la de sus familias.<\/span><\/p>\n<\/div>\n<\/div>\n","protected":false},"excerpt":{"rendered":"<p>M\u00e1s de 3000 trabajadores caminan por la cuerda floja ya que la firma est\u00e1 cerrando sucursales.\u00a0 Los trabajadores de la casa de electrodom\u00e9sticos Garbarino de R\u00edo Grande, (Tierra del Fuego), llevan m\u00e1s de dos meses tomando las sucursales de Tecnosur y Digital Fueguina. Esta situaci\u00f3n de incertidumbre atraviesa aproximadamente a 3800 empleados de comercio en [&hellip;]<\/p>\n","protected":false},"author":2,"featured_media":3690,"comment_status":"open","ping_status":"open","sticky":false,"template":"","format":"standard","meta":{"_exactmetrics_skip_tracking":false,"_exactmetrics_sitenote_active":false,"_exactmetrics_sitenote_note":"","_exactmetrics_sitenote_category":0,"jnews-multi-image_gallery":[],"jnews_single_post":{"source_name":"","source_url":"","via_name":"","via_url":"","override_template":"0","override":[{"template":"1","single_blog_custom":"","parallax":"1","fullscreen":"1","layout":"right-sidebar","sidebar":"default-sidebar","second_sidebar":"default-sidebar","sticky_sidebar":"1","share_position":"top","share_float_style":"share-monocrhome","show_share_counter":"1","show_view_counter":"1","show_featured":"1","show_post_meta":"1","show_post_author":"1","show_post_author_image":"1","show_post_date":"1","post_date_format":"default","post_date_format_custom":"Y\/m\/d","show_post_category":"1","show_post_reading_time":"0","post_reading_time_wpm":"300","show_zoom_button":"0","zoom_button_out_step":"2","zoom_button_in_step":"3","show_post_tag":"1","show_prev_next_post":"1","show_popup_post":"1","number_popup_post":"1","show_author_box":"0","show_post_related":"0","show_inline_post_related":"0"}],"override_image_size":"0","image_override":[{"single_post_thumbnail_size":"crop-500","single_post_gallery_size":"crop-500"}],"trending_post":"0","trending_post_position":"meta","trending_post_label":"Trending","sponsored_post":"0","sponsored_post_label":"Sponsored by","sponsored_post_name":"","sponsored_post_url":"","sponsored_post_logo_enable":"0","sponsored_post_logo":"","sponsored_post_desc":""},"jnews_primary_category":{"id":""},"jnews_social_meta":{"fb_title":"","fb_description":"","fb_image":"","twitter_title":"","twitter_description":"","twitter_image":""},"jnews_override_counter":{"override_view_counter":"0","view_counter_number":"0","override_share_counter":"0","share_counter_number":"0","override_like_counter":"0","like_counter_number":"0","override_dislike_counter":"0","dislike_counter_number":"0"},"_joinchat":[],"footnotes":""},"categories":[22],"tags":[171,35],"class_list":["post-3679","post","type-post","status-publish","format-standard","has-post-thumbnail","hentry","category-actualidad","tag-edicion-61","tag-trabajadores"],"_links":{"self":[{"href":"https:\/\/tribunavm.com.ar\/index.php\/wp-json\/wp\/v2\/posts\/3679"}],"collection":[{"href":"https:\/\/tribunavm.com.ar\/index.php\/wp-json\/wp\/v2\/posts"}],"about":[{"href":"https:\/\/tribunavm.com.ar\/index.php\/wp-json\/wp\/v2\/types\/post"}],"author":[{"embeddable":true,"href":"https:\/\/tribunavm.com.ar\/index.php\/wp-json\/wp\/v2\/users\/2"}],"replies":[{"embeddable":true,"href":"https:\/\/tribunavm.com.ar\/index.php\/wp-json\/wp\/v2\/comments?post=3679"}],"version-history":[{"count":3,"href":"https:\/\/tribunavm.com.ar\/index.php\/wp-json\/wp\/v2\/posts\/3679\/revisions"}],"predecessor-version":[{"id":3718,"href":"https:\/\/tribunavm.com.ar\/index.php\/wp-json\/wp\/v2\/posts\/3679\/revisions\/3718"}],"wp:featuredmedia":[{"embeddable":true,"href":"https:\/\/tribunavm.com.ar\/index.php\/wp-json\/wp\/v2\/media\/3690"}],"wp:attachment":[{"href":"https:\/\/tribunavm.com.ar\/index.php\/wp-json\/wp\/v2\/media?parent=3679"}],"wp:term":[{"taxonomy":"category","embeddable":true,"href":"https:\/\/tribunavm.com.ar\/index.php\/wp-json\/wp\/v2\/categories?post=3679"},{"taxonomy":"post_tag","embeddable":true,"href":"https:\/\/tribunavm.com.ar\/index.php\/wp-json\/wp\/v2\/tags?post=3679"}],"curies":[{"name":"wp","href":"https:\/\/api.w.org\/{rel}","templated":true}]}}