{"id":368,"date":"2019-05-16T16:33:20","date_gmt":"2019-05-16T16:33:20","guid":{"rendered":"https:\/\/tribunavm.com.ar\/?p=368"},"modified":"2019-10-22T14:18:13","modified_gmt":"2019-10-22T14:18:13","slug":"entrevista-a-franco-castagnaro","status":"publish","type":"post","link":"https:\/\/tribunavm.com.ar\/index.php\/2019\/05\/16\/entrevista-a-franco-castagnaro\/","title":{"rendered":"Productores rurales en conflicto"},"content":{"rendered":"<div class=\"row clearfix\">\n<div class=\"col-md-8\">\n<div class=\"intro-text\">\n<p>\u201cCon todos los caminos inundados, no se puede sacar la producci\u00f3n. Peor la situaci\u00f3n de los productores l\u00e1cteos, as\u00ed no se puede.\u201d<\/p>\n<\/div>\n<p><span class=\"dropcap \" style=\"background-color: #ffffff; color: #dd9933; border-color: #ffffff;\">L<\/span>os \u00faltimos 4 a\u00f1os no han sido f\u00e1ciles para los productores agropecuarios de la zona. Los campos que van <strong>desde Arroyo Algod\u00f3n hasta Oliva, y desde Pampayasta Sur hasta Los Zorros, se encuentran inundados<\/strong>.<br \/>\nFranco Castagnaro, productor familiar de 40 a\u00f1os de Colazo, organiz\u00f3 una fuerte demostraci\u00f3n junto a <strong>300 chacareros de la regi\u00f3n<\/strong> el pasado 6 de mayo, haciendo que la voz de ellos sea finalmente escuchada con atenci\u00f3n por las autoridades provinciales. Con \u00e9l estuvimos conversando en exclusiva.<br \/>\n<span style=\"color: #ff9900;\"><strong>\u00bfDe d\u00f3nde viene el problema de las inundaciones de los campos?<\/strong><\/span><br \/>\nTenemos exceso h\u00eddrico en la zona hace cuatro a\u00f1os. Y con todos los caminos inundados, no se puede sacar la producci\u00f3n de cereales del campo y muchos se terminan pudriendo con alguna lluvia nueva. Peor la situaci\u00f3n de los productores l\u00e1cteos, que tienen que sacar la leche del campo todos los d\u00edas, y as\u00ed no se puede.<br \/>\nTodo empez\u00f3 con una ruta que construyeron de Colazo a Oliva, que cort\u00f3 al medio con varios bajos naturales, y que no le pusieron sus alcantarillas. Aparte se hicieron muchos desag\u00fces y canales clandestinos en la zona de Oliva y otros lugares, y el agua viene a parar a toda esta zona.<br \/>\n<strong><span style=\"color: #ff9900;\">\u00bfC\u00f3mo surge la organizaci\u00f3n para visibilizar el reclamo?<\/span><\/strong><br \/>\nHace 15 d\u00edas, un d\u00eda de hartazgo llegu\u00e9 al campo y ve\u00eda como el agua ven\u00eda y ven\u00eda. Entonces mand\u00e9 un audio para convocarnos a la autopista, y al haber muchos productores con el mismo problema, el audio se viraliz\u00f3, y se lleg\u00f3 mucha gente, como 300 y pico de personas, que son 300 y pico de problemas reales. Toda gente de la regi\u00f3n: La Playosa, Arroyo Algod\u00f3n, San Antonio de Lit\u00edn, James Craik. Para nosotros fue primero una llamada de atenci\u00f3n al gobierno. Uno se la pasa trabajando y no se puede producir, y es todo el pueblo el que sufre.<\/p>\n<blockquote class=\"pullquote align-right\"><p>\u201cTodo es cuesti\u00f3n de consciencia, si todos pretenden cuidar su campito, la Argentina no va a ning\u00fan lado.\u201d<\/p><\/blockquote>\n<p><span style=\"color: #ff9900;\"><strong>\u00bfCu\u00e1l fue la respuesta del gobierno?<\/strong><\/span><br \/>\nSe hizo presente<strong> Liliana Alassia, directora de la parte l\u00e1ctea del Ministerio<\/strong>. Ella es una persona muy interesante, porque fue la mediadora de ambas partes. El martes siguiente nos reunimos en C\u00f3rdoba, y les hicimos el mismo planteo que venimos haciendo individualmente hace tres a\u00f1os y medio por las oficinas p\u00fablicas. Y siempre nos dec\u00edan, \u201cbueno, bueno, ya vamos a ver\u201d.<br \/>\n<strong>Ahora le pudimos decir las cosas de frente al Ministro Busso<\/strong>. Ah\u00ed nom\u00e1s dio directivas para que se pusieran a trabajar los responsables de las \u00e1reas. Se dividi\u00f3 la zona en dos cuencas con problemas de agua: la de James Craik y la de Oliva. Se hicieron reuniones el viernes en los dos lugares, con gente del ministerio y productores afectados. Y ya el d\u00eda s\u00e1bado estaban los trabajadores ah\u00ed, ingenieros y dem\u00e1s, tomando mediciones para ver por d\u00f3nde podr\u00edan pasar los canales. Es lo que siempre pedimos, pero nunca lo quisieron hacer por las buenas.<br \/>\n<strong><span style=\"color: #ff9900;\">\u00bfY ahora como sigue la organizaci\u00f3n?<\/span><\/strong><br \/>\nHa habido mucha solidaridad de la gente. Hay una realidad en los pueblos chicos: <strong>cuando el campo no produce, el pueblo muere, todo queda parado.<\/strong> Y ahora se fueron sumando nuevos colonos comprometidos, que van coordinando con las \u00e1reas para gestionar los permisos de paso, los papeles, etc. Se empezaron a normalizar los consorcios canaleros y camineros, con gente comprometida. Todo es cuesti\u00f3n de consciencia, si todos pretenden cuidar su campito, la Argentina no va a ning\u00fan lado. Hay mucha gente nueva y de distintas zonas. Nosotros sabemos que esto es al mediano y largo plazo, pero si no vemos que se van resolviendo los asuntos, vamos a estar de nuevo haciendo otra manifestaci\u00f3n.<\/p>\n<\/div>\n<\/div>\n","protected":false},"excerpt":{"rendered":"<p>\u201cCon todos los caminos inundados, no se puede sacar la producci\u00f3n. Peor la situaci\u00f3n de los productores l\u00e1cteos, as\u00ed no se puede.\u201d Los \u00faltimos 4 a\u00f1os no han sido f\u00e1ciles para los productores agropecuarios de la zona. Los campos que van desde Arroyo Algod\u00f3n hasta Oliva, y desde Pampayasta Sur hasta Los Zorros, se encuentran [&hellip;]<\/p>\n","protected":false},"author":2,"featured_media":541,"comment_status":"open","ping_status":"open","sticky":false,"template":"","format":"standard","meta":{"_exactmetrics_skip_tracking":false,"_exactmetrics_sitenote_active":false,"_exactmetrics_sitenote_note":"","_exactmetrics_sitenote_category":0,"jnews-multi-image_gallery":[],"jnews_single_post":{"source_name":"","source_url":"","via_name":"","via_url":"","override_template":"0","override":[{"template":"1","single_blog_custom":"","parallax":"1","fullscreen":"0","layout":"right-sidebar","sidebar":"default-sidebar","second_sidebar":"default-sidebar","sticky_sidebar":"1","share_position":"top","share_float_style":"share-monocrhome","show_share_counter":"1","show_view_counter":"1","show_featured":"1","show_post_meta":"1","show_post_author":"1","show_post_author_image":"1","show_post_date":"1","post_date_format":"default","post_date_format_custom":"Y\/m\/d","show_post_category":"1","show_post_reading_time":"0","post_reading_time_wpm":"300","show_zoom_button":"0","zoom_button_out_step":"2","zoom_button_in_step":"3","show_post_tag":"1","show_prev_next_post":"1","show_popup_post":"1","number_popup_post":"1","show_author_box":"0","show_post_related":"0","show_inline_post_related":"0"}],"override_image_size":"0","image_override":[{"single_post_thumbnail_size":"crop-500","single_post_gallery_size":"crop-500"}],"trending_post":"0","trending_post_position":"meta","trending_post_label":"Trending"},"jnews_primary_category":{"id":""},"jnews_social_meta":{"fb_title":"","fb_description":"","fb_image":"","twitter_title":"","twitter_description":"","twitter_image":""},"jnews_override_counter":{"override_view_counter":"0","view_counter_number":"0","override_share_counter":"0","share_counter_number":"0","override_like_counter":"0","like_counter_number":"0","override_dislike_counter":"0","dislike_counter_number":"0"},"_joinchat":[],"footnotes":""},"categories":[24],"tags":[41,30],"class_list":["post-368","post","type-post","status-publish","format-standard","has-post-thumbnail","hentry","category-opinion","tag-agro","tag-edicion-0"],"_links":{"self":[{"href":"https:\/\/tribunavm.com.ar\/index.php\/wp-json\/wp\/v2\/posts\/368"}],"collection":[{"href":"https:\/\/tribunavm.com.ar\/index.php\/wp-json\/wp\/v2\/posts"}],"about":[{"href":"https:\/\/tribunavm.com.ar\/index.php\/wp-json\/wp\/v2\/types\/post"}],"author":[{"embeddable":true,"href":"https:\/\/tribunavm.com.ar\/index.php\/wp-json\/wp\/v2\/users\/2"}],"replies":[{"embeddable":true,"href":"https:\/\/tribunavm.com.ar\/index.php\/wp-json\/wp\/v2\/comments?post=368"}],"version-history":[{"count":4,"href":"https:\/\/tribunavm.com.ar\/index.php\/wp-json\/wp\/v2\/posts\/368\/revisions"}],"predecessor-version":[{"id":545,"href":"https:\/\/tribunavm.com.ar\/index.php\/wp-json\/wp\/v2\/posts\/368\/revisions\/545"}],"wp:featuredmedia":[{"embeddable":true,"href":"https:\/\/tribunavm.com.ar\/index.php\/wp-json\/wp\/v2\/media\/541"}],"wp:attachment":[{"href":"https:\/\/tribunavm.com.ar\/index.php\/wp-json\/wp\/v2\/media?parent=368"}],"wp:term":[{"taxonomy":"category","embeddable":true,"href":"https:\/\/tribunavm.com.ar\/index.php\/wp-json\/wp\/v2\/categories?post=368"},{"taxonomy":"post_tag","embeddable":true,"href":"https:\/\/tribunavm.com.ar\/index.php\/wp-json\/wp\/v2\/tags?post=368"}],"curies":[{"name":"wp","href":"https:\/\/api.w.org\/{rel}","templated":true}]}}