{"id":375,"date":"2019-06-27T16:42:32","date_gmt":"2019-06-27T16:42:32","guid":{"rendered":"https:\/\/tribunavm.com.ar\/?p=375"},"modified":"2019-10-21T16:47:54","modified_gmt":"2019-10-21T16:47:54","slug":"trabajadores-denuncian-a-nestle","status":"publish","type":"post","link":"https:\/\/tribunavm.com.ar\/index.php\/2019\/06\/27\/trabajadores-denuncian-a-nestle\/","title":{"rendered":"Trabajadores denuncian a Nestl\u00e9"},"content":{"rendered":"<div class=\"row clearfix\">\n<div class=\"col-md-8\">\n<div class=\"intro-text\">\n<p><span style=\"font-weight: 400;\">El Secretario Gral. de STIA present\u00f3 una denuncia contra la multinacional Nestl\u00e9 por \u201cpr\u00e1cticas de flexibilizaci\u00f3n laboral\u201d.<\/span><\/p>\n<\/div>\n<p><span style=\"font-weight: 400;\">Fernando Paez, titular local del Sindicato de Trabajadores de Industrias de la Alimentaci\u00f3n, present\u00f3 una denuncia ante la cartera laboral contra la empresa multinacional Nestl\u00e9.<\/span><\/p>\n<p><span style=\"font-weight: 400;\">La misma funciona en Villa Nueva desde hace 25 a\u00f1os, solicitando \u201cque se abstenga de hacer cambios hasta la fecha de la audiencia en el Ministerio\u201d.<\/span><\/p>\n<p><span style=\"font-weight: 400;\">El motivo de la denuncia radica en un proceso de flexibilizaci\u00f3n laboral que la entidad gremial viene se\u00f1alando desde hace un tiempo.\u00a0<\/span><\/p>\n<p><span style=\"font-weight: 400;\">Paez dijo que los cambios de horarios y rotaciones de puestos de trabajo conllevan situaciones de incertidumbre en los trabajadores de la planta.<\/span><\/p>\n<p><span style=\"font-weight: 400;\">El sindicalista planteaba a un medio local que \u201cse sienten en un estado de fatiga, porque no pod\u00e9s gozar bien de tus francos y no es la misma presi\u00f3n si est\u00e1s en un sector que manej\u00e1s bien a que te pasen a uno que desconoces\u201d posibilitando el riesgo de accidentes laborales.<\/span><\/p>\n<p><strong>En marzo de este a\u00f1o se inaugur\u00f3, con una inversi\u00f3n de 480 millones de pesos, una nueva l\u00ednea de producci\u00f3n de leche l\u00edquida bajo las marcas Nesquik, NAN y Nido.\u00a0<\/strong><\/p>\n<p><span style=\"font-weight: 400;\"><strong>A pesar de las nuevas inversiones<\/strong>, y de que seg\u00fan Paez la planta laboral se encontraba al tope de sus capacidades, <strong>la empresa procedi\u00f3 al despido de tres trabajadores.<\/strong><\/span><\/p>\n<p><span style=\"font-weight: 400;\">Aunque se produzcan avances productivos y tecnol\u00f3gicos en la planta villanovense, las condiciones laborales de sus trabajadores parecen no tocar fondo.<\/span><\/p>\n<\/div>\n<\/div>\n","protected":false},"excerpt":{"rendered":"<p>El Secretario Gral. de STIA present\u00f3 una denuncia contra la multinacional Nestl\u00e9 por \u201cpr\u00e1cticas de flexibilizaci\u00f3n laboral\u201d. Fernando Paez, titular local del Sindicato de Trabajadores de Industrias de la Alimentaci\u00f3n, present\u00f3 una denuncia ante la cartera laboral contra la empresa multinacional Nestl\u00e9. La misma funciona en Villa Nueva desde hace 25 a\u00f1os, solicitando \u201cque se [&hellip;]<\/p>\n","protected":false},"author":2,"featured_media":378,"comment_status":"open","ping_status":"open","sticky":false,"template":"","format":"standard","meta":{"_exactmetrics_skip_tracking":false,"_exactmetrics_sitenote_active":false,"_exactmetrics_sitenote_note":"","_exactmetrics_sitenote_category":0,"jnews-multi-image_gallery":[],"jnews_single_post":{"source_name":"","source_url":"","via_name":"","via_url":"","override_template":"0","override":[{"template":"1","single_blog_custom":"","parallax":"1","fullscreen":"0","layout":"right-sidebar","sidebar":"default-sidebar","second_sidebar":"default-sidebar","sticky_sidebar":"1","share_position":"top","share_float_style":"share-monocrhome","show_share_counter":"1","show_view_counter":"1","show_featured":"1","show_post_meta":"1","show_post_author":"1","show_post_author_image":"1","show_post_date":"1","post_date_format":"default","post_date_format_custom":"Y\/m\/d","show_post_category":"1","show_post_reading_time":"0","post_reading_time_wpm":"300","show_zoom_button":"0","zoom_button_out_step":"2","zoom_button_in_step":"3","show_post_tag":"1","show_prev_next_post":"1","show_popup_post":"1","number_popup_post":"1","show_author_box":"0","show_post_related":"0","show_inline_post_related":"0"}],"override_image_size":"0","image_override":[{"single_post_thumbnail_size":"crop-500","single_post_gallery_size":"crop-500"}],"trending_post":"0","trending_post_position":"meta","trending_post_label":"Trending"},"jnews_primary_category":{"id":"22"},"jnews_social_meta":{"fb_title":"","fb_description":"","fb_image":"","twitter_title":"","twitter_description":"","twitter_image":""},"jnews_override_counter":{"override_view_counter":"0","view_counter_number":"0","override_share_counter":"0","share_counter_number":"0","override_like_counter":"0","like_counter_number":"0","override_dislike_counter":"0","dislike_counter_number":"0"},"_joinchat":[],"footnotes":""},"categories":[22],"tags":[38,42,35],"class_list":["post-375","post","type-post","status-publish","format-standard","has-post-thumbnail","hentry","category-actualidad","tag-edicion-3","tag-industria","tag-trabajadores"],"_links":{"self":[{"href":"https:\/\/tribunavm.com.ar\/index.php\/wp-json\/wp\/v2\/posts\/375"}],"collection":[{"href":"https:\/\/tribunavm.com.ar\/index.php\/wp-json\/wp\/v2\/posts"}],"about":[{"href":"https:\/\/tribunavm.com.ar\/index.php\/wp-json\/wp\/v2\/types\/post"}],"author":[{"embeddable":true,"href":"https:\/\/tribunavm.com.ar\/index.php\/wp-json\/wp\/v2\/users\/2"}],"replies":[{"embeddable":true,"href":"https:\/\/tribunavm.com.ar\/index.php\/wp-json\/wp\/v2\/comments?post=375"}],"version-history":[{"count":2,"href":"https:\/\/tribunavm.com.ar\/index.php\/wp-json\/wp\/v2\/posts\/375\/revisions"}],"predecessor-version":[{"id":388,"href":"https:\/\/tribunavm.com.ar\/index.php\/wp-json\/wp\/v2\/posts\/375\/revisions\/388"}],"wp:featuredmedia":[{"embeddable":true,"href":"https:\/\/tribunavm.com.ar\/index.php\/wp-json\/wp\/v2\/media\/378"}],"wp:attachment":[{"href":"https:\/\/tribunavm.com.ar\/index.php\/wp-json\/wp\/v2\/media?parent=375"}],"wp:term":[{"taxonomy":"category","embeddable":true,"href":"https:\/\/tribunavm.com.ar\/index.php\/wp-json\/wp\/v2\/categories?post=375"},{"taxonomy":"post_tag","embeddable":true,"href":"https:\/\/tribunavm.com.ar\/index.php\/wp-json\/wp\/v2\/tags?post=375"}],"curies":[{"name":"wp","href":"https:\/\/api.w.org\/{rel}","templated":true}]}}