{"id":3770,"date":"2021-07-25T22:58:50","date_gmt":"2021-07-25T22:58:50","guid":{"rendered":"https:\/\/tribunavm.com.ar\/?p=3770"},"modified":"2021-07-30T20:37:02","modified_gmt":"2021-07-30T20:37:02","slug":"la-vivienda-un-debate-impostergable","status":"publish","type":"post","link":"https:\/\/tribunavm.com.ar\/index.php\/2021\/07\/25\/la-vivienda-un-debate-impostergable\/","title":{"rendered":"La vivienda: un debate impostergable"},"content":{"rendered":"<div class=\"row clearfix\">\n<div class=\"col-md-8\">\n<div class=\"intro-text\">\n<p><span style=\"font-weight: 400;\">Se realiz\u00f3 una conferencia en el barrio Las Playas y avanzan las negociaciones con las familias del Gab\u00edn Ferroviario. En R\u00edo Cuarto se inici\u00f3 una toma por unas horas en reclamo por terrenos.<\/span><\/p>\n<\/div>\n<p><span style=\"font-weight: 400;\"><span class=\"dropcap \" style=\"background-color: #ffffff; color: #dd9933; border-color: #ffffff;\">L<\/span>as familias que se encuentran habitando en el terreno del barrio Las Playas realizaron una conferencia de prensa junto a organizaciones sociales, referentes pol\u00edticos y vecinos\/as \u201cpara demostrar que no estamos solos\u201d.<\/span><\/p>\n<p><span style=\"font-weight: 400;\">Una de las voceras aclar\u00f3 que \u201cestamos con el convenio de posesi\u00f3n firmado por el municipio. Ac\u00e1 no hay toma, ac\u00e1 estamos en nuestros terrenos que les pertenece a las 50 familias que vivimos ac\u00e1\u201d.<\/span><\/p>\n<p><span style=\"font-weight: 400;\">Adem\u00e1s comentaron que \u201cestos \u00faltimos d\u00edas empezamos a construir porque ya no aguantamos el fr\u00edo. No es digno vivir as\u00ed, se violan los derechos humanos, los ni\u00f1os se descomponen del fr\u00edo, es una situaci\u00f3n muy cruel\u201d.<\/span><\/p>\n<p><span style=\"font-weight: 400;\">\u201cExigimos a Mart\u00edn Gill y Pablo Rosso que nos den el n\u00famero de lote y manzana, adem\u00e1s que dejen de mandarnos a la polic\u00eda para reprimirnos como lo tuvieron haciendo estos 7 meses que llevamos ac\u00e1\u201d, concluyeron.<\/span><\/p>\n<p><span style=\"color: #ff9900;\"><b>Acuerdo en el Gab\u00edn<\/b><\/span><\/p>\n<p><span style=\"font-weight: 400;\">El mi\u00e9rcoles pasado se realiz\u00f3 una audiencia p\u00fablica en el Consejo Deliberante de la ciudad en el que se presentaron las distintas posiciones de las familias que habitan el Gab\u00edn ferroviario, funcionarios p\u00fablicos y referentes pol\u00edticos.<\/span><\/p>\n<p><span style=\"font-weight: 400;\">Seg\u00fan fuentes locales, los habitantes del lugar anunciaron que para el 16 de agosto deber\u00edan abandonar las instalaciones aunque todav\u00eda no firmaron ning\u00fan acuerdo por escrito.\u00a0<\/span><\/p>\n<p><span style=\"font-weight: 400;\">Por su lado, Pablo Rosso, comunic\u00f3 a la prensa local que los vecinos que habitan el Gab\u00edn Ferroviario ser\u00e1n reubicados en diferentes espacios y ser\u00e1n acompa\u00f1ados con diferentes pol\u00edticas, como el pago de alquileres.<\/span><\/p>\n<p><span style=\"font-weight: 400;\">En paralelo, concejales locales aprobaron el proyecto que autoriza al Departamento Ejecutivo Municipal a llamar a licitaci\u00f3n p\u00fablica para la restauraci\u00f3n y puesta en valor del lugar.\u00a0<\/span><\/p>\n<p><span style=\"color: #ff9900;\"><b>R\u00edo Cuarto<\/b><\/span><\/p>\n<p><span style=\"font-weight: 400;\">Un grupo de \u00abVecinos Autoconvocados\u00bb realiz\u00f3 una toma en el barrio Alberdi de dicha localidad que fue levantada a las 15 hs cuando fueron recibidos por Camilo Vieyra, secretario de Gobierno.<\/span><\/p>\n<p><span style=\"font-weight: 400;\">Seg\u00fan el peri\u00f3dico El Meg\u00e1fono los vecinos dijeron que el reclamo aceler\u00f3 las gestiones en la Municipalidad. \u201cEn pocas horas ten\u00edan la firma del privado, cuando hace un mes estamos esperando esas firmas y nos hab\u00edan dicho que en quince d\u00edas iban a estar. Cuando hoy hicimos la toma, firm\u00f3\u201d, seg\u00fan el testimonio de Lorena Vieyra, una de las participantes de la toma.<\/span><\/p>\n<\/div>\n<\/div>\n","protected":false},"excerpt":{"rendered":"<p>Se realiz\u00f3 una conferencia en el barrio Las Playas y avanzan las negociaciones con las familias del Gab\u00edn Ferroviario. En R\u00edo Cuarto se inici\u00f3 una toma por unas horas en reclamo por terrenos. Las familias que se encuentran habitando en el terreno del barrio Las Playas realizaron una conferencia de prensa junto a organizaciones sociales, [&hellip;]<\/p>\n","protected":false},"author":2,"featured_media":3771,"comment_status":"open","ping_status":"open","sticky":false,"template":"","format":"standard","meta":{"_exactmetrics_skip_tracking":false,"_exactmetrics_sitenote_active":false,"_exactmetrics_sitenote_note":"","_exactmetrics_sitenote_category":0,"jnews-multi-image_gallery":[],"jnews_single_post":{"source_name":"","source_url":"","via_name":"","via_url":"","override_template":"0","override":[{"template":"1","single_blog_custom":"","parallax":"1","fullscreen":"1","layout":"right-sidebar","sidebar":"default-sidebar","second_sidebar":"default-sidebar","sticky_sidebar":"1","share_position":"top","share_float_style":"share-monocrhome","show_share_counter":"1","show_view_counter":"1","show_featured":"1","show_post_meta":"1","show_post_author":"1","show_post_author_image":"1","show_post_date":"1","post_date_format":"default","post_date_format_custom":"Y\/m\/d","show_post_category":"1","show_post_reading_time":"0","post_reading_time_wpm":"300","show_zoom_button":"0","zoom_button_out_step":"2","zoom_button_in_step":"3","show_post_tag":"1","show_prev_next_post":"1","show_popup_post":"1","number_popup_post":"1","show_author_box":"0","show_post_related":"0","show_inline_post_related":"0"}],"override_image_size":"0","image_override":[{"single_post_thumbnail_size":"crop-500","single_post_gallery_size":"crop-500"}],"trending_post":"0","trending_post_position":"meta","trending_post_label":"Trending","sponsored_post":"0","sponsored_post_label":"Sponsored by","sponsored_post_name":"","sponsored_post_url":"","sponsored_post_logo_enable":"0","sponsored_post_logo":"","sponsored_post_desc":""},"jnews_primary_category":{"id":""},"jnews_social_meta":{"fb_title":"","fb_description":"","fb_image":"","twitter_title":"","twitter_description":"","twitter_image":""},"jnews_override_counter":{"override_view_counter":"0","view_counter_number":"0","override_share_counter":"0","share_counter_number":"0","override_like_counter":"0","like_counter_number":"0","override_dislike_counter":"0","dislike_counter_number":"0"},"_joinchat":[],"footnotes":""},"categories":[22],"tags":[172,35,40],"class_list":["post-3770","post","type-post","status-publish","format-standard","has-post-thumbnail","hentry","category-actualidad","tag-edicion-62","tag-trabajadores","tag-vivienda"],"_links":{"self":[{"href":"https:\/\/tribunavm.com.ar\/index.php\/wp-json\/wp\/v2\/posts\/3770"}],"collection":[{"href":"https:\/\/tribunavm.com.ar\/index.php\/wp-json\/wp\/v2\/posts"}],"about":[{"href":"https:\/\/tribunavm.com.ar\/index.php\/wp-json\/wp\/v2\/types\/post"}],"author":[{"embeddable":true,"href":"https:\/\/tribunavm.com.ar\/index.php\/wp-json\/wp\/v2\/users\/2"}],"replies":[{"embeddable":true,"href":"https:\/\/tribunavm.com.ar\/index.php\/wp-json\/wp\/v2\/comments?post=3770"}],"version-history":[{"count":1,"href":"https:\/\/tribunavm.com.ar\/index.php\/wp-json\/wp\/v2\/posts\/3770\/revisions"}],"predecessor-version":[{"id":3772,"href":"https:\/\/tribunavm.com.ar\/index.php\/wp-json\/wp\/v2\/posts\/3770\/revisions\/3772"}],"wp:featuredmedia":[{"embeddable":true,"href":"https:\/\/tribunavm.com.ar\/index.php\/wp-json\/wp\/v2\/media\/3771"}],"wp:attachment":[{"href":"https:\/\/tribunavm.com.ar\/index.php\/wp-json\/wp\/v2\/media?parent=3770"}],"wp:term":[{"taxonomy":"category","embeddable":true,"href":"https:\/\/tribunavm.com.ar\/index.php\/wp-json\/wp\/v2\/categories?post=3770"},{"taxonomy":"post_tag","embeddable":true,"href":"https:\/\/tribunavm.com.ar\/index.php\/wp-json\/wp\/v2\/tags?post=3770"}],"curies":[{"name":"wp","href":"https:\/\/api.w.org\/{rel}","templated":true}]}}