{"id":379,"date":"2019-05-16T16:44:27","date_gmt":"2019-05-16T16:44:27","guid":{"rendered":"https:\/\/tribunavm.com.ar\/?p=379"},"modified":"2019-10-21T17:56:39","modified_gmt":"2019-10-21T17:56:39","slug":"un-problema-de-fondo","status":"publish","type":"post","link":"https:\/\/tribunavm.com.ar\/index.php\/2019\/05\/16\/un-problema-de-fondo\/","title":{"rendered":"Un problema de Fondo"},"content":{"rendered":"<div class=\"row clearfix\">\n<div class=\"col-md-8\">\n<p><span style=\"color: #212121; font-size: 1.5em; letter-spacing: -0.01em;\">Trabajadores de ANSES se movilizaron por el cambio de categor\u00eda en la UDAI local. Mientras tanto la direcci\u00f3n desde arriba ordena la pol\u00edtica del ANSES a nivel nacional.<\/span><\/p>\n<p><span class=\"dropcap \" style=\"background-color: #ffffff; color: #dd9933; border-color: #ffffff;\">E<\/span>n en transcurso de la \u00faltima semana, trabajadores de ANSES Villa Mar\u00eda realizaron diferentes acciones para mostrar ante la sociedad las \u00faltimas modificaciones implementadas en la entidad p\u00fablica. El cambio de categor\u00eda de la UDAI promueve que<strong> los tr\u00e1mites jubilatorios deber\u00e1n tramitarse en la Ciudad de R\u00edo Cuarto.<\/strong><\/p>\n<p>En ese marco Enrique \u201cTito\u201d Godoy, delegado de ATE afirma que esta decisi\u00f3n de car\u00e1cter nacional es una forma de desprestigiar a la instituci\u00f3n:<strong> \u201cse atras\u00f3 todo, de tardar 30 d\u00edas en largar los dict\u00e1menes pasamos de casi un a\u00f1o o a\u00f1o y medio\u201d<\/strong>. Otra medida desde el ejecutivo nacional fue sacar el \u201cabogado dictaminante y por eso peligra la mesa de c\u00f3mputos, lo que significa que los expedientes que lleguen a las oficinas de Villa Mar\u00eda, pasar\u00e1n a R\u00edo Cuarto.\u201d<\/p>\n<p><span style=\"color: #ff6600;\"><strong>Un poco de historia<\/strong><\/span><\/p>\n<p>El ANSES es un fondo p\u00fablico de pensi\u00f3n (m\u00e1s adelante FPP), encargado de la seguridad social. Esta instituci\u00f3n administra los aportes jubilatorios realizados por los trabajadores durante su vida laboral. Esto no siempre fue as\u00ed. Hasta el a\u00f1o 2008 la administraci\u00f3n de los recursos de seguridad social estaba privatizado bajo la figura de las llamadas \u201cAFJP\u201d -Administradoras de fondos de jubilaciones y pensiones-.<\/p>\n<p>Estas administradoras son entidades privadas que fueron las encargadas de recibir los aportes de los trabajadores y administrarlos hasta el momento de terminar su vida laboral y jubilarse cobrando por ello un porcentaje, es decir una ganancia. Las AFJP comenzaron a funcionar como empresas reconocidas por el Estado a partir de la Ley 24.241<br \/>\nde Jubilaciones y Pensiones implementada por el gobierno de Carlos Menem en el a\u00f1o 1993.<\/p>\n<p>De esta forma, las empresas ganaban por administrar los recursos, como tambi\u00e9n ten\u00edan facultades de realizar inversiones con ese dinero en su poder. En concreto, las AFJP se apropiaron de unos 10.000 millones de d\u00f3lares en comisiones, mientras otros 35.000 millones fueron a las utilidades de empresas a trav\u00e9s de rebajas de aportes de las patronales.<\/p>\n<p><strong>En 2007<\/strong>, con el Decreto 897\/2007, se crea el <strong>Fondo de Garant\u00eda de Sustentabilidad<\/strong> apuntando contra la administraci\u00f3n privada de los fondos jubilatorios y de pensiones. En 2008 se impuls\u00f3 la Ley 26.425 del R\u00e9gimen Previsional P\u00fablico que modific\u00f3 el esquema de los aportes, pasando de ser administradas por las AFJP, a manos del Estado Nacional.<\/p>\n<p>Entre algunas de ellas figuraban <strong>Arauca Bit (OSDE), Consolidar (Banco Franc\u00e9s), M\u00e1xima (HSBC, New York Life International)<\/strong> como tambi\u00e9n federaciones de colegios profesionales e inclusive hasta un club de F\u00fatbol (Atl\u00e9tico de Rafaela), entre otras.<\/p>\n<p><span style=\"color: #ff6600;\"><strong>Fondo \u00bfpara quienes?<\/strong><\/span><\/p>\n<p>La funci\u00f3n del Fondo de Garant\u00eda de Sustentabilidad (FGS) fue desplazar a las empresas administradoras de su papel de gerentes ante el manejo del dinero de los aportantes-trabajadores y patronales para ser administrado por el Estado. El objetivo enunciado por el mismo cumplia con utilizarse de foma segura este dinero, ante eventuales crisis econ\u00f3micas que pusieran en perjuicio el pago de las jubilaciones y pensiones.<\/p>\n<p>La puesta en marcha del mismo sirvi\u00f3 para realizar m\u00faltiples operaciones dentro del sistema financiero. Osea que a partir de los ingresos por recaudaci\u00f3n, el Estado podr\u00eda invertir parte de ese capital en la compra de t\u00edtulos\/bonos de deuda p\u00fablica, por ejemplo los emitidos por el Banco Central, y participar en la compra de acciones de empresas privadas.<\/p>\n<p>El FGS creado en Noviembre del a\u00f1o<strong> 2008<\/strong> obtuvo <strong>un crecimiento del 38%<\/strong> en tan solo un a\u00f1o absorbiendo gran parte de las prestaciones que efectuaban los trabajadores a las ex- AFJP.<\/p>\n<p>En el a\u00f1o<strong> 2009<\/strong> logr\u00f3 posicionarse como uno de los <strong>cuatro fondos con mayor crecimiento del mundo<\/strong>. En ese tiempo, el 85% del total de activos que manejaron los FPP a nivel mundial fueron instrumentos de renta fija (t\u00edtulos p\u00fablicos y bonos corporativos), encontrando al FGS del ANSES por debajo, con 62% de su cartera<br \/>\ninvertida en capital privado nacional. [Estados Unidos y Espa\u00f1a tienen el 100% de su portafolio en estos activos nacionales]. S\u00f3lo los pa\u00edses que integran la OCDE concentraban hasta principios de 2009 activos por 4.5 trillones de d\u00f3lares en manos de los FPP.<\/p>\n<p>En cuanto al control del FGS, se conform\u00f3 una comisi\u00f3n encargada de definir la direcci\u00f3n de los fondos hacia distintas ramas de la actividad permitidas por la ley con el objetivo de garantizar los servicios en momentos donde los aportes no puedan cubrir las demandas de jubilaciones y pensiones. La misma compuesto por representantes del Estado, un consejo p\u00fablico-privado en el que participan gremios, empresas y bancos nacionales.<\/p>\n<p><span style=\"color: #ff6600;\"><strong>Qui\u00e9n arregla las cuentas de casa<\/strong><\/span><\/p>\n<p>Tras el acuerdo firmado por el Gobierno nacional y el Fondo Monetario Internacional, <strong>Argentina se convirti\u00f3 en el pa\u00eds con la deuda m\u00e1s grande adquirida en el \u00faltimo a\u00f1o<\/strong>. Lo comprometedor de esta situaci\u00f3n es el pago de intereses de la misma y la intervenci\u00f3n del organismo internacional en el dise\u00f1o y aplicaci\u00f3n de las pol\u00edticas p\u00fablicas en todo el territorio nacional, sobre todos los gobiernos: desde los provinciales hasta los locales, directa o indirectamente.<\/p>\n<p>Entre los puntos de consenso entre gobernantes y empresarios se encuentra la reducci\u00f3n del d\u00e9ficit fiscal y el equilibrio en la balanza de pago.<\/p>\n<blockquote class=\"pullquote align-center\"><p>Actualmente, el 60,8% del total de las acciones se concentra en manos del Banco Macro ($ 36,3 mil millones), Telecom Argentina S.A ($ 31,2 mil millones), Grupo Financiero Galicia S.A. ($ 29,1 mil millones), Transportadora de Gas del Sur ($ 21 mil millones) y Ternium ($ 18 mil millones)<\/p><\/blockquote>\n<p>\u201cD\u00e9ficit fiscal es equivalente a gasto p\u00fablico. Ejemplo: El aumento de los montos en AUH como pol\u00edtica social es equivalente a gasto p\u00fablico\u201d. La reforma previsional, impulsada en 2016, es parte de la direcci\u00f3n externa sobre las pol\u00edticas nacionales. Trabajadores de la instituci\u00f3n remarcaron que esta reforma busca aumentar la edad jubilatoria, reducir los montos establecidos para jubilaciones y pensiones y privatizar el servicio como lo establec\u00eda la ley en 1993. En este contexto donde el Estado ha tomado un pr\u00e9stamo por m\u00e1s de USD 50.000 millones de d\u00f3lares, cabe preguntarse qui\u00e9n arregla las cuentas de \u201ccasa\u201d. Siendo que el FGS del ANSES representa alrededor del 10% del PBI Nacional. Adem\u00e1s de ser utilizado como instrumento de reproducci\u00f3n del sistema financiero en el actual esquema de econom\u00eda abierta y creciente financiarizaci\u00f3n de la econom\u00eda internacional.<\/p>\n<p><strong>\u00bfSeguir\u00e1 siendo el problema la administraci\u00f3n del FGS? \u00bfQu\u00e9 implica el pr\u00e9stamo del Fondo Monetario en las definiciones de las Pol\u00edticas P\u00fablicas? \u00bfSer\u00e1 momento de empezar a discutir nuestros problemas de fondo?<\/strong>.<\/p>\n<\/div>\n<\/div>\n","protected":false},"excerpt":{"rendered":"<p>Trabajadores de ANSES se movilizaron por el cambio de categor\u00eda en la UDAI local. Mientras tanto la direcci\u00f3n desde arriba ordena la pol\u00edtica del ANSES a nivel nacional. En en transcurso de la \u00faltima semana, trabajadores de ANSES Villa Mar\u00eda realizaron diferentes acciones para mostrar ante la sociedad las \u00faltimas modificaciones implementadas en la entidad [&hellip;]<\/p>\n","protected":false},"author":2,"featured_media":278,"comment_status":"open","ping_status":"open","sticky":false,"template":"","format":"standard","meta":{"_exactmetrics_skip_tracking":false,"_exactmetrics_sitenote_active":false,"_exactmetrics_sitenote_note":"","_exactmetrics_sitenote_category":0,"jnews-multi-image_gallery":[],"jnews_single_post":{"source_name":"","source_url":"","via_name":"","via_url":"","override_template":"0","override":[{"template":"1","single_blog_custom":"","parallax":"1","fullscreen":"0","layout":"right-sidebar","sidebar":"default-sidebar","second_sidebar":"default-sidebar","sticky_sidebar":"1","share_position":"top","share_float_style":"share-monocrhome","show_share_counter":"1","show_view_counter":"1","show_featured":"1","show_post_meta":"1","show_post_author":"1","show_post_author_image":"1","show_post_date":"1","post_date_format":"default","post_date_format_custom":"Y\/m\/d","show_post_category":"1","show_post_reading_time":"0","post_reading_time_wpm":"300","show_zoom_button":"0","zoom_button_out_step":"2","zoom_button_in_step":"3","show_post_tag":"1","show_prev_next_post":"1","show_popup_post":"1","number_popup_post":"1","show_author_box":"0","show_post_related":"0","show_inline_post_related":"0"}],"override_image_size":"0","image_override":[{"single_post_thumbnail_size":"crop-500","single_post_gallery_size":"crop-500"}],"trending_post":"0","trending_post_position":"meta","trending_post_label":"Trending"},"jnews_primary_category":{"id":""},"jnews_social_meta":{"fb_title":"","fb_description":"","fb_image":"","twitter_title":"","twitter_description":"","twitter_image":""},"jnews_override_counter":{"override_view_counter":"0","view_counter_number":"0","override_share_counter":"0","share_counter_number":"0","override_like_counter":"0","like_counter_number":"0","override_dislike_counter":"0","dislike_counter_number":"0"},"_joinchat":[],"footnotes":""},"categories":[23],"tags":[30,39,35],"class_list":["post-379","post","type-post","status-publish","format-standard","has-post-thumbnail","hentry","category-analisis","tag-edicion-0","tag-gobierno","tag-trabajadores"],"_links":{"self":[{"href":"https:\/\/tribunavm.com.ar\/index.php\/wp-json\/wp\/v2\/posts\/379"}],"collection":[{"href":"https:\/\/tribunavm.com.ar\/index.php\/wp-json\/wp\/v2\/posts"}],"about":[{"href":"https:\/\/tribunavm.com.ar\/index.php\/wp-json\/wp\/v2\/types\/post"}],"author":[{"embeddable":true,"href":"https:\/\/tribunavm.com.ar\/index.php\/wp-json\/wp\/v2\/users\/2"}],"replies":[{"embeddable":true,"href":"https:\/\/tribunavm.com.ar\/index.php\/wp-json\/wp\/v2\/comments?post=379"}],"version-history":[{"count":2,"href":"https:\/\/tribunavm.com.ar\/index.php\/wp-json\/wp\/v2\/posts\/379\/revisions"}],"predecessor-version":[{"id":421,"href":"https:\/\/tribunavm.com.ar\/index.php\/wp-json\/wp\/v2\/posts\/379\/revisions\/421"}],"wp:featuredmedia":[{"embeddable":true,"href":"https:\/\/tribunavm.com.ar\/index.php\/wp-json\/wp\/v2\/media\/278"}],"wp:attachment":[{"href":"https:\/\/tribunavm.com.ar\/index.php\/wp-json\/wp\/v2\/media?parent=379"}],"wp:term":[{"taxonomy":"category","embeddable":true,"href":"https:\/\/tribunavm.com.ar\/index.php\/wp-json\/wp\/v2\/categories?post=379"},{"taxonomy":"post_tag","embeddable":true,"href":"https:\/\/tribunavm.com.ar\/index.php\/wp-json\/wp\/v2\/tags?post=379"}],"curies":[{"name":"wp","href":"https:\/\/api.w.org\/{rel}","templated":true}]}}