{"id":3802,"date":"2021-08-01T21:59:49","date_gmt":"2021-08-01T21:59:49","guid":{"rendered":"https:\/\/tribunavm.com.ar\/?p=3802"},"modified":"2021-08-01T22:32:22","modified_gmt":"2021-08-01T22:32:22","slug":"protestas-en-la-inauguracion-del-puente","status":"publish","type":"post","link":"https:\/\/tribunavm.com.ar\/index.php\/2021\/08\/01\/protestas-en-la-inauguracion-del-puente\/","title":{"rendered":"Protestas en la inauguraci\u00f3n del puente"},"content":{"rendered":"<div class=\"row clearfix\">\n<div class=\"col-md-8\">\n<p><span style=\"color: #212121; font-size: 1.5em; letter-spacing: -0.01em;\">Las familias del barrio Las Playas protestaron en la inauguraci\u00f3n del puente Juan Bautista Bustos exigiendo respuestas para empezar a construir sus viviendas.\u00a0<\/span><\/p>\n<p><span style=\"font-weight: 400;\">En el acto p\u00fablico que se realiz\u00f3 el jueves para inaugurar el puente urbano construido sobre el r\u00edo Ctalamuchita participaron diferentes referentes pol\u00edticos como el Secretario de Obra P\u00fablica de la Naci\u00f3n, Martin Gill, el Gobernador de C\u00f3rdoba, Juan Schiaretti, el Ministro de Industria, Eduardo Accastello, el Intendente interino Pablo Rosso, entre otros.\u00a0\u00a0<\/span><\/p>\n<p><span style=\"font-weight: 400;\">El puente que se empez\u00f3 a construir en 2018, y llev\u00f3 un presupuesto de <\/span><b>193 millones de pesos<\/b><span style=\"font-weight: 400;\">, conecta las ciudades de Villa Mar\u00eda y Villa Nueva por las intersecciones avenida costanera y avenida Barberis.<\/span><\/p>\n<p><span style=\"font-weight: 400;\">En ese marco, las familias del Barrio Las Playas, que ya han recibido un convenio de parte del Municipio, aguardan respuestas para avanzar en la construcci\u00f3n de sus viviendas, realizaron una protesta exigiendo el cumplimiento del mismo.<\/span><\/p>\n<p><span style=\"font-weight: 400;\">Las mismas desde hace 7 meses no vienen recibiendo respuesta, pese a muchas promesas que se les hicieron desde el ejecutivo municipal.<\/span><\/p>\n<p><span style=\"font-weight: 400;\">La urgencia es por la correspondiente divisi\u00f3n de los terrenos, que identifiquen los lotes, el correspondiente trazado de calles y la dotaci\u00f3n de los servicios p\u00fablicos para que puedan comenzar a\u00a0 construir.\u00a0<\/span><\/p>\n<p><span style=\"font-weight: 400;\">Debido a esto, las familias presentes\u00a0 elevaron el reclamo con\u00a0 la entrega de una carta al Gobernador Juan Schiaretti, exigiendo respuestas.\u00a0<\/span><\/p>\n<p><img loading=\"lazy\" decoding=\"async\" class=\"size-medium wp-image-3803 aligncenter\" src=\"https:\/\/tribunavm.com.ar\/wp-content\/uploads\/2021\/08\/Schiaretti-inauguro-el-nuevo-puente-entre-Villa-Maria-y-Villa-Nueva-300x204.jpg\" alt=\"\" width=\"300\" height=\"204\" srcset=\"https:\/\/tribunavm.com.ar\/wp-content\/uploads\/2021\/08\/Schiaretti-inauguro-el-nuevo-puente-entre-Villa-Maria-y-Villa-Nueva-300x204.jpg 300w, https:\/\/tribunavm.com.ar\/wp-content\/uploads\/2021\/08\/Schiaretti-inauguro-el-nuevo-puente-entre-Villa-Maria-y-Villa-Nueva-768x522.jpg 768w, https:\/\/tribunavm.com.ar\/wp-content\/uploads\/2021\/08\/Schiaretti-inauguro-el-nuevo-puente-entre-Villa-Maria-y-Villa-Nueva-750x510.jpg 750w, https:\/\/tribunavm.com.ar\/wp-content\/uploads\/2021\/08\/Schiaretti-inauguro-el-nuevo-puente-entre-Villa-Maria-y-Villa-Nueva.jpg 990w\" sizes=\"(max-width: 300px) 100vw, 300px\" \/><\/p>\n<p><strong>Tribuna di\u00e1logo con Jorgelina Perello, vocera de las familias de Las Playas.\u00a0<\/strong><\/p>\n<p><span style=\"color: #ff9900;\"><b>\u00bfQu\u00e9 est\u00e1n reclamando?<\/b><\/span><\/p>\n<p><span style=\"font-weight: 400;\">Hace 6 a\u00f1os nos dieron el convenio para poder construir en las 23 hect\u00e1reas que est\u00e1n ubicadas en el barrio Las Playas. Nos cansamos de que no avancen con las promesas y que nos abran causas con la polic\u00eda que nos vive reprimiendo. No podemos seguir pagando alquileres y esto nos lleva a tener que habitar las tierras con chozas.\u00a0<\/span><\/p>\n<p><span style=\"font-weight: 400;\">Pensamos que con Martin Gill en el Ministerio de Obra P\u00fablica nos iba a acelerar el tema de loteado pero lo \u00fanico que est\u00e1 haciendo es gastar millones en construir plazas mientras los ni\u00f1os sufren heladas en las chozas construidas de lona.<\/span><\/p>\n<p><span style=\"color: #ff9900;\"><b>\u00bfCu\u00e1ntas familias viven en el lugar?<\/b><\/span><\/p>\n<p><span style=\"font-weight: 400;\">Vivimos 30 familias y m\u00e1s de 40 menores, sin los servicios b\u00e1sicos como agua, gas ni ba\u00f1os.\u00a0<\/span><\/p>\n<p><span style=\"color: #ff9900;\"><b>\u00bfPor qu\u00e9 se hicieron presentes en la inauguraci\u00f3n del puente?<\/b><\/span><\/p>\n<p><span style=\"font-weight: 400;\">Nos llamaron ese mismo d\u00eda desde el municipio amenaz\u00e1ndonos para que no nos acerquemos al puente donde se llevar\u00eda a cabo el acto ya que nos llevar\u00edan detenidos. Pese a esto, decidimos ir a reclamar, ya que sab\u00edamos que ven\u00eda el gobernador y aprovechamos para entregarle una carta explic\u00e1ndole la situaci\u00f3n de precariedad\u00a0 que vivimos.\u00a0<\/span><\/p>\n<p><span style=\"color: #ff9900;\"><b>\u00bfQu\u00e9 respuestas obtuvieron?<\/b><\/span><\/p>\n<p><span style=\"font-weight: 400;\">En el lugar se acerc\u00f3 el intendente interino Pablo Rosso a decirnos que nos fu\u00e9ramos y que al finalizar el acto podr\u00edamos tener una reuni\u00f3n, a lo cual le respondimos que hace 6 a\u00f1os pedimos por reunirnos y avanzar con este problema.<\/span><\/p>\n<p><span style=\"font-weight: 400;\">El gobernador, sin embargo, prometi\u00f3 encargarse del asunto ya que se vio sorprendido por la situaci\u00f3n y las condiciones en las que nos encontramos.<\/span><\/p>\n<\/div>\n<\/div>\n","protected":false},"excerpt":{"rendered":"<p>Las familias del barrio Las Playas protestaron en la inauguraci\u00f3n del puente Juan Bautista Bustos exigiendo respuestas para empezar a construir sus viviendas.\u00a0 En el acto p\u00fablico que se realiz\u00f3 el jueves para inaugurar el puente urbano construido sobre el r\u00edo Ctalamuchita participaron diferentes referentes pol\u00edticos como el Secretario de Obra P\u00fablica de la Naci\u00f3n, [&hellip;]<\/p>\n","protected":false},"author":2,"featured_media":3804,"comment_status":"open","ping_status":"open","sticky":false,"template":"","format":"standard","meta":{"_exactmetrics_skip_tracking":false,"_exactmetrics_sitenote_active":false,"_exactmetrics_sitenote_note":"","_exactmetrics_sitenote_category":0,"jnews-multi-image_gallery":[],"jnews_single_post":{"source_name":"","source_url":"","via_name":"","via_url":"","override_template":"0","override":[{"template":"1","single_blog_custom":"","parallax":"1","fullscreen":"1","layout":"right-sidebar","sidebar":"default-sidebar","second_sidebar":"default-sidebar","sticky_sidebar":"1","share_position":"top","share_float_style":"share-monocrhome","show_share_counter":"1","show_view_counter":"1","show_featured":"1","show_post_meta":"1","show_post_author":"1","show_post_author_image":"1","show_post_date":"1","post_date_format":"default","post_date_format_custom":"Y\/m\/d","show_post_category":"1","show_post_reading_time":"0","post_reading_time_wpm":"300","show_zoom_button":"0","zoom_button_out_step":"2","zoom_button_in_step":"3","show_post_tag":"1","show_prev_next_post":"1","show_popup_post":"1","number_popup_post":"1","show_author_box":"0","show_post_related":"0","show_inline_post_related":"0"}],"override_image_size":"0","image_override":[{"single_post_thumbnail_size":"crop-500","single_post_gallery_size":"crop-500"}],"trending_post":"0","trending_post_position":"meta","trending_post_label":"Trending","sponsored_post":"0","sponsored_post_label":"Sponsored by","sponsored_post_name":"","sponsored_post_url":"","sponsored_post_logo_enable":"0","sponsored_post_logo":"","sponsored_post_desc":""},"jnews_primary_category":{"id":""},"jnews_social_meta":{"fb_title":"","fb_description":"","fb_image":"","twitter_title":"","twitter_description":"","twitter_image":""},"jnews_override_counter":{"override_view_counter":"0","view_counter_number":"0","override_share_counter":"0","share_counter_number":"0","override_like_counter":"0","like_counter_number":"0","override_dislike_counter":"0","dislike_counter_number":"0"},"_joinchat":[],"footnotes":""},"categories":[22],"tags":[67,35,40],"class_list":["post-3802","post","type-post","status-publish","format-standard","has-post-thumbnail","hentry","category-actualidad","tag-entrevista","tag-trabajadores","tag-vivienda"],"_links":{"self":[{"href":"https:\/\/tribunavm.com.ar\/index.php\/wp-json\/wp\/v2\/posts\/3802"}],"collection":[{"href":"https:\/\/tribunavm.com.ar\/index.php\/wp-json\/wp\/v2\/posts"}],"about":[{"href":"https:\/\/tribunavm.com.ar\/index.php\/wp-json\/wp\/v2\/types\/post"}],"author":[{"embeddable":true,"href":"https:\/\/tribunavm.com.ar\/index.php\/wp-json\/wp\/v2\/users\/2"}],"replies":[{"embeddable":true,"href":"https:\/\/tribunavm.com.ar\/index.php\/wp-json\/wp\/v2\/comments?post=3802"}],"version-history":[{"count":3,"href":"https:\/\/tribunavm.com.ar\/index.php\/wp-json\/wp\/v2\/posts\/3802\/revisions"}],"predecessor-version":[{"id":3814,"href":"https:\/\/tribunavm.com.ar\/index.php\/wp-json\/wp\/v2\/posts\/3802\/revisions\/3814"}],"wp:featuredmedia":[{"embeddable":true,"href":"https:\/\/tribunavm.com.ar\/index.php\/wp-json\/wp\/v2\/media\/3804"}],"wp:attachment":[{"href":"https:\/\/tribunavm.com.ar\/index.php\/wp-json\/wp\/v2\/media?parent=3802"}],"wp:term":[{"taxonomy":"category","embeddable":true,"href":"https:\/\/tribunavm.com.ar\/index.php\/wp-json\/wp\/v2\/categories?post=3802"},{"taxonomy":"post_tag","embeddable":true,"href":"https:\/\/tribunavm.com.ar\/index.php\/wp-json\/wp\/v2\/tags?post=3802"}],"curies":[{"name":"wp","href":"https:\/\/api.w.org\/{rel}","templated":true}]}}