{"id":3808,"date":"2021-08-01T22:29:21","date_gmt":"2021-08-01T22:29:21","guid":{"rendered":"https:\/\/tribunavm.com.ar\/?p=3808"},"modified":"2021-08-01T23:54:33","modified_gmt":"2021-08-01T23:54:33","slug":"paneo-internacional-3","status":"publish","type":"post","link":"https:\/\/tribunavm.com.ar\/index.php\/2021\/08\/01\/paneo-internacional-3\/","title":{"rendered":"Paneo Internacional"},"content":{"rendered":"<div class=\"row clearfix\">\n<div class=\"col-md-8\">\n<h3><span style=\"font-weight: 400; color: #ff9900;\">T\u00fanez: protestas y destituci\u00f3n del Primer Ministro\u00a0<\/span><\/h3>\n<p><span style=\"font-weight: 400;\"><span class=\"dropcap \" style=\"background-color: #ffffff; color: #dd9933; border-color: #ffffff;\">E<\/span>l domingo 25, se\u00a0 realiz\u00f3 una jornada de protesta en varias ciudades de T\u00fanez contra el gobierno en la que se manifestaron cientos de miles de personas. Posterior a las mismas, el presidente Kaid Saied anunci\u00f3 en un discurso televisado la destituci\u00f3n del primer ministro, Hichem Mechichi, y la suspensi\u00f3n durante 30 d\u00edas de la actividad del Parlamento.<\/span><\/p>\n<p><span style=\"font-weight: 400;\">El presidente del parlamento tunecino, Rached Ghannouchi, acus\u00f3 al presidente de organizar &#8220;un golpe de estado contra la revoluci\u00f3n y la constituci\u00f3n&#8221;.<\/span><\/p>\n<p><span style=\"font-weight: 400;\">Sami Tahri, portavoz de la Uni\u00f3n General de Trabajadores de T\u00fanez (UGTT), pidi\u00f3 una auditor\u00eda completa de las finanzas p\u00fablicas y las deudas estatales, a la vez que exigi\u00f3 la preservaci\u00f3n de la democracia como base para recuperar la estabilidad econ\u00f3mica, social y pol\u00edtica del pa\u00eds.<\/span><\/p>\n<h3><span style=\"font-weight: 400; color: #ff9900;\">Francia: manifestaciones contra el pase sanitario<br \/>\n<img loading=\"lazy\" decoding=\"async\" class=\"aligncenter wp-image-3810 size-jnews-750x536\" src=\"https:\/\/tribunavm.com.ar\/wp-content\/uploads\/2021\/08\/francia-750x536.jpg\" alt=\"\" width=\"750\" height=\"536\" srcset=\"https:\/\/tribunavm.com.ar\/wp-content\/uploads\/2021\/08\/francia-750x536.jpg 750w, https:\/\/tribunavm.com.ar\/wp-content\/uploads\/2021\/08\/francia-120x86.jpg 120w, https:\/\/tribunavm.com.ar\/wp-content\/uploads\/2021\/08\/francia-350x250.jpg 350w, https:\/\/tribunavm.com.ar\/wp-content\/uploads\/2021\/08\/francia-1140x815.jpg 1140w\" sizes=\"(max-width: 750px) 100vw, 750px\" \/><br \/>\n<\/span><\/h3>\n<p><span style=\"font-weight: 400;\"><span class=\"dropcap \" style=\"background-color: #ffffff; color: #dd9933; border-color: #ffffff;\">P<\/span>or tercer s\u00e1bado consecutivo, 200.000 manifestantes se movilizaron en m\u00e1s de 150 ciudades de Francia en contra de las medidas que impulsa el Gobierno de Emmanuel Macron contra el Covid-19.\u00a0<\/span><\/p>\n<p><span style=\"font-weight: 400;\">Esta semana, la Asamblea Nacional aprob\u00f3 un proyecto que reglamenta la presentaci\u00f3n obligatoria de un certificado sanitario para acceder a la mayor parte de los establecimientos p\u00fablicos, como bares, restaurantes, cines y teatros; y la vacunaci\u00f3n obligatoria de todo el personal de salud.<\/span><\/p>\n<p><span style=\"font-weight: 400;\">El presidente Macron hab\u00eda asegurado hace unas semanas: \u201cYa no tengo ninguna intenci\u00f3n de sacrificar mi vida, mi tiempo, mi libertad y la adolescencia de mis hijas, as\u00ed como su derecho a estudiar adecuadamente, por quienes se niegan a vacunarse. Esta vez se queda usted en casa, no nosotros.\u201d<\/span><\/p>\n<p><span style=\"font-weight: 400;\">En algunas ciudades se dieron enfrentamientos contra la polic\u00eda y hubo cerca de 70 detenidos.<\/span><\/p>\n<p>&nbsp;<\/p>\n<h3><span style=\"font-weight: 400; color: #ff9900;\">Ciberguerra<\/span><\/h3>\n<p><img loading=\"lazy\" decoding=\"async\" class=\"aligncenter wp-image-3812 size-jnews-750x536\" src=\"https:\/\/tribunavm.com.ar\/wp-content\/uploads\/2021\/08\/QXV2LJZXQZHULB5LIGHQITNL2Q-750x536.jpg\" alt=\"\" width=\"750\" height=\"536\" srcset=\"https:\/\/tribunavm.com.ar\/wp-content\/uploads\/2021\/08\/QXV2LJZXQZHULB5LIGHQITNL2Q-750x536.jpg 750w, https:\/\/tribunavm.com.ar\/wp-content\/uploads\/2021\/08\/QXV2LJZXQZHULB5LIGHQITNL2Q-120x86.jpg 120w, https:\/\/tribunavm.com.ar\/wp-content\/uploads\/2021\/08\/QXV2LJZXQZHULB5LIGHQITNL2Q-350x250.jpg 350w, https:\/\/tribunavm.com.ar\/wp-content\/uploads\/2021\/08\/QXV2LJZXQZHULB5LIGHQITNL2Q-1140x815.jpg 1140w\" sizes=\"(max-width: 750px) 100vw, 750px\" \/><\/p>\n<p><span style=\"font-weight: 400;\"><span class=\"dropcap \" style=\"background-color: #ffffff; color: #dd9933; border-color: #ffffff;\">E<\/span>l presidente estadounidense Joe Biden, en una intervenci\u00f3n durante un encuentro con la directora de la Oficina de Inteligencia, Avril Haines, consider\u00f3 que los ciberataques pueden terminar \u201cdesencadenando un conflicto armado real\u201d, se\u00f1alando a Rusia como responsable de difundir datos falsos para influir en las pr\u00f3ximas elecciones de EEUU.<\/span><\/p>\n<p><span style=\"font-weight: 400;\">Por otra parte, P\u00e1vel Durov, fundador de Telegram, a trav\u00e9s de un comunicado, se\u00f1al\u00f3 a Apple y Google como los m\u00e1ximos responsables de los casos espionaje a nivel global, al considerar que estas empresas forman parte de un \u201cprograma de vigilancia\u201d que crean &#8220;productos de software inseguros&#8221; utilizando millones de personas significando &#8220;un gran problema para la Humanidad&#8221;. Invit\u00f3 a &#8220;los gobiernos del mundo a comenzar a actuar contra el duopolio de Apple y Google en el mercado de los tel\u00e9fonos inteligentes, y obligarlos a abrir sus ecosistemas y crear las condiciones para una mejor competencia\u201d.<\/span><\/p>\n<\/div>\n<div class=\"col-md-8\">\n<h3><span style=\"font-weight: 400; color: #ff9900;\">Las tecnol\u00f3gicas copan el S&amp;P<\/span><\/h3>\n<p><img loading=\"lazy\" decoding=\"async\" class=\"aligncenter wp-image-3811 size-jnews-750x536\" src=\"https:\/\/tribunavm.com.ar\/wp-content\/uploads\/2021\/08\/Fintech-750x536.jpeg\" alt=\"\" width=\"750\" height=\"536\" srcset=\"https:\/\/tribunavm.com.ar\/wp-content\/uploads\/2021\/08\/Fintech-750x536.jpeg 750w, https:\/\/tribunavm.com.ar\/wp-content\/uploads\/2021\/08\/Fintech-120x86.jpeg 120w, https:\/\/tribunavm.com.ar\/wp-content\/uploads\/2021\/08\/Fintech-350x250.jpeg 350w\" sizes=\"(max-width: 750px) 100vw, 750px\" \/><\/p>\n<p><span style=\"font-weight: 400;\"><span class=\"dropcap \" style=\"background-color: #ffffff; color: #dd9933; border-color: #ffffff;\">E<\/span>l S&amp;P 500, uno de los principales \u00edndices de Wall Street, cerr\u00f3 su sexto mes consecutivo de ganancias con un crecimiento de 2,3% en julio, registrando m\u00e1ximos hist\u00f3ricos. S\u00f3lo las primeras 6 empresas (Facebook, Amazon, Netflix, Microsoft, Apple y Google), explican el 22,6% del S&amp;P 500.<\/span><\/p>\n<p><span style=\"font-weight: 400;\">Lo llamativo es que mientras el sector tecnol\u00f3gico acumula una suba del 11,8% en el primer semestre de 2021, el S&amp;P 500 sube en total un 5,1%, ya que el resto de los sectores opera con p\u00e9rdidas desde entonces, como el aerocomercial, energ\u00e9tico o de finanzas e industria.<\/span><\/p>\n<p><span style=\"font-weight: 400;\">De esta manera, los beneficios de este \u00edndice se apoyan en el sector tecnol\u00f3gico, donde las principales compa\u00f1\u00edas del \u00edndice pertenecen a este sector: Apple (5,9%), Microsoft (5,6%), Amazon (4,09%), Google (3,98%), Facebook (2,3%), Tesla (1,44%) y Nvidia (1,37%).<\/span><\/p>\n<p><span style=\"color: #ff9900;\"><b>Balances en verde<\/b><\/span><\/p>\n<p><span style=\"font-weight: 400;\">Por otra parte, varias empresas tecnol\u00f3gicas presentaron balances con resultados trimestrales.<\/span><\/p>\n<p><span style=\"font-weight: 400;\">Alphabet, empresa de desarrollo de software cuya principal filial es Google, declar\u00f3 que sus ganancias alcanzaron los 18.500 millones de d\u00f3lares en el segundo trimestre, superando el r\u00e9cord previo de 17.900 millones en el primer trimestre.<\/span><\/p>\n<p><span style=\"font-weight: 400;\">Por su parte, Facebook anunci\u00f3 este mi\u00e9rcoles unos beneficios entre enero y junio de 19.892 millones de d\u00f3lares, el doble de los 10.081 conseguidos en el mismo per\u00edodo del a\u00f1o anterior. Durante este tiempo, la red social ingres\u00f3 55.248 millones de d\u00f3lares, en su inmensa mayor\u00eda provenientes de la venta de espacios publicitarios, por encima de los 36.423 millones facturados durante el primer semestre de 2020.<\/span><\/p>\n<p><span style=\"font-weight: 400;\">El balance trimestral de la empresa de software Microsoft se\u00f1al\u00f3 que sus ingresos aumentaron un 21%, alcanzando los 46.200 millones de d\u00f3lares en el segundo trimestre. Seg\u00fan la firma, este aumento se explicar\u00eda a partir de un crecimiento del 51% en los ingresos de Azure, el negocio de computaci\u00f3n en la nube.<\/span><\/p>\n<\/div>\n<p>&nbsp;<\/p>\n<\/div>\n","protected":false},"excerpt":{"rendered":"<p>T\u00fanez: protestas y destituci\u00f3n del Primer Ministro\u00a0 El domingo 25, se\u00a0 realiz\u00f3 una jornada de protesta en varias ciudades de T\u00fanez contra el gobierno en la que se manifestaron cientos de miles de personas. Posterior a las mismas, el presidente Kaid Saied anunci\u00f3 en un discurso televisado la destituci\u00f3n del primer ministro, Hichem Mechichi, y [&hellip;]<\/p>\n","protected":false},"author":2,"featured_media":3809,"comment_status":"open","ping_status":"open","sticky":false,"template":"","format":"standard","meta":{"_exactmetrics_skip_tracking":false,"_exactmetrics_sitenote_active":false,"_exactmetrics_sitenote_note":"","_exactmetrics_sitenote_category":0,"jnews-multi-image_gallery":[],"jnews_single_post":{"source_name":"","source_url":"","via_name":"","via_url":"","override_template":"0","override":[{"template":"1","single_blog_custom":"","parallax":"1","fullscreen":"1","layout":"right-sidebar","sidebar":"default-sidebar","second_sidebar":"default-sidebar","sticky_sidebar":"1","share_position":"top","share_float_style":"share-monocrhome","show_share_counter":"1","show_view_counter":"1","show_featured":"1","show_post_meta":"1","show_post_author":"1","show_post_author_image":"1","show_post_date":"1","post_date_format":"default","post_date_format_custom":"Y\/m\/d","show_post_category":"1","show_post_reading_time":"0","post_reading_time_wpm":"300","show_zoom_button":"0","zoom_button_out_step":"2","zoom_button_in_step":"3","show_post_tag":"1","show_prev_next_post":"1","show_popup_post":"1","number_popup_post":"1","show_author_box":"0","show_post_related":"0","show_inline_post_related":"0"}],"override_image_size":"0","image_override":[{"single_post_thumbnail_size":"crop-500","single_post_gallery_size":"crop-500"}],"trending_post":"0","trending_post_position":"meta","trending_post_label":"Trending","sponsored_post":"0","sponsored_post_label":"Sponsored by","sponsored_post_name":"","sponsored_post_url":"","sponsored_post_logo_enable":"0","sponsored_post_logo":"","sponsored_post_desc":""},"jnews_primary_category":{"id":""},"jnews_social_meta":{"fb_title":"","fb_description":"","fb_image":"","twitter_title":"","twitter_description":"","twitter_image":""},"jnews_override_counter":{"override_view_counter":"0","view_counter_number":"0","override_share_counter":"0","share_counter_number":"0","override_like_counter":"0","like_counter_number":"0","override_dislike_counter":"0","dislike_counter_number":"0"},"_joinchat":[],"footnotes":""},"categories":[22],"tags":[75],"class_list":["post-3808","post","type-post","status-publish","format-standard","has-post-thumbnail","hentry","category-actualidad","tag-internacional"],"_links":{"self":[{"href":"https:\/\/tribunavm.com.ar\/index.php\/wp-json\/wp\/v2\/posts\/3808"}],"collection":[{"href":"https:\/\/tribunavm.com.ar\/index.php\/wp-json\/wp\/v2\/posts"}],"about":[{"href":"https:\/\/tribunavm.com.ar\/index.php\/wp-json\/wp\/v2\/types\/post"}],"author":[{"embeddable":true,"href":"https:\/\/tribunavm.com.ar\/index.php\/wp-json\/wp\/v2\/users\/2"}],"replies":[{"embeddable":true,"href":"https:\/\/tribunavm.com.ar\/index.php\/wp-json\/wp\/v2\/comments?post=3808"}],"version-history":[{"count":5,"href":"https:\/\/tribunavm.com.ar\/index.php\/wp-json\/wp\/v2\/posts\/3808\/revisions"}],"predecessor-version":[{"id":3852,"href":"https:\/\/tribunavm.com.ar\/index.php\/wp-json\/wp\/v2\/posts\/3808\/revisions\/3852"}],"wp:featuredmedia":[{"embeddable":true,"href":"https:\/\/tribunavm.com.ar\/index.php\/wp-json\/wp\/v2\/media\/3809"}],"wp:attachment":[{"href":"https:\/\/tribunavm.com.ar\/index.php\/wp-json\/wp\/v2\/media?parent=3808"}],"wp:term":[{"taxonomy":"category","embeddable":true,"href":"https:\/\/tribunavm.com.ar\/index.php\/wp-json\/wp\/v2\/categories?post=3808"},{"taxonomy":"post_tag","embeddable":true,"href":"https:\/\/tribunavm.com.ar\/index.php\/wp-json\/wp\/v2\/tags?post=3808"}],"curies":[{"name":"wp","href":"https:\/\/api.w.org\/{rel}","templated":true}]}}