{"id":3863,"date":"2021-08-08T23:32:41","date_gmt":"2021-08-08T23:32:41","guid":{"rendered":"https:\/\/tribunavm.com.ar\/?p=3863"},"modified":"2021-08-08T23:32:41","modified_gmt":"2021-08-08T23:32:41","slug":"paneo-internacional-4","status":"publish","type":"post","link":"https:\/\/tribunavm.com.ar\/index.php\/2021\/08\/08\/paneo-internacional-4\/","title":{"rendered":"Paneo Internacional"},"content":{"rendered":"<div class=\"row clearfix\">\n<div class=\"col-md-8\">\n<h3><span style=\"font-weight: 400; color: #ff9900;\">Se recrudecen los enfrentamientos en Afganist\u00e1n<\/span><\/h3>\n<p><span style=\"font-weight: 400;\"><span class=\"dropcap \" style=\"background-color: #ffffff; color: #dd9933; border-color: #ffffff;\">A <\/span>un mes de que las tropas de Estados Unidos, luego de 20 a\u00f1os de ocupaci\u00f3n, abandonaran sorpresivamente la base a\u00e9rea de Bagram, la crisis civil y humanitaria en Afganist\u00e1n se ha profundizado.<\/span><\/p>\n<p><span style=\"font-weight: 400;\">El Ministerio de Defensa de Afganist\u00e1n inform\u00f3 en un comunicado al menos &#8220;375 combatientes talibanes murieron y 193 resultaron heridos en enfrentamientos y contraataques de las fuerzas de seguridad afganas&#8221; en las provincias de Kandahar, Helmand y Herat, donde los insurgentes han presionado por la captura de las capitales de estas tres provincias durante los \u00faltimos d\u00edas.<\/span><\/p>\n<p><span style=\"font-weight: 400;\">Solo en esta semana, las fuerzas talibanes conquistaron cinco capitales provinciales: Kunduz, Sar-e-Pol, Taloqan, Sheberghan y Zaranj, esta \u00faltima signific\u00f3 la primera capital regional de Afganist\u00e1n conquistada por el movimiento desde 2016.\u00a0<\/span><\/p>\n<p><span style=\"font-weight: 400;\">Naciones Unidas calcul\u00f3 que el n\u00famero de civiles muertos y heridos aument\u00f3 un 47 % en el primer semestre del a\u00f1o respecto a 2020 y el Ministerio de Refugiados y Repatriaci\u00f3n de Afganist\u00e1n indic\u00f3 que, en las \u00faltimas dos semanas, al menos 100.000 civiles se exiliaron a ra\u00edz de los enfrentamientos.<\/span><\/p>\n<p><span style=\"font-weight: 400;\">Hibatullah Akhundzada, l\u00edder de los talibanes, en ocasi\u00f3n del Eid al Adha (celebraci\u00f3n del sacrificio, la festividad de mayor importancia del pueblo musulman, celebrada entre el 19 y el 23 de julio), reiter\u00f3 que est\u00e1 &#8220;decididamente a favor de una soluci\u00f3n pol\u00edtica&#8221; m\u00e1s all\u00e1 &#8220;del avance y las victorias militares&#8221; de sus tropas en los dos \u00faltimos meses. <\/span><b>&#8220;En vez de contar con los extranjeros, resolvamos nuestros problemas entre nosotros y salvemos a la patria de la crisis&#8221;<\/b><span style=\"font-weight: 400;\">, a\u00f1adi\u00f3 Akhundzada.<\/span><\/p>\n<p><span style=\"font-weight: 400;\">Los talibanes surgieron en 1994 de las escuelas cor\u00e1nicas de Kandahar (Afganist\u00e1n), Queta, Karachi y Lahore (Pakist\u00e1n) con el objetivo de unificar y homogeneizar cultural y religiosamente Afganist\u00e1n. La milicia talib\u00e1n controlaba el 90% de Afganist\u00e1n, pero s\u00f3lo Pakist\u00e1n, Arabia Saud\u00ed y Emiratos \u00c1rabes Unidos reconoc\u00edan su soberan\u00eda.<\/span><\/p>\n<h3><span style=\"font-weight: 400; color: #ff9900;\">El FMI aprob\u00f3 la asignaci\u00f3n de los DEG\u00a0<\/span><\/h3>\n<p><img loading=\"lazy\" decoding=\"async\" class=\"aligncenter wp-image-3867 size-jnews-750x536\" src=\"https:\/\/tribunavm.com.ar\/wp-content\/uploads\/2021\/08\/DEG-impreso-750x536.jpg\" alt=\"\" width=\"750\" height=\"536\" srcset=\"https:\/\/tribunavm.com.ar\/wp-content\/uploads\/2021\/08\/DEG-impreso-750x536.jpg 750w, https:\/\/tribunavm.com.ar\/wp-content\/uploads\/2021\/08\/DEG-impreso-120x86.jpg 120w, https:\/\/tribunavm.com.ar\/wp-content\/uploads\/2021\/08\/DEG-impreso-350x250.jpg 350w\" sizes=\"(max-width: 750px) 100vw, 750px\" \/><\/p>\n<p><span style=\"font-weight: 400;\"><span class=\"dropcap \" style=\"background-color: #ffffff; color: #dd9933; border-color: #ffffff;\">E<\/span><\/span><\/p>\n<p><span style=\"font-weight: 400;\">l lunes pasado, la Junta de Gobernadores del Fondo Monetario Internacional aprob\u00f3 la asignaci\u00f3n de los derechos especiales de giro (DEG). Estos fondos de emergencia, con el fin de paliar la crisis a nivel global, ser\u00e1n asignados a partir del 23 de agosto. Argentina recibir\u00e1 un equivalente a 4.354 millones de d\u00f3lares, equivalente al 0,67 por ciento de la cuota del FMI.<\/span><\/p>\n<p><span style=\"font-weight: 400;\">De los 650.000 millones de d\u00f3lares que implicar\u00eda esta inyecci\u00f3n, solo el 42% (275.000 millones) ser\u00e1n destinados a Estados de mercados emergentes, en v\u00edas de desarrollo o de bajos ingresos. Se trata de un activo financiero compuesto por una canasta de monedas que incluye al d\u00f3lar estadounidense, al euro, al renminbi chino (yuan), el yen japon\u00e9s y a la libra esterlina. Su valor actual equivale a USD 1,42.<\/span><\/p>\n<p><span style=\"font-weight: 400;\">Los DEG fueron creados en 1969 para complementar las reservas oficiales de los pa\u00edses miembros del Fondo, limitados por el contexto del modelo de paridades fijas establecido en el acuerdo de Bretton Woods.<\/span><\/p>\n<p><span style=\"font-weight: 400;\">Las designaciones generales del DEG s\u00f3lo se han efectuado en 3 ocasiones, comenzando en 1970, por un total de DEG 9.300 millones; una segunda, por DEG 12.100 millones entre 1979 y 1981; y la \u00faltima, por DEG 161.200 millones, que se efectu\u00f3 el 28 de agosto de 2009 a ra\u00edz de la crisis de las hipotecas subprime del 2008.<\/span><\/p>\n<h3><span style=\"font-weight: 400; color: #ff9900;\">Dosis millonarias<\/span><\/h3>\n<p><img loading=\"lazy\" decoding=\"async\" class=\"aligncenter wp-image-3866 size-jnews-750x536\" src=\"https:\/\/tribunavm.com.ar\/wp-content\/uploads\/2021\/08\/moderna-web-750x536.jpg\" alt=\"\" width=\"750\" height=\"536\" srcset=\"https:\/\/tribunavm.com.ar\/wp-content\/uploads\/2021\/08\/moderna-web-750x536.jpg 750w, https:\/\/tribunavm.com.ar\/wp-content\/uploads\/2021\/08\/moderna-web-120x86.jpg 120w, https:\/\/tribunavm.com.ar\/wp-content\/uploads\/2021\/08\/moderna-web-350x250.jpg 350w\" sizes=\"(max-width: 750px) 100vw, 750px\" \/><\/p>\n<p><span style=\"font-weight: 400;\"><span class=\"dropcap \" style=\"background-color: #ffffff; color: #dd9933; border-color: #ffffff;\">E<\/span>n la presentaci\u00f3n de sus balances contables, el laboratorio Moderna inform\u00f3 que durante el primer semestre de 2021 obtuvo ganancias por 4.000 millones de d\u00f3lares, principalmente a partir de las ventas de su vacuna contra el Covid-19.<\/span><\/p>\n<p><span style=\"font-weight: 400;\">Por otro lado, la empresa detall\u00f3 que \u201clos gastos de investigaci\u00f3n y desarrollo fueron de 822 millones de d\u00f3lares durante los seis primeros meses de 2021, en comparaci\u00f3n con 267 millones de d\u00f3lares en el mismo per\u00edodo en 2020\u201d.<\/span><\/p>\n<p><span style=\"font-weight: 400;\">La capacidad de producci\u00f3n de vacunas contra el coronavirus para este 2021 estar\u00edan estimadas entre 800 millones y 1.000 millones de dosis, con una proyecci\u00f3n de entre 2.000 millones y 3.000 millones de dosis para 2022.<\/span><\/p>\n<p><span style=\"font-weight: 400;\">En Argentina, el laboratorio don\u00f3 3.500.000 dosis que se repartir\u00edan para la vacunaci\u00f3n de los adolescentes con enfermedades previas y para completar la vacunaci\u00f3n de los que est\u00e1n esperando Sputnik V.<\/span><\/p>\n<\/div>\n<\/div>\n","protected":false},"excerpt":{"rendered":"<p>Se recrudecen los enfrentamientos en Afganist\u00e1n A un mes de que las tropas de Estados Unidos, luego de 20 a\u00f1os de ocupaci\u00f3n, abandonaran sorpresivamente la base a\u00e9rea de Bagram, la crisis civil y humanitaria en Afganist\u00e1n se ha profundizado. El Ministerio de Defensa de Afganist\u00e1n inform\u00f3 en un comunicado al menos &#8220;375 combatientes talibanes murieron [&hellip;]<\/p>\n","protected":false},"author":2,"featured_media":3868,"comment_status":"open","ping_status":"open","sticky":false,"template":"","format":"standard","meta":{"_exactmetrics_skip_tracking":false,"_exactmetrics_sitenote_active":false,"_exactmetrics_sitenote_note":"","_exactmetrics_sitenote_category":0,"jnews-multi-image_gallery":[],"jnews_single_post":{"source_name":"","source_url":"","via_name":"","via_url":"","override_template":"0","override":[{"template":"1","single_blog_custom":"","parallax":"1","fullscreen":"1","layout":"right-sidebar","sidebar":"default-sidebar","second_sidebar":"default-sidebar","sticky_sidebar":"1","share_position":"top","share_float_style":"share-monocrhome","show_share_counter":"1","show_view_counter":"1","show_featured":"1","show_post_meta":"1","show_post_author":"1","show_post_author_image":"1","show_post_date":"1","post_date_format":"default","post_date_format_custom":"Y\/m\/d","show_post_category":"1","show_post_reading_time":"0","post_reading_time_wpm":"300","show_zoom_button":"0","zoom_button_out_step":"2","zoom_button_in_step":"3","show_post_tag":"1","show_prev_next_post":"1","show_popup_post":"1","number_popup_post":"1","show_author_box":"0","show_post_related":"0","show_inline_post_related":"0"}],"override_image_size":"0","image_override":[{"single_post_thumbnail_size":"crop-500","single_post_gallery_size":"crop-500"}],"trending_post":"0","trending_post_position":"meta","trending_post_label":"Trending","sponsored_post":"0","sponsored_post_label":"Sponsored by","sponsored_post_name":"","sponsored_post_url":"","sponsored_post_logo_enable":"0","sponsored_post_logo":"","sponsored_post_desc":""},"jnews_primary_category":{"id":""},"jnews_social_meta":{"fb_title":"","fb_description":"","fb_image":"","twitter_title":"","twitter_description":"","twitter_image":""},"jnews_override_counter":{"override_view_counter":"0","view_counter_number":"0","override_share_counter":"0","share_counter_number":"0","override_like_counter":"0","like_counter_number":"0","override_dislike_counter":"0","dislike_counter_number":"0"},"_joinchat":[],"footnotes":""},"categories":[22],"tags":[174,75],"class_list":["post-3863","post","type-post","status-publish","format-standard","has-post-thumbnail","hentry","category-actualidad","tag-edicion-64","tag-internacional"],"_links":{"self":[{"href":"https:\/\/tribunavm.com.ar\/index.php\/wp-json\/wp\/v2\/posts\/3863"}],"collection":[{"href":"https:\/\/tribunavm.com.ar\/index.php\/wp-json\/wp\/v2\/posts"}],"about":[{"href":"https:\/\/tribunavm.com.ar\/index.php\/wp-json\/wp\/v2\/types\/post"}],"author":[{"embeddable":true,"href":"https:\/\/tribunavm.com.ar\/index.php\/wp-json\/wp\/v2\/users\/2"}],"replies":[{"embeddable":true,"href":"https:\/\/tribunavm.com.ar\/index.php\/wp-json\/wp\/v2\/comments?post=3863"}],"version-history":[{"count":1,"href":"https:\/\/tribunavm.com.ar\/index.php\/wp-json\/wp\/v2\/posts\/3863\/revisions"}],"predecessor-version":[{"id":3869,"href":"https:\/\/tribunavm.com.ar\/index.php\/wp-json\/wp\/v2\/posts\/3863\/revisions\/3869"}],"wp:featuredmedia":[{"embeddable":true,"href":"https:\/\/tribunavm.com.ar\/index.php\/wp-json\/wp\/v2\/media\/3868"}],"wp:attachment":[{"href":"https:\/\/tribunavm.com.ar\/index.php\/wp-json\/wp\/v2\/media?parent=3863"}],"wp:term":[{"taxonomy":"category","embeddable":true,"href":"https:\/\/tribunavm.com.ar\/index.php\/wp-json\/wp\/v2\/categories?post=3863"},{"taxonomy":"post_tag","embeddable":true,"href":"https:\/\/tribunavm.com.ar\/index.php\/wp-json\/wp\/v2\/tags?post=3863"}],"curies":[{"name":"wp","href":"https:\/\/api.w.org\/{rel}","templated":true}]}}