{"id":393,"date":"2019-06-27T17:28:02","date_gmt":"2019-06-27T17:28:02","guid":{"rendered":"https:\/\/tribunavm.com.ar\/?p=393"},"modified":"2019-10-21T17:37:35","modified_gmt":"2019-10-21T17:37:35","slug":"elecciones-municipales","status":"publish","type":"post","link":"https:\/\/tribunavm.com.ar\/index.php\/2019\/06\/27\/elecciones-municipales\/","title":{"rendered":"Elecciones municipales"},"content":{"rendered":"<div class=\"row clearfix\">\n<div class=\"col-md-8\">\n<div class=\"intro-text\">\n<p><span style=\"font-weight: 400;\">Medios locales organizaron debates con los candidatos y gremios de la ciudad acompa\u00f1aron en un acto a Mart\u00edn Gill.<\/span><\/p>\n<\/div>\n<p><span style=\"font-weight: 400;\"><span class=\"dropcap \" style=\"background-color: #ffffff; color: #dd9933; border-color: #ffffff;\">M<\/span>art\u00edn Gill, perteneciente a Hacemos por C\u00f3rdoba, sali\u00f3 reelecto intendente de la ciudad con el 54,7% de los votos. El espacio tambi\u00e9n fue acompa\u00f1ado por sectores del Kirchnerismo local como Eduardo Accastello, y el Radicalismo Alfonsinista que, dentro del Frente para la Victoria en 2015, se hab\u00edan hecho con el 48,9%.<\/span><\/p>\n<p><span style=\"font-weight: 400;\">En el segundo puesto sali\u00f3 Juan Zazzetti por el PRO con el 30,2%, un 9,6% menos que en las elecciones anteriores. Muy por debajo se posicionaron el resto de las fuerzas con menos del 6% de los votos.<\/span><\/p>\n<p><span style=\"font-weight: 400;\">Lo llamativo de la votaci\u00f3n fue que para el a\u00f1o 2015 uno de cada cuatro villamarienses no concurri\u00f3 a votar, mientras que en el corriente a\u00f1o ese n\u00famero aument\u00f3 a uno sobre tres, donde adem\u00e1s 1232 personas decidieron votar en blanco o anular su voto<\/span><\/p>\n<h3><span style=\"font-weight: 400;\">Iniciativa de medios locales<\/span><\/h3>\n<p><span style=\"font-weight: 400;\">El primer debate para candidatos a la intendencia lo realiz\u00f3 la Cooperativa de Trabajo Comunicar, donde estuvieron presentes ocho de los nueve oficializados en las listas. Ante un gran marco de p\u00fablico, la presentadora dio apertura diciendo que la iniciativa \u201cfortalec\u00eda la pr\u00e1ctica democr\u00e1tica de nuestra ciudad\u201d.<\/span><\/p>\n<p><span style=\"font-weight: 400;\">Unos d\u00edas despu\u00e9s, 23 medios locales, entre ellos diarios, webs, radios y televisoras locales organizaron y adhirieron al segundo debate de candidatos. El mismo se llev\u00f3 a cabo en el espacio INCAA donde se defini\u00f3 elevar al consejo municipal \u201cun pedido para que de un marco normativo y de obligatoriedad para los debates pre-electorales\u201d.<\/span><\/p>\n<h3><span style=\"font-weight: 400;\">Gremios de la ciudad<\/span><\/h3>\n<p><span style=\"font-weight: 400;\"><img loading=\"lazy\" decoding=\"async\" class=\"wp-image-396 aligncenter\" src=\"https:\/\/tribunavm.com.ar\/wp-content\/uploads\/2019\/10\/REUNION-300x200.jpeg\" alt=\"\" width=\"486\" height=\"324\" srcset=\"https:\/\/tribunavm.com.ar\/wp-content\/uploads\/2019\/10\/REUNION-300x200.jpeg 300w, https:\/\/tribunavm.com.ar\/wp-content\/uploads\/2019\/10\/REUNION-768x512.jpeg 768w, https:\/\/tribunavm.com.ar\/wp-content\/uploads\/2019\/10\/REUNION-750x500.jpeg 750w, https:\/\/tribunavm.com.ar\/wp-content\/uploads\/2019\/10\/REUNION.jpeg 848w\" sizes=\"(max-width: 486px) 100vw, 486px\" \/>\u00a0<\/span><span style=\"font-weight: 400;\">Cerca de 36 dirigentes del sindicalismo local realizaron un encuentro previo al cierre de campa\u00f1a con el candidato Mart\u00edn Gill donde acompa\u00f1aron la f\u00f3rmula, seg\u00fan la p\u00e1gina de la Municipalidad, aunque desde dichos sectores no realizaron ning\u00fan anuncio p\u00fablico ni declaraci\u00f3n al respecto.<\/span><\/p>\n<\/div>\n<\/div>\n","protected":false},"excerpt":{"rendered":"<p>Medios locales organizaron debates con los candidatos y gremios de la ciudad acompa\u00f1aron en un acto a Mart\u00edn Gill. Mart\u00edn Gill, perteneciente a Hacemos por C\u00f3rdoba, sali\u00f3 reelecto intendente de la ciudad con el 54,7% de los votos. El espacio tambi\u00e9n fue acompa\u00f1ado por sectores del Kirchnerismo local como Eduardo Accastello, y el Radicalismo Alfonsinista [&hellip;]<\/p>\n","protected":false},"author":2,"featured_media":394,"comment_status":"open","ping_status":"open","sticky":false,"template":"","format":"standard","meta":{"_exactmetrics_skip_tracking":false,"_exactmetrics_sitenote_active":false,"_exactmetrics_sitenote_note":"","_exactmetrics_sitenote_category":0,"jnews-multi-image_gallery":[],"jnews_single_post":{"source_name":"","source_url":"","via_name":"","via_url":"","override_template":"0","override":[{"template":"1","single_blog_custom":"","parallax":"1","fullscreen":"0","layout":"right-sidebar","sidebar":"default-sidebar","second_sidebar":"default-sidebar","sticky_sidebar":"1","share_position":"top","share_float_style":"share-monocrhome","show_share_counter":"1","show_view_counter":"1","show_featured":"1","show_post_meta":"1","show_post_author":"1","show_post_author_image":"1","show_post_date":"1","post_date_format":"default","post_date_format_custom":"Y\/m\/d","show_post_category":"1","show_post_reading_time":"0","post_reading_time_wpm":"300","show_zoom_button":"0","zoom_button_out_step":"2","zoom_button_in_step":"3","show_post_tag":"1","show_prev_next_post":"1","show_popup_post":"1","number_popup_post":"1","show_author_box":"0","show_post_related":"0","show_inline_post_related":"0"}],"override_image_size":"0","image_override":[{"single_post_thumbnail_size":"crop-500","single_post_gallery_size":"crop-500"}],"trending_post":"0","trending_post_position":"meta","trending_post_label":"Trending"},"jnews_primary_category":{"id":"22"},"jnews_social_meta":{"fb_title":"","fb_description":"","fb_image":"","twitter_title":"","twitter_description":"","twitter_image":""},"jnews_override_counter":{"override_view_counter":"0","view_counter_number":"0","override_share_counter":"0","share_counter_number":"0","override_like_counter":"0","like_counter_number":"0","override_dislike_counter":"0","dislike_counter_number":"0"},"_joinchat":[],"footnotes":""},"categories":[22],"tags":[38,39],"class_list":["post-393","post","type-post","status-publish","format-standard","has-post-thumbnail","hentry","category-actualidad","tag-edicion-3","tag-gobierno"],"_links":{"self":[{"href":"https:\/\/tribunavm.com.ar\/index.php\/wp-json\/wp\/v2\/posts\/393"}],"collection":[{"href":"https:\/\/tribunavm.com.ar\/index.php\/wp-json\/wp\/v2\/posts"}],"about":[{"href":"https:\/\/tribunavm.com.ar\/index.php\/wp-json\/wp\/v2\/types\/post"}],"author":[{"embeddable":true,"href":"https:\/\/tribunavm.com.ar\/index.php\/wp-json\/wp\/v2\/users\/2"}],"replies":[{"embeddable":true,"href":"https:\/\/tribunavm.com.ar\/index.php\/wp-json\/wp\/v2\/comments?post=393"}],"version-history":[{"count":3,"href":"https:\/\/tribunavm.com.ar\/index.php\/wp-json\/wp\/v2\/posts\/393\/revisions"}],"predecessor-version":[{"id":400,"href":"https:\/\/tribunavm.com.ar\/index.php\/wp-json\/wp\/v2\/posts\/393\/revisions\/400"}],"wp:featuredmedia":[{"embeddable":true,"href":"https:\/\/tribunavm.com.ar\/index.php\/wp-json\/wp\/v2\/media\/394"}],"wp:attachment":[{"href":"https:\/\/tribunavm.com.ar\/index.php\/wp-json\/wp\/v2\/media?parent=393"}],"wp:term":[{"taxonomy":"category","embeddable":true,"href":"https:\/\/tribunavm.com.ar\/index.php\/wp-json\/wp\/v2\/categories?post=393"},{"taxonomy":"post_tag","embeddable":true,"href":"https:\/\/tribunavm.com.ar\/index.php\/wp-json\/wp\/v2\/tags?post=393"}],"curies":[{"name":"wp","href":"https:\/\/api.w.org\/{rel}","templated":true}]}}