{"id":3959,"date":"2021-08-15T23:48:42","date_gmt":"2021-08-15T23:48:42","guid":{"rendered":"https:\/\/tribunavm.com.ar\/?p=3959"},"modified":"2021-08-16T01:00:36","modified_gmt":"2021-08-16T01:00:36","slug":"precarizacion-en-el-hospital-pasteur","status":"publish","type":"post","link":"https:\/\/tribunavm.com.ar\/index.php\/2021\/08\/15\/precarizacion-en-el-hospital-pasteur\/","title":{"rendered":"Precarizaci\u00f3n en el Hospital Pasteur"},"content":{"rendered":"<div class=\"row clearfix\">\n<div class=\"col-md-8\">\n<div class=\"intro-text\">\n<p><span style=\"font-weight: 400;\">La semana pasada trabajadores de la salud realizaron una concentraci\u00f3n en la plaza Centenario de la ciudad de Villa Mar\u00eda en reclamo de las condiciones laborales y exigiendo un aumento salarial del 45%. Tambi\u00e9n se realiz\u00f3 un paro en el Hospital Garrahan de CABA.\u00a0<\/span><\/p>\n<\/div>\n<p><span style=\"font-weight: 400;\">Trabajadores del Hospital Pasteur se concentraron el jueves en la plaza exigiendo al gobierno provincial la apertura de paritaria del sector que venci\u00f3 a finales del mes pasado, a su vez reclaman un aumento salarial del 45%, y el pase a planta permanente de decenas de trabajadores que se encuentran hace a\u00f1os en situaci\u00f3n de vulnerabilidad.<\/span><\/p>\n<p><span style=\"font-weight: 400;\">Pablo Palacios, delegado estatal de Salud coment\u00f3 a este medio que la situaci\u00f3n ya no da para m\u00e1s, \u201cel gobierno provincial debe dejar de mirar para el costado,\u00a0 los trabajadores de salud que venimos hace dos a\u00f1os enfrentando la pandemia con salarios de pobreza y con precarias condiciones laborales\u201d.\u00a0<\/span><\/p>\n<blockquote class=\"pullquote align-center\"><p><b>\u201cNo necesitamos fotitos, necesitamos que nuestros bolsillos salgan de la pobreza y tengan un salario digno, hace m\u00e1s de 18 meses venimos luchando incansablemente y estamos siendo castigados, es una verg\u00fcenza que debamos salir a pelear por condiciones b\u00e1sicas que deber\u00edamos tener porque son derechos ganados como trabajadores\u201d<\/b><span style=\"font-weight: 400;\">, denunci\u00f3 Palacios<\/span><b>.<\/b><\/p>\n<figure id=\"attachment_3960\" aria-describedby=\"caption-attachment-3960\" style=\"width: 750px\" class=\"wp-caption aligncenter\"><img loading=\"lazy\" decoding=\"async\" class=\"wp-image-3960 size-jnews-featured-750\" src=\"https:\/\/tribunavm.com.ar\/wp-content\/uploads\/2021\/08\/DSC_0373-1-750x500.jpg\" alt=\"\" width=\"750\" height=\"500\" srcset=\"https:\/\/tribunavm.com.ar\/wp-content\/uploads\/2021\/08\/DSC_0373-1-750x500.jpg 750w, https:\/\/tribunavm.com.ar\/wp-content\/uploads\/2021\/08\/DSC_0373-1-300x200.jpg 300w, https:\/\/tribunavm.com.ar\/wp-content\/uploads\/2021\/08\/DSC_0373-1-1024x683.jpg 1024w, https:\/\/tribunavm.com.ar\/wp-content\/uploads\/2021\/08\/DSC_0373-1-768x512.jpg 768w, https:\/\/tribunavm.com.ar\/wp-content\/uploads\/2021\/08\/DSC_0373-1-1536x1024.jpg 1536w, https:\/\/tribunavm.com.ar\/wp-content\/uploads\/2021\/08\/DSC_0373-1-2048x1365.jpg 2048w, https:\/\/tribunavm.com.ar\/wp-content\/uploads\/2021\/08\/DSC_0373-1-1140x760.jpg 1140w\" sizes=\"(max-width: 750px) 100vw, 750px\" \/><figcaption id=\"caption-attachment-3960\" class=\"wp-caption-text\">Pablo Palacios, delegado estatal de ATSA<\/figcaption><\/figure><\/blockquote>\n<p><span style=\"font-weight: 400;\">En este marco se hicieron presente distintos trabajadores que remarcaron la presi\u00f3n constante que se est\u00e1 ejerciendo a los contratados. Muchos de ellos no se manifiestan por amenazas de los directivos, sumado al cansancio que sufren debido a los magros sueldos debiendo buscar varias fuentes laborales para poder cubrir la canasta familiar.\u00a0<\/span><\/p>\n<p><span style=\"color: #ff9900;\"><b>Paro de 48 horas en el Hospital Garrahan<\/b><\/span><\/p>\n<p><span style=\"font-weight: 400;\">Los trabajadores del hospital Garrahan convocaron a un paro de 48 horas que se llev\u00f3 a cabo el jueves y viernes de la semana pasada en reclamo de mejoras salariales y situaci\u00f3n laboral.<\/span><\/p>\n<p><span style=\"font-weight: 400;\">Diego Saavedra, t\u00e9cnico del servicio de esterilizaci\u00f3n y delegado de la Junta Interna de ATE, dijo a Tribuna: \u201cla canasta b\u00e1sica aument\u00f3 de un mes a otro a $106 mil pesos, hay un contexto inflacionario descontrolado que nos est\u00e1 aplastando\u201d<\/span><\/p>\n<p><img loading=\"lazy\" decoding=\"async\" class=\"aligncenter wp-image-3934 size-jnews-750x536\" src=\"https:\/\/tribunavm.com.ar\/wp-content\/uploads\/2021\/08\/cf89c6cd-6214-4666-ad33-5c74684bebe7-1-750x536.jpg\" alt=\"\" width=\"750\" height=\"536\" srcset=\"https:\/\/tribunavm.com.ar\/wp-content\/uploads\/2021\/08\/cf89c6cd-6214-4666-ad33-5c74684bebe7-1-750x536.jpg 750w, https:\/\/tribunavm.com.ar\/wp-content\/uploads\/2021\/08\/cf89c6cd-6214-4666-ad33-5c74684bebe7-1-120x86.jpg 120w, https:\/\/tribunavm.com.ar\/wp-content\/uploads\/2021\/08\/cf89c6cd-6214-4666-ad33-5c74684bebe7-1-350x250.jpg 350w\" sizes=\"(max-width: 750px) 100vw, 750px\" \/><\/p>\n<p><span style=\"font-weight: 400;\">Tambi\u00e9n se est\u00e1n planteando pr\u00f3ximas movilizaciones para que el directorio del hospital y el gobierno abonen a levantar los salarios que son arrastrados y quedan lejos de poder recomponer el poder adquisitivo.\u00a0<\/span><\/p>\n<p><span style=\"font-weight: 400;\">Desde el comienzo de la pandemia, trabajadores\/as de la salud de todo el pa\u00eds vienen reclamando el reconocimiento de la labor que vienen cumpliendo desde hace un a\u00f1o y medio. La respuesta de las patronales y el Estado sigue siendo insuficiente para resolver la situaci\u00f3n.\u00a0<\/span><\/p>\n<\/div>\n<\/div>\n","protected":false},"excerpt":{"rendered":"<p>La semana pasada trabajadores de la salud realizaron una concentraci\u00f3n en la plaza Centenario de la ciudad de Villa Mar\u00eda en reclamo de las condiciones laborales y exigiendo un aumento salarial del 45%. Tambi\u00e9n se realiz\u00f3 un paro en el Hospital Garrahan de CABA.\u00a0 Trabajadores del Hospital Pasteur se concentraron el jueves en la plaza [&hellip;]<\/p>\n","protected":false},"author":2,"featured_media":3961,"comment_status":"open","ping_status":"open","sticky":false,"template":"","format":"standard","meta":{"_exactmetrics_skip_tracking":false,"_exactmetrics_sitenote_active":false,"_exactmetrics_sitenote_note":"","_exactmetrics_sitenote_category":0,"jnews-multi-image_gallery":[],"jnews_single_post":{"source_name":"","source_url":"","via_name":"","via_url":"","override_template":"0","override":[{"template":"1","single_blog_custom":"","parallax":"1","fullscreen":"1","layout":"right-sidebar","sidebar":"default-sidebar","second_sidebar":"default-sidebar","sticky_sidebar":"1","share_position":"top","share_float_style":"share-monocrhome","show_share_counter":"1","show_view_counter":"1","show_featured":"1","show_post_meta":"1","show_post_author":"1","show_post_author_image":"1","show_post_date":"1","post_date_format":"default","post_date_format_custom":"Y\/m\/d","show_post_category":"1","show_post_reading_time":"0","post_reading_time_wpm":"300","show_zoom_button":"0","zoom_button_out_step":"2","zoom_button_in_step":"3","show_post_tag":"1","show_prev_next_post":"1","show_popup_post":"1","number_popup_post":"1","show_author_box":"0","show_post_related":"0","show_inline_post_related":"0"}],"override_image_size":"0","image_override":[{"single_post_thumbnail_size":"crop-500","single_post_gallery_size":"crop-500"}],"trending_post":"0","trending_post_position":"meta","trending_post_label":"Trending","sponsored_post":"0","sponsored_post_label":"Sponsored by","sponsored_post_name":"","sponsored_post_url":"","sponsored_post_logo_enable":"0","sponsored_post_logo":"","sponsored_post_desc":""},"jnews_primary_category":{"id":"22"},"jnews_social_meta":{"fb_title":"","fb_description":"","fb_image":"","twitter_title":"","twitter_description":"","twitter_image":""},"jnews_override_counter":{"override_view_counter":"0","view_counter_number":"0","override_share_counter":"0","share_counter_number":"0","override_like_counter":"0","like_counter_number":"0","override_dislike_counter":"0","dislike_counter_number":"0"},"_joinchat":[],"footnotes":""},"categories":[22],"tags":[175,68,35],"class_list":["post-3959","post","type-post","status-publish","format-standard","has-post-thumbnail","hentry","category-actualidad","tag-edicion-65","tag-salud","tag-trabajadores"],"_links":{"self":[{"href":"https:\/\/tribunavm.com.ar\/index.php\/wp-json\/wp\/v2\/posts\/3959"}],"collection":[{"href":"https:\/\/tribunavm.com.ar\/index.php\/wp-json\/wp\/v2\/posts"}],"about":[{"href":"https:\/\/tribunavm.com.ar\/index.php\/wp-json\/wp\/v2\/types\/post"}],"author":[{"embeddable":true,"href":"https:\/\/tribunavm.com.ar\/index.php\/wp-json\/wp\/v2\/users\/2"}],"replies":[{"embeddable":true,"href":"https:\/\/tribunavm.com.ar\/index.php\/wp-json\/wp\/v2\/comments?post=3959"}],"version-history":[{"count":2,"href":"https:\/\/tribunavm.com.ar\/index.php\/wp-json\/wp\/v2\/posts\/3959\/revisions"}],"predecessor-version":[{"id":3995,"href":"https:\/\/tribunavm.com.ar\/index.php\/wp-json\/wp\/v2\/posts\/3959\/revisions\/3995"}],"wp:featuredmedia":[{"embeddable":true,"href":"https:\/\/tribunavm.com.ar\/index.php\/wp-json\/wp\/v2\/media\/3961"}],"wp:attachment":[{"href":"https:\/\/tribunavm.com.ar\/index.php\/wp-json\/wp\/v2\/media?parent=3959"}],"wp:term":[{"taxonomy":"category","embeddable":true,"href":"https:\/\/tribunavm.com.ar\/index.php\/wp-json\/wp\/v2\/categories?post=3959"},{"taxonomy":"post_tag","embeddable":true,"href":"https:\/\/tribunavm.com.ar\/index.php\/wp-json\/wp\/v2\/tags?post=3959"}],"curies":[{"name":"wp","href":"https:\/\/api.w.org\/{rel}","templated":true}]}}