{"id":3973,"date":"2021-08-16T00:19:58","date_gmt":"2021-08-16T00:19:58","guid":{"rendered":"https:\/\/tribunavm.com.ar\/?p=3973"},"modified":"2021-08-16T01:02:18","modified_gmt":"2021-08-16T01:02:18","slug":"condiciones-de-vida-en-argentina-2","status":"publish","type":"post","link":"https:\/\/tribunavm.com.ar\/index.php\/2021\/08\/16\/condiciones-de-vida-en-argentina-2\/","title":{"rendered":"Condiciones de vida en Argentina"},"content":{"rendered":"<div class=\"row clearfix\">\n<div class=\"col-md-8\">\n<h3><span style=\"font-weight: 400; color: #ff9900;\">La inflaci\u00f3n alcanz\u00f3 el 29%<\/span><\/h3>\n<p>&nbsp;<\/p>\n<p><span style=\"font-weight: 400;\"><span class=\"dropcap \" style=\"background-color: #ffffff; color: #dd9933; border-color: #ffffff;\">E<\/span>ste jueves el Indec difundi\u00f3 los datos de inflaci\u00f3n de julio. El incremento observado mensual fue del 3%. Mientras que, para la variaci\u00f3n a julio del 2020 fue del 51,8% y la inflaci\u00f3n del 2021 ya alcanz\u00f3 el 29,1%.<\/span><\/p>\n<p><span style=\"font-weight: 400;\">El Centro de Almaceneros de C\u00f3rdoba difundi\u00f3 que la inflaci\u00f3n en la provincia fue del 2,93% y calcul\u00f3 que la Canasta B\u00e1sica Total debiera alcanzar los $70.599.<\/span><\/p>\n<p><span style=\"font-weight: 400;\">La divisi\u00f3n de mayor incremento en el mes fue Restaurantes y hoteles (+4,8%) en tanto que la suba en Alimentos y bebidas no alcoh\u00f3licas (+3,4%) fue la de mayor incidencia en todas las regiones.<\/span><\/p>\n<h3><span style=\"font-weight: 400; color: #ff9900;\">Los salarios por debajo de la inflaci\u00f3n<\/span><\/h3>\n<p><img loading=\"lazy\" decoding=\"async\" class=\"aligncenter wp-image-3975 size-jnews-750x536\" src=\"https:\/\/tribunavm.com.ar\/wp-content\/uploads\/2021\/08\/Indice-salarios-1-750x530.jpg\" alt=\"\" width=\"750\" height=\"530\" srcset=\"https:\/\/tribunavm.com.ar\/wp-content\/uploads\/2021\/08\/Indice-salarios-1-750x530.jpg 750w, https:\/\/tribunavm.com.ar\/wp-content\/uploads\/2021\/08\/Indice-salarios-1-120x86.jpg 120w\" sizes=\"(max-width: 750px) 100vw, 750px\" \/><\/p>\n<p><span style=\"font-weight: 400;\"><span class=\"dropcap \" style=\"background-color: #ffffff; color: #dd9933; border-color: #ffffff;\">L<\/span>a semana pasada se difundieron los datos del \u00cdndice de Salarios Total y mostraron un crecimiento del 2,3% en junio 2021 respecto a mayo.<\/span><\/p>\n<p><span style=\"font-weight: 400;\">En paralelo tuvieron un crecimiento del 43% en los \u00faltimos 12 meses. Los salarios del sector registrado subieron en el orden de 2,5%, mientras que el sector privado no registrado (informales) se movi\u00f3 a un ritmo de 1,2%, quedando muy por detr\u00e1s de la inflaci\u00f3n.<\/span><\/p>\n<p><span style=\"font-weight: 400;\">Para el caso, la inflaci\u00f3n de junio fue del 3,2% y tuvo un incremento acumulado del 25,3%. El \u00edndice acumul\u00f3 en el primer semestre un aumento del 22,8% perdiendo 2,5 puntos porcentuales frente a la misma.<\/span><\/p>\n<h3><span style=\"font-weight: 400; color: #ff9900;\">El 49,6% de los argentinos son pobres<\/span><\/h3>\n<p><span style=\"font-weight: 400;\"><span class=\"dropcap \" style=\"background-color: #ffffff; color: #dd9933; border-color: #ffffff;\">E<\/span>n el pa\u00eds la pobreza alcanza a 22,7 millones de personas. Los datos surgen de un relevamiento de pobreza multidimensional que abarca factores como vivienda, empleo y salud.<\/span><\/p>\n<p><span style=\"font-weight: 400;\">La medici\u00f3n indica que se pas\u00f3 de 28,8% en el primer semestre de 2019 hasta alcanzar un 47% en la primera mitad del 2020.<\/span><\/p>\n<p><span style=\"font-weight: 400;\">Los datos corresponden al Consejo Nacional de Coordinaci\u00f3n de Pol\u00edticas Sociales, organismo oficial del Estado.<\/span><\/p>\n<\/div>\n<\/div>\n","protected":false},"excerpt":{"rendered":"<p>La inflaci\u00f3n alcanz\u00f3 el 29% &nbsp; Este jueves el Indec difundi\u00f3 los datos de inflaci\u00f3n de julio. El incremento observado mensual fue del 3%. Mientras que, para la variaci\u00f3n a julio del 2020 fue del 51,8% y la inflaci\u00f3n del 2021 ya alcanz\u00f3 el 29,1%. El Centro de Almaceneros de C\u00f3rdoba difundi\u00f3 que la inflaci\u00f3n [&hellip;]<\/p>\n","protected":false},"author":2,"featured_media":3974,"comment_status":"open","ping_status":"open","sticky":false,"template":"","format":"standard","meta":{"_exactmetrics_skip_tracking":false,"_exactmetrics_sitenote_active":false,"_exactmetrics_sitenote_note":"","_exactmetrics_sitenote_category":0,"jnews-multi-image_gallery":[],"jnews_single_post":{"source_name":"","source_url":"","via_name":"","via_url":"","override_template":"0","override":[{"template":"1","single_blog_custom":"","parallax":"1","fullscreen":"1","layout":"right-sidebar","sidebar":"default-sidebar","second_sidebar":"default-sidebar","sticky_sidebar":"1","share_position":"top","share_float_style":"share-monocrhome","show_share_counter":"1","show_view_counter":"1","show_featured":"1","show_post_meta":"1","show_post_author":"1","show_post_author_image":"1","show_post_date":"1","post_date_format":"default","post_date_format_custom":"Y\/m\/d","show_post_category":"1","show_post_reading_time":"0","post_reading_time_wpm":"300","show_zoom_button":"0","zoom_button_out_step":"2","zoom_button_in_step":"3","show_post_tag":"1","show_prev_next_post":"1","show_popup_post":"1","number_popup_post":"1","show_author_box":"0","show_post_related":"0","show_inline_post_related":"0"}],"override_image_size":"0","image_override":[{"single_post_thumbnail_size":"crop-500","single_post_gallery_size":"crop-500"}],"trending_post":"0","trending_post_position":"meta","trending_post_label":"Trending","sponsored_post":"0","sponsored_post_label":"Sponsored by","sponsored_post_name":"","sponsored_post_url":"","sponsored_post_logo_enable":"0","sponsored_post_logo":"","sponsored_post_desc":""},"jnews_primary_category":{"id":"22"},"jnews_social_meta":{"fb_title":"","fb_description":"","fb_image":"","twitter_title":"","twitter_description":"","twitter_image":""},"jnews_override_counter":{"override_view_counter":"0","view_counter_number":"0","override_share_counter":"0","share_counter_number":"0","override_like_counter":"0","like_counter_number":"0","override_dislike_counter":"0","dislike_counter_number":"0"},"_joinchat":[],"footnotes":""},"categories":[22],"tags":[109,175,177,145,35],"class_list":["post-3973","post","type-post","status-publish","format-standard","has-post-thumbnail","hentry","category-actualidad","tag-condiciones-de-vida","tag-edicion-65","tag-pobreza","tag-salarios","tag-trabajadores"],"_links":{"self":[{"href":"https:\/\/tribunavm.com.ar\/index.php\/wp-json\/wp\/v2\/posts\/3973"}],"collection":[{"href":"https:\/\/tribunavm.com.ar\/index.php\/wp-json\/wp\/v2\/posts"}],"about":[{"href":"https:\/\/tribunavm.com.ar\/index.php\/wp-json\/wp\/v2\/types\/post"}],"author":[{"embeddable":true,"href":"https:\/\/tribunavm.com.ar\/index.php\/wp-json\/wp\/v2\/users\/2"}],"replies":[{"embeddable":true,"href":"https:\/\/tribunavm.com.ar\/index.php\/wp-json\/wp\/v2\/comments?post=3973"}],"version-history":[{"count":2,"href":"https:\/\/tribunavm.com.ar\/index.php\/wp-json\/wp\/v2\/posts\/3973\/revisions"}],"predecessor-version":[{"id":3996,"href":"https:\/\/tribunavm.com.ar\/index.php\/wp-json\/wp\/v2\/posts\/3973\/revisions\/3996"}],"wp:featuredmedia":[{"embeddable":true,"href":"https:\/\/tribunavm.com.ar\/index.php\/wp-json\/wp\/v2\/media\/3974"}],"wp:attachment":[{"href":"https:\/\/tribunavm.com.ar\/index.php\/wp-json\/wp\/v2\/media?parent=3973"}],"wp:term":[{"taxonomy":"category","embeddable":true,"href":"https:\/\/tribunavm.com.ar\/index.php\/wp-json\/wp\/v2\/categories?post=3973"},{"taxonomy":"post_tag","embeddable":true,"href":"https:\/\/tribunavm.com.ar\/index.php\/wp-json\/wp\/v2\/tags?post=3973"}],"curies":[{"name":"wp","href":"https:\/\/api.w.org\/{rel}","templated":true}]}}