{"id":4029,"date":"2021-08-22T23:07:23","date_gmt":"2021-08-22T23:07:23","guid":{"rendered":"https:\/\/tribunavm.com.ar\/?p=4029"},"modified":"2021-08-23T01:35:48","modified_gmt":"2021-08-23T01:35:48","slug":"reduccion-de-la-jornada-en-agenda","status":"publish","type":"post","link":"https:\/\/tribunavm.com.ar\/index.php\/2021\/08\/22\/reduccion-de-la-jornada-en-agenda\/","title":{"rendered":"Reducci\u00f3n de la jornada en agenda"},"content":{"rendered":"<div class=\"row clearfix\">\n<div class=\"col-md-8\">\n<div class=\"intro-text\">\n<p><span style=\"font-weight: 400;\">El debate por la reducci\u00f3n de la jornada laboral contin\u00faa zanjando posicionamientos a favor y en contra de los proyectos presentados en el Congreso.<\/span><\/p>\n<\/div>\n<p><span style=\"font-weight: 400;\"><span class=\"dropcap \" style=\"background-color: #ffffff; color: #dd9933; border-color: #ffffff;\">E<\/span>l ministro de Desarrollo Productivo, Mat\u00edas Kulfas, en declaraciones con la radio AM750, desestim\u00f3 la posibilidad de implementar una reducci\u00f3n de la jornada: &#8220;En muchos de los pa\u00edses en los que se estaba implementando, hab\u00eda una reducci\u00f3n de la jornada laboral con una reducci\u00f3n del salario. Esto es impensable ac\u00e1. En la Argentina tenemos salarios bajos muy golpeados, con lo cual reducir la jornada laboral eso no es posible&#8221;.<\/span><\/p>\n<p><span style=\"font-weight: 400;\">El Consejo Directivo de la Confederaci\u00f3n General del Trabajo (CGT) se reuni\u00f3 esta semana, luego de seis meses de inactividad, para debatir los proyectos de ley presentados por Hugo Yasky y Claudio Ormaechea. Andr\u00e9s Rodr\u00edguez, secretario general de la Uni\u00f3n de Personal Civil de la Naci\u00f3n (UPCN), defini\u00f3 la iniciativa como &#8220;prematura&#8221;.\u00a0<\/span><\/p>\n<p><span style=\"font-weight: 400;\">Por otra parte, el titular del sindicato ferroviario, La Fraternidad, Omar Maturano, por su parte asegur\u00f3: &#8220;No estamos en contra de pasar a un r\u00e9gimen de seis horas en otros rubros, es una manera de generar mayor empleo pero tambi\u00e9n hay otros caminos&#8221;.<\/span><\/p>\n<p><span style=\"font-weight: 400;\">Por su lado, la Bolsa de Comercio de C\u00f3rdoba realiz\u00f3 un estudio en donde afirma que el aumento en los costos laborales que supondr\u00eda una reducci\u00f3n de las horas trabajadas en realidad perjudicar\u00eda a los trabajadores y a la creaci\u00f3n de empleo. En el informe, la Bolsa critica los proyectos presentados en el Congreso, al indicar que estos argumentan incorrectamente que la jornada laboral en el pa\u00eds es de las m\u00e1s extensas de la regi\u00f3n y que una reducci\u00f3n de esta puede aumentar la productividad.<\/span><\/p>\n<p><span style=\"font-weight: 400;\">Por el contrario, los autores afirman que en la Argentina es poco el tiempo trabajado en relaci\u00f3n al nivel de desarrollo en comparaci\u00f3n con otros pa\u00edses con jornadas que se extienden lo mismo o m\u00e1s que las 48 horas semanales establecidas en la legislaci\u00f3n laboral nacional.<\/span><\/p>\n<p><span style=\"font-weight: 400;\">Sostienen que los pa\u00edses que implementaron estos proyectos lo hicieron luego de un proceso sostenido de crecimiento econ\u00f3mico y productividad. De aprobarse alguno de estos proyectos, el informe asegur\u00e1 que \u201cel costo laboral por hora aumentar\u00eda 33,3% por la nueva jornada legal y 50% si se mantuviera la jornada efectiva y se pagaran horas extra&#8221;.<\/span><\/p>\n<\/div>\n<\/div>\n","protected":false},"excerpt":{"rendered":"<p>El debate por la reducci\u00f3n de la jornada laboral contin\u00faa zanjando posicionamientos a favor y en contra de los proyectos presentados en el Congreso. El ministro de Desarrollo Productivo, Mat\u00edas Kulfas, en declaraciones con la radio AM750, desestim\u00f3 la posibilidad de implementar una reducci\u00f3n de la jornada: &#8220;En muchos de los pa\u00edses en los que [&hellip;]<\/p>\n","protected":false},"author":2,"featured_media":4030,"comment_status":"open","ping_status":"open","sticky":false,"template":"","format":"standard","meta":{"_exactmetrics_skip_tracking":false,"_exactmetrics_sitenote_active":false,"_exactmetrics_sitenote_note":"","_exactmetrics_sitenote_category":0,"jnews-multi-image_gallery":[],"jnews_single_post":{"source_name":"","source_url":"","via_name":"","via_url":"","override_template":"0","override":[{"template":"1","single_blog_custom":"","parallax":"1","fullscreen":"1","layout":"right-sidebar","sidebar":"default-sidebar","second_sidebar":"default-sidebar","sticky_sidebar":"1","share_position":"top","share_float_style":"share-monocrhome","show_share_counter":"1","show_view_counter":"1","show_featured":"1","show_post_meta":"1","show_post_author":"1","show_post_author_image":"1","show_post_date":"1","post_date_format":"default","post_date_format_custom":"Y\/m\/d","show_post_category":"1","show_post_reading_time":"0","post_reading_time_wpm":"300","show_zoom_button":"0","zoom_button_out_step":"2","zoom_button_in_step":"3","show_post_tag":"1","show_prev_next_post":"1","show_popup_post":"1","number_popup_post":"1","show_author_box":"0","show_post_related":"0","show_inline_post_related":"0"}],"override_image_size":"0","image_override":[{"single_post_thumbnail_size":"crop-500","single_post_gallery_size":"crop-500"}],"trending_post":"0","trending_post_position":"meta","trending_post_label":"Trending","sponsored_post":"0","sponsored_post_label":"Sponsored by","sponsored_post_name":"","sponsored_post_url":"","sponsored_post_logo_enable":"0","sponsored_post_logo":"","sponsored_post_desc":""},"jnews_primary_category":{"id":"22"},"jnews_social_meta":{"fb_title":"","fb_description":"","fb_image":"","twitter_title":"","twitter_description":"","twitter_image":""},"jnews_override_counter":{"override_view_counter":"0","view_counter_number":"0","override_share_counter":"0","share_counter_number":"0","override_like_counter":"0","like_counter_number":"0","override_dislike_counter":"0","dislike_counter_number":"0"},"_joinchat":[],"footnotes":""},"categories":[22],"tags":[183,182,35],"class_list":["post-4029","post","type-post","status-publish","format-standard","has-post-thumbnail","hentry","category-actualidad","tag-condiciones-de-trabajo","tag-edicion-66","tag-trabajadores"],"_links":{"self":[{"href":"https:\/\/tribunavm.com.ar\/index.php\/wp-json\/wp\/v2\/posts\/4029"}],"collection":[{"href":"https:\/\/tribunavm.com.ar\/index.php\/wp-json\/wp\/v2\/posts"}],"about":[{"href":"https:\/\/tribunavm.com.ar\/index.php\/wp-json\/wp\/v2\/types\/post"}],"author":[{"embeddable":true,"href":"https:\/\/tribunavm.com.ar\/index.php\/wp-json\/wp\/v2\/users\/2"}],"replies":[{"embeddable":true,"href":"https:\/\/tribunavm.com.ar\/index.php\/wp-json\/wp\/v2\/comments?post=4029"}],"version-history":[{"count":1,"href":"https:\/\/tribunavm.com.ar\/index.php\/wp-json\/wp\/v2\/posts\/4029\/revisions"}],"predecessor-version":[{"id":4031,"href":"https:\/\/tribunavm.com.ar\/index.php\/wp-json\/wp\/v2\/posts\/4029\/revisions\/4031"}],"wp:featuredmedia":[{"embeddable":true,"href":"https:\/\/tribunavm.com.ar\/index.php\/wp-json\/wp\/v2\/media\/4030"}],"wp:attachment":[{"href":"https:\/\/tribunavm.com.ar\/index.php\/wp-json\/wp\/v2\/media?parent=4029"}],"wp:term":[{"taxonomy":"category","embeddable":true,"href":"https:\/\/tribunavm.com.ar\/index.php\/wp-json\/wp\/v2\/categories?post=4029"},{"taxonomy":"post_tag","embeddable":true,"href":"https:\/\/tribunavm.com.ar\/index.php\/wp-json\/wp\/v2\/tags?post=4029"}],"curies":[{"name":"wp","href":"https:\/\/api.w.org\/{rel}","templated":true}]}}