{"id":4120,"date":"2021-09-05T23:22:50","date_gmt":"2021-09-05T23:22:50","guid":{"rendered":"https:\/\/tribunavm.com.ar\/?p=4120"},"modified":"2021-09-05T23:22:50","modified_gmt":"2021-09-05T23:22:50","slug":"cgt-otorgo-pleno-apoyo-al-gobierno-de-fernandez","status":"publish","type":"post","link":"https:\/\/tribunavm.com.ar\/index.php\/2021\/09\/05\/cgt-otorgo-pleno-apoyo-al-gobierno-de-fernandez\/","title":{"rendered":"CGT otorg\u00f3 pleno apoyo al Gobierno de Fern\u00e1ndez"},"content":{"rendered":"<div class=\"row clearfix\">\n<div class=\"col-md-8\">\n<div class=\"intro-text\">\n<p><span style=\"font-weight: 400;\">H\u00e9ctor Daer, titular de la CGT, consider\u00f3 que la reconstrucci\u00f3n del pa\u00eds vendr\u00e1 con la recuperaci\u00f3n del poder adquisitivo del salario e imagina \u201cun Alberto Fern\u00e1ndez 2023\u201d.<\/span><\/p>\n<\/div>\n<p><span style=\"font-weight: 400;\"><span class=\"dropcap \" style=\"background-color: #ffffff; color: #dd9933; border-color: #ffffff;\">E<\/span>l lunes pasado la c\u00fapula de la Confederaci\u00f3n General del Trabajo (CGT), mantuvo un encuentro en Casa Rosada con el presidente Alberto Fern\u00e1ndez, y sus principales ministros. Durante la reuni\u00f3n se abordaron temas referidos a trabajo, desarrollo, empleo y producci\u00f3n.<\/span><\/p>\n<p><span style=\"font-weight: 400;\">El titular de la CGT, H\u00e9ctor Daer, declar\u00f3 ante periodistas que del encuentro se evalu\u00f3 \u201cla salida de la pandemia\u201d la cual \u201cestamos viendo con una perspectiva y un potencial enorme\u201d.<\/span><\/p>\n<p><span style=\"font-weight: 400;\">Respecto a las paritarias, indic\u00f3 que la CGT contin\u00faa \u201ccon el mismo compromiso\u201d de que los acuerdos \u201csuperen el \u00edndice de inflaci\u00f3n\u201d.<\/span><\/p>\n<p><span style=\"font-weight: 400;\">Adem\u00e1s, el cegetista remarc\u00f3 que \u201cla reuni\u00f3n fue una demostraci\u00f3n de apoyo del movimiento sindical al Presidente. Le dijimos que nosotros no nos equivocamos, que el rumbo es \u00e9ste y que lo vamos a apoyar\u201d.\u00a0<\/span><\/p>\n<p><span style=\"font-weight: 400;\">\u201cDesde la CGT sabemos que tenemos que acompa\u00f1ar y que tenemos un rol muy importante. Nosotros somos quienes sostenemos la disputa distributiva\u201d, sostuvo Daer. Al tiempo que remarc\u00f3 que Alberto Fern\u00e1ndez \u201ccomo nosotros coincidimos en que la forma de poner en marcha un mayor avance en la econom\u00eda es superando el poder adquisitivo de los salarios\u201d.\u00a0<\/span><\/p>\n<p><span style=\"font-weight: 400;\">\u201cLa realidad argentina hay que resolverla entre todos. M\u00e1s all\u00e1 de alguna mirada con uno u otro matiz, el que tiene la capacidad de generar acuerdos pol\u00edticos y sociales sustentables es el peronismo\u201d. \u201cImagino un Alberto Fern\u00e1ndez 2023\u2033, sentenci\u00f3.<\/span><\/p>\n<p><span style=\"font-weight: 400;\">En palabras de Sergio Romero, titular de la Uni\u00f3n Docentes Argentinos (UDA), a Tel\u00e1m, \u201cno se trat\u00f3 de un simple encuentro con el consejo directivo de la CGT sino con compa\u00f1eros y militantes que avalan la gesti\u00f3n de Gobierno\u201d, y resalt\u00f3 que durante varias horas \u201cse analizaron las preocupaciones de cada rama de actividad, los avances producidos y la problem\u00e1tica que afronta cada sector\u201d.<\/span><\/p>\n<p><span style=\"font-weight: 400;\">\u201cFue una reuni\u00f3n peronista. La CGT respald\u00f3 de plano ante el presidente a los candidatos del Frente de Todos en el pa\u00eds y reivindic\u00f3 la ayuda estatal producida en plena pandemia de coronavirus, como las ATP y los cambios en Ganancias\u201d, coment\u00f3.<\/span><\/p>\n<p><span style=\"font-weight: 400;\">Del encuentro participaron, por los sindicatos: Daer, Carlos Acu\u00f1a, Andr\u00e9s Rodr\u00edguez, Gerardo Mart\u00ednez, Armando Cavalieri, Jos\u00e9 Luis Lingieri, Antonio Cal\u00f3, Rodolfo Daer, Noem\u00ed Ruiz, Roberto Fern\u00e1ndez, Jorge Sola, V\u00edctor Santa Mar\u00eda, Sergio Romero, Robustiano Geneiro y Sebasti\u00e1n Maturano.<\/span><\/p>\n<p><span style=\"font-weight: 400;\">Por el Gobierno, el jefe de Gabinete, Santiago Cafiero; Cecilia Todesca; y Claudio Moroni.<\/span><\/p>\n<\/div>\n<\/div>\n","protected":false},"excerpt":{"rendered":"<p>H\u00e9ctor Daer, titular de la CGT, consider\u00f3 que la reconstrucci\u00f3n del pa\u00eds vendr\u00e1 con la recuperaci\u00f3n del poder adquisitivo del salario e imagina \u201cun Alberto Fern\u00e1ndez 2023\u201d. El lunes pasado la c\u00fapula de la Confederaci\u00f3n General del Trabajo (CGT), mantuvo un encuentro en Casa Rosada con el presidente Alberto Fern\u00e1ndez, y sus principales ministros. Durante [&hellip;]<\/p>\n","protected":false},"author":2,"featured_media":4121,"comment_status":"open","ping_status":"open","sticky":false,"template":"","format":"standard","meta":{"_exactmetrics_skip_tracking":false,"_exactmetrics_sitenote_active":false,"_exactmetrics_sitenote_note":"","_exactmetrics_sitenote_category":0,"jnews-multi-image_gallery":[],"jnews_single_post":{"source_name":"","source_url":"","via_name":"","via_url":"","override_template":"0","override":[{"template":"1","single_blog_custom":"","parallax":"1","fullscreen":"1","layout":"right-sidebar","sidebar":"default-sidebar","second_sidebar":"default-sidebar","sticky_sidebar":"1","share_position":"top","share_float_style":"share-monocrhome","show_share_counter":"1","show_view_counter":"1","show_featured":"1","show_post_meta":"1","show_post_author":"1","show_post_author_image":"1","show_post_date":"1","post_date_format":"default","post_date_format_custom":"Y\/m\/d","show_post_category":"1","show_post_reading_time":"0","post_reading_time_wpm":"300","show_zoom_button":"0","zoom_button_out_step":"2","zoom_button_in_step":"3","show_post_tag":"1","show_prev_next_post":"1","show_popup_post":"1","number_popup_post":"1","show_author_box":"0","show_post_related":"0","show_inline_post_related":"0"}],"override_image_size":"0","image_override":[{"single_post_thumbnail_size":"crop-500","single_post_gallery_size":"crop-500"}],"trending_post":"0","trending_post_position":"meta","trending_post_label":"Trending","sponsored_post":"0","sponsored_post_label":"Sponsored by","sponsored_post_name":"","sponsored_post_url":"","sponsored_post_logo_enable":"0","sponsored_post_logo":"","sponsored_post_desc":""},"jnews_primary_category":{"id":"22"},"jnews_social_meta":{"fb_title":"","fb_description":"","fb_image":"","twitter_title":"","twitter_description":"","twitter_image":""},"jnews_override_counter":{"override_view_counter":"0","view_counter_number":"0","override_share_counter":"0","share_counter_number":"0","override_like_counter":"0","like_counter_number":"0","override_dislike_counter":"0","dislike_counter_number":"0"},"_joinchat":[],"footnotes":""},"categories":[22],"tags":[190,189,39,35],"class_list":["post-4120","post","type-post","status-publish","format-standard","has-post-thumbnail","hentry","category-actualidad","tag-cgt","tag-edicion-68","tag-gobierno","tag-trabajadores"],"_links":{"self":[{"href":"https:\/\/tribunavm.com.ar\/index.php\/wp-json\/wp\/v2\/posts\/4120"}],"collection":[{"href":"https:\/\/tribunavm.com.ar\/index.php\/wp-json\/wp\/v2\/posts"}],"about":[{"href":"https:\/\/tribunavm.com.ar\/index.php\/wp-json\/wp\/v2\/types\/post"}],"author":[{"embeddable":true,"href":"https:\/\/tribunavm.com.ar\/index.php\/wp-json\/wp\/v2\/users\/2"}],"replies":[{"embeddable":true,"href":"https:\/\/tribunavm.com.ar\/index.php\/wp-json\/wp\/v2\/comments?post=4120"}],"version-history":[{"count":1,"href":"https:\/\/tribunavm.com.ar\/index.php\/wp-json\/wp\/v2\/posts\/4120\/revisions"}],"predecessor-version":[{"id":4122,"href":"https:\/\/tribunavm.com.ar\/index.php\/wp-json\/wp\/v2\/posts\/4120\/revisions\/4122"}],"wp:featuredmedia":[{"embeddable":true,"href":"https:\/\/tribunavm.com.ar\/index.php\/wp-json\/wp\/v2\/media\/4121"}],"wp:attachment":[{"href":"https:\/\/tribunavm.com.ar\/index.php\/wp-json\/wp\/v2\/media?parent=4120"}],"wp:term":[{"taxonomy":"category","embeddable":true,"href":"https:\/\/tribunavm.com.ar\/index.php\/wp-json\/wp\/v2\/categories?post=4120"},{"taxonomy":"post_tag","embeddable":true,"href":"https:\/\/tribunavm.com.ar\/index.php\/wp-json\/wp\/v2\/tags?post=4120"}],"curies":[{"name":"wp","href":"https:\/\/api.w.org\/{rel}","templated":true}]}}