{"id":420,"date":"2019-07-25T17:55:27","date_gmt":"2019-07-25T17:55:27","guid":{"rendered":"https:\/\/tribunavm.com.ar\/?p=420"},"modified":"2019-10-21T18:13:13","modified_gmt":"2019-10-21T18:13:13","slug":"ayudar-al-que-lo-necesita","status":"publish","type":"post","link":"https:\/\/tribunavm.com.ar\/index.php\/2019\/07\/25\/ayudar-al-que-lo-necesita\/","title":{"rendered":"\u201cAyudar al que lo necesita\u201d"},"content":{"rendered":"<div class=\"row clearfix\">\n<div class=\"col-md-8\">\n<p><span style=\"color: #212121; font-size: 1.5em; letter-spacing: -0.01em;\">200 personas recibieron una porci\u00f3n de alimentos en una olla popular organizada por el SURRBAC (recolectores de residuos) este mi\u00e9rcoles 24 de julio en el San Mart\u00edn.<\/span><\/p>\n<p><span style=\"font-weight: 400;\"><span class=\"dropcap \" style=\"background-color: #ffffff; color: #dd9933; border-color: #ffffff;\">E<\/span>sta vez se realiz\u00f3 en el garaje de la casa de Andr\u00e9s Lucero, miembro del SURRBAC, junto a la colaboraci\u00f3n de 50 trabajadores de la agrupaci\u00f3n gremial \u201cLa 29\u201d. Hasta all\u00ed se acercaron 200 padres, hijos y familias para llevarse un tupper de comida caliente para sus hogares.<\/span><\/p>\n<p><span style=\"font-weight: 400;\">La actividad se llev\u00f3 adelante por cuarto mi\u00e9rcoles consecutivo, respetando la rotaci\u00f3n de barrios tanto en Villa Mar\u00eda como en Villa Nueva. Ariel \u201cPiquito\u201d Alassia, con quien tambi\u00e9n conversamos en el lugar, nos coment\u00f3 que tienen el objetivo de realizar en simult\u00e1neo una olla popular tanto en Villa Mar\u00eda como en Villa Nueva, por lo que esperan contar con el apoyo de m\u00e1s voluntarios y donaciones.<\/span><\/p>\n<p><span style=\"font-weight: 400;\">Adem\u00e1s, cada s\u00e1bado organizan un desayuno y almuerzo popular para ni\u00f1os y familias de los barrios San Mart\u00edn, Las Acacias, La Calera (en Villa Mar\u00eda), y Centro y Los Olmos (en Villa Nueva).<\/span><\/p>\n<figure id=\"attachment_427\" aria-describedby=\"caption-attachment-427\" style=\"width: 727px\" class=\"wp-caption alignnone\"><img loading=\"lazy\" decoding=\"async\" class=\"wp-image-427\" src=\"https:\/\/tribunavm.com.ar\/wp-content\/uploads\/2019\/10\/WhatsApp-Image-2019-07-24-at-21.56.30-300x300.jpeg\" alt=\"\" width=\"727\" height=\"727\" srcset=\"https:\/\/tribunavm.com.ar\/wp-content\/uploads\/2019\/10\/WhatsApp-Image-2019-07-24-at-21.56.30-300x300.jpeg 300w, https:\/\/tribunavm.com.ar\/wp-content\/uploads\/2019\/10\/WhatsApp-Image-2019-07-24-at-21.56.30-150x150.jpeg 150w, https:\/\/tribunavm.com.ar\/wp-content\/uploads\/2019\/10\/WhatsApp-Image-2019-07-24-at-21.56.30-768x768.jpeg 768w, https:\/\/tribunavm.com.ar\/wp-content\/uploads\/2019\/10\/WhatsApp-Image-2019-07-24-at-21.56.30-75x75.jpeg 75w, https:\/\/tribunavm.com.ar\/wp-content\/uploads\/2019\/10\/WhatsApp-Image-2019-07-24-at-21.56.30-750x750.jpeg 750w, https:\/\/tribunavm.com.ar\/wp-content\/uploads\/2019\/10\/WhatsApp-Image-2019-07-24-at-21.56.30.jpeg 960w\" sizes=\"(max-width: 727px) 100vw, 727px\" \/><figcaption id=\"caption-attachment-427\" class=\"wp-caption-text\">Los recolectores haciendo la comida para las familias del barrio.<\/figcaption><\/figure>\n<p><span style=\"font-weight: 400;\">Para los trabajadores, \u201ctodo da vuelta sobre la pol\u00edtica, queremos que, de ac\u00e1, desde las bases salgan trabajadores que puedan incursionar en la pol\u00edtica\u201d. Adem\u00e1s \u201cqueremos que los vecinos no nos vean m\u00e1s como unos \u2018negros de mierda\u2019, o como unos sindicalistas que hacemos l\u00edo, sino como lo que somos, gente que se preocupa por el otro\u201d, concluyeron.<\/span><\/p>\n<\/div>\n<div class=\"col-md-3\">\n<p>&nbsp;<\/p>\n<\/div>\n<\/div>\n","protected":false},"excerpt":{"rendered":"<p>200 personas recibieron una porci\u00f3n de alimentos en una olla popular organizada por el SURRBAC (recolectores de residuos) este mi\u00e9rcoles 24 de julio en el San Mart\u00edn. Esta vez se realiz\u00f3 en el garaje de la casa de Andr\u00e9s Lucero, miembro del SURRBAC, junto a la colaboraci\u00f3n de 50 trabajadores de la agrupaci\u00f3n gremial \u201cLa [&hellip;]<\/p>\n","protected":false},"author":2,"featured_media":424,"comment_status":"open","ping_status":"open","sticky":false,"template":"","format":"standard","meta":{"_exactmetrics_skip_tracking":false,"_exactmetrics_sitenote_active":false,"_exactmetrics_sitenote_note":"","_exactmetrics_sitenote_category":0,"jnews-multi-image_gallery":[],"jnews_single_post":{"source_name":"","source_url":"","via_name":"","via_url":"","override_template":"0","override":[{"template":"1","single_blog_custom":"","parallax":"1","fullscreen":"0","layout":"right-sidebar","sidebar":"default-sidebar","second_sidebar":"default-sidebar","sticky_sidebar":"1","share_position":"top","share_float_style":"share-monocrhome","show_share_counter":"1","show_view_counter":"1","show_featured":"1","show_post_meta":"1","show_post_author":"1","show_post_author_image":"1","show_post_date":"1","post_date_format":"default","post_date_format_custom":"Y\/m\/d","show_post_category":"1","show_post_reading_time":"0","post_reading_time_wpm":"300","show_zoom_button":"0","zoom_button_out_step":"2","zoom_button_in_step":"3","show_post_tag":"1","show_prev_next_post":"1","show_popup_post":"1","number_popup_post":"1","show_author_box":"0","show_post_related":"0","show_inline_post_related":"0"}],"override_image_size":"0","image_override":[{"single_post_thumbnail_size":"crop-500","single_post_gallery_size":"crop-500"}],"trending_post":"0","trending_post_position":"meta","trending_post_label":"Trending"},"jnews_primary_category":{"id":"22"},"jnews_social_meta":{"fb_title":"","fb_description":"","fb_image":"","twitter_title":"","twitter_description":"","twitter_image":""},"jnews_override_counter":{"override_view_counter":"0","view_counter_number":"0","override_share_counter":"0","share_counter_number":"0","override_like_counter":"0","like_counter_number":"0","override_dislike_counter":"0","dislike_counter_number":"0"},"_joinchat":[],"footnotes":""},"categories":[22],"tags":[43,34,35],"class_list":["post-420","post","type-post","status-publish","format-standard","has-post-thumbnail","hentry","category-actualidad","tag-edicion-5","tag-social","tag-trabajadores"],"_links":{"self":[{"href":"https:\/\/tribunavm.com.ar\/index.php\/wp-json\/wp\/v2\/posts\/420"}],"collection":[{"href":"https:\/\/tribunavm.com.ar\/index.php\/wp-json\/wp\/v2\/posts"}],"about":[{"href":"https:\/\/tribunavm.com.ar\/index.php\/wp-json\/wp\/v2\/types\/post"}],"author":[{"embeddable":true,"href":"https:\/\/tribunavm.com.ar\/index.php\/wp-json\/wp\/v2\/users\/2"}],"replies":[{"embeddable":true,"href":"https:\/\/tribunavm.com.ar\/index.php\/wp-json\/wp\/v2\/comments?post=420"}],"version-history":[{"count":2,"href":"https:\/\/tribunavm.com.ar\/index.php\/wp-json\/wp\/v2\/posts\/420\/revisions"}],"predecessor-version":[{"id":442,"href":"https:\/\/tribunavm.com.ar\/index.php\/wp-json\/wp\/v2\/posts\/420\/revisions\/442"}],"wp:featuredmedia":[{"embeddable":true,"href":"https:\/\/tribunavm.com.ar\/index.php\/wp-json\/wp\/v2\/media\/424"}],"wp:attachment":[{"href":"https:\/\/tribunavm.com.ar\/index.php\/wp-json\/wp\/v2\/media?parent=420"}],"wp:term":[{"taxonomy":"category","embeddable":true,"href":"https:\/\/tribunavm.com.ar\/index.php\/wp-json\/wp\/v2\/categories?post=420"},{"taxonomy":"post_tag","embeddable":true,"href":"https:\/\/tribunavm.com.ar\/index.php\/wp-json\/wp\/v2\/tags?post=420"}],"curies":[{"name":"wp","href":"https:\/\/api.w.org\/{rel}","templated":true}]}}