{"id":4253,"date":"2021-09-19T19:50:22","date_gmt":"2021-09-19T19:50:22","guid":{"rendered":"https:\/\/tribunavm.com.ar\/?p=4253"},"modified":"2021-09-19T21:01:09","modified_gmt":"2021-09-19T21:01:09","slug":"reunion-de-la-cgt-con-la-embajada-de-eeuu","status":"publish","type":"post","link":"https:\/\/tribunavm.com.ar\/index.php\/2021\/09\/19\/reunion-de-la-cgt-con-la-embajada-de-eeuu\/","title":{"rendered":"Encuentro de la CGT con la Embajada de EEUU"},"content":{"rendered":"<div class=\"row clearfix\">\n<div class=\"col-md-8\">\n<div class=\"intro-text\">\n<p><span style=\"font-weight: 400;\">Representantes de la Central obrera se reunieron el mi\u00e9rcoles pasado con representantes del gobierno estadounidense en Argentina.<\/span><\/p>\n<\/div>\n<p><span style=\"font-weight: 400;\">La reuni\u00f3n fue coordinada por la Fundaci\u00f3n Centro de Estudios Americanos, a trav\u00e9s de su director Luis Savino, y cont\u00f3 con la presencia de representantes de la Embajada de los Estados Unidos en la Argentina y referentes de la CGT.<\/span><\/p>\n<p><span style=\"font-weight: 400;\">Seg\u00fan la p\u00e1gina oficial de la CGT \u201cse trataron tem\u00e1ticas ligadas a la estructura sindical en la defensa de los trabajadores y su importante rol en el desarrollo de los pa\u00edses\u201d. Adem\u00e1s \u201cfue el corolario de una serie de elogios por parte de Biden hacia el rol de los sindicatos y su papel en el desarrollo de los pa\u00edses y en el fomento de la producci\u00f3n y el trabajo\u201d.<\/span><\/p>\n<p><span style=\"font-weight: 400;\">La Embajada estuvo representada por Michelle Riebeling, Ministra Consejera Interina, mientras que por parte de los sindicatos estuvieron presentes Rodolfo Daer (Alimentaci\u00f3n), Jorge Sola (Seguros), Luis Cejas (Viajantes), Horacio Jerez (Calzado), Pablo Flores (AEFIP), Enrique Lorenzo (Cerveceros), Carlos P\u00e9rez (Comercio), An\u00edbal Torretta (Sutecba), Ricardo Cirielli ( Tecnicos Aeron\u00e1uticos) y Luis Brito del Pino (ASIMRA)<\/span><\/p>\n<\/div>\n<\/div>\n","protected":false},"excerpt":{"rendered":"<p>Representantes de la Central obrera se reunieron el mi\u00e9rcoles pasado con representantes del gobierno estadounidense en Argentina. La reuni\u00f3n fue coordinada por la Fundaci\u00f3n Centro de Estudios Americanos, a trav\u00e9s de su director Luis Savino, y cont\u00f3 con la presencia de representantes de la Embajada de los Estados Unidos en la Argentina y referentes de [&hellip;]<\/p>\n","protected":false},"author":2,"featured_media":4256,"comment_status":"open","ping_status":"open","sticky":false,"template":"","format":"standard","meta":{"_exactmetrics_skip_tracking":false,"_exactmetrics_sitenote_active":false,"_exactmetrics_sitenote_note":"","_exactmetrics_sitenote_category":0,"jnews-multi-image_gallery":[],"jnews_single_post":{"source_name":"","source_url":"","via_name":"","via_url":"","override_template":"0","override":[{"template":"1","single_blog_custom":"","parallax":"1","fullscreen":"1","layout":"right-sidebar","sidebar":"default-sidebar","second_sidebar":"default-sidebar","sticky_sidebar":"1","share_position":"top","share_float_style":"share-monocrhome","show_share_counter":"1","show_view_counter":"1","show_featured":"1","show_post_meta":"1","show_post_author":"1","show_post_author_image":"1","show_post_date":"1","post_date_format":"default","post_date_format_custom":"Y\/m\/d","show_post_category":"1","show_post_reading_time":"0","post_reading_time_wpm":"300","show_zoom_button":"0","zoom_button_out_step":"2","zoom_button_in_step":"3","show_post_tag":"1","show_prev_next_post":"1","show_popup_post":"1","number_popup_post":"1","show_author_box":"0","show_post_related":"0","show_inline_post_related":"0"}],"override_image_size":"0","image_override":[{"single_post_thumbnail_size":"crop-500","single_post_gallery_size":"crop-500"}],"trending_post":"0","trending_post_position":"meta","trending_post_label":"Trending","sponsored_post":"0","sponsored_post_label":"Sponsored by","sponsored_post_name":"","sponsored_post_url":"","sponsored_post_logo_enable":"0","sponsored_post_logo":"","sponsored_post_desc":""},"jnews_primary_category":{"id":"22"},"jnews_social_meta":{"fb_title":"","fb_description":"","fb_image":"","twitter_title":"","twitter_description":"","twitter_image":""},"jnews_override_counter":{"override_view_counter":"0","view_counter_number":"0","override_share_counter":"0","share_counter_number":"0","override_like_counter":"0","like_counter_number":"0","override_dislike_counter":"0","dislike_counter_number":"0"},"_joinchat":[],"footnotes":""},"categories":[22],"tags":[197,198,35],"class_list":["post-4253","post","type-post","status-publish","format-standard","has-post-thumbnail","hentry","category-actualidad","tag-edicion-70","tag-eeuu","tag-trabajadores"],"_links":{"self":[{"href":"https:\/\/tribunavm.com.ar\/index.php\/wp-json\/wp\/v2\/posts\/4253"}],"collection":[{"href":"https:\/\/tribunavm.com.ar\/index.php\/wp-json\/wp\/v2\/posts"}],"about":[{"href":"https:\/\/tribunavm.com.ar\/index.php\/wp-json\/wp\/v2\/types\/post"}],"author":[{"embeddable":true,"href":"https:\/\/tribunavm.com.ar\/index.php\/wp-json\/wp\/v2\/users\/2"}],"replies":[{"embeddable":true,"href":"https:\/\/tribunavm.com.ar\/index.php\/wp-json\/wp\/v2\/comments?post=4253"}],"version-history":[{"count":2,"href":"https:\/\/tribunavm.com.ar\/index.php\/wp-json\/wp\/v2\/posts\/4253\/revisions"}],"predecessor-version":[{"id":4296,"href":"https:\/\/tribunavm.com.ar\/index.php\/wp-json\/wp\/v2\/posts\/4253\/revisions\/4296"}],"wp:featuredmedia":[{"embeddable":true,"href":"https:\/\/tribunavm.com.ar\/index.php\/wp-json\/wp\/v2\/media\/4256"}],"wp:attachment":[{"href":"https:\/\/tribunavm.com.ar\/index.php\/wp-json\/wp\/v2\/media?parent=4253"}],"wp:term":[{"taxonomy":"category","embeddable":true,"href":"https:\/\/tribunavm.com.ar\/index.php\/wp-json\/wp\/v2\/categories?post=4253"},{"taxonomy":"post_tag","embeddable":true,"href":"https:\/\/tribunavm.com.ar\/index.php\/wp-json\/wp\/v2\/tags?post=4253"}],"curies":[{"name":"wp","href":"https:\/\/api.w.org\/{rel}","templated":true}]}}