{"id":4263,"date":"2021-09-19T19:57:18","date_gmt":"2021-09-19T19:57:18","guid":{"rendered":"https:\/\/tribunavm.com.ar\/?p=4263"},"modified":"2021-09-19T21:19:14","modified_gmt":"2021-09-19T21:19:14","slug":"presentacion-del-presupuesto-2022","status":"publish","type":"post","link":"https:\/\/tribunavm.com.ar\/index.php\/2021\/09\/19\/presentacion-del-presupuesto-2022\/","title":{"rendered":"Presentaci\u00f3n del presupuesto 2022"},"content":{"rendered":"<div class=\"row clearfix\">\n<div class=\"col-md-8\">\n<div class=\"intro-text\">\n<p><span style=\"font-weight: 400;\">En medio de un contexto de tensi\u00f3n, Mart\u00edn Guzm\u00e1n present\u00f3 el proyecto de presupuesto al Congreso Nacional.<\/span><\/p>\n<\/div>\n<p><span style=\"font-weight: 400;\"><span class=\"dropcap \" style=\"background-color: #ffffff; color: #dd9933; border-color: #ffffff;\">E<\/span>l mi\u00e9rcoles pasado Mart\u00edn Guzman, ministro de econom\u00eda, present\u00f3 en el Congreso los lineamientos de la pol\u00edtica econ\u00f3mica del Gobierno Nacional para el a\u00f1o 2022. Las proyecciones prev\u00e9n un crecimiento de la econom\u00eda del 4%, una inflaci\u00f3n del 33%, un d\u00e9ficit fiscal del 3,5% del PBI y un d\u00f3lar a $131 pesos para diciembre del 2022.<\/span><\/p>\n<p><span style=\"font-weight: 400;\">El economista Horacio Rovelli dijo en una nota que, a pesar de la previsi\u00f3n de un limitado crecimiento, \u201clo hace con una econom\u00eda peor distribuida, con bolsones de pobreza y con una gran heterogeneidad en los sectores que crecen y los que son desfavorecidos por una pol\u00edtica econ\u00f3mica orientada al sector externo en desmedro del consumo nacional\u201d.<\/span><\/p>\n<p><span style=\"font-weight: 400;\">Adem\u00e1s considera que la diferencia de los gastos respecto a los ingresos se se financiar\u00e1 a trav\u00e9s de la deuda p\u00fablica.\u00a0\u00a0<\/span><\/p>\n<p><span style=\"font-weight: 400;\">Las fuentes de financiamiento ser\u00e1n la emisi\u00f3n monetaria por $1.000.000 millones, deuda proveniente de fondos de organismos $681.000 millones y t\u00edtulos p\u00fablicos (m\u00e1s deuda) por $1.200.000 millones. En total, el endeudamiento del Sector P\u00fablico Nacional se estima en $10.643.384 millones, lo que implica un incremento de 50,5% respecto al presupuesto de este a\u00f1o.<\/span><\/p>\n<p><span style=\"font-weight: 400;\">Desde el ministerio de Econom\u00eda confirmaron que durante 2022 se pretende no realizar pagos de capital al Fondo Monetario Internacional (FMI) que, de acuerdo al cronograma de vencimientos actual, alcanzan los USD 17.800 millones.\u00a0<\/span><\/p>\n<p><span style=\"font-weight: 400;\">Asimismo, Rovelli dijo al respecto que \u201cse proyecta el pago de servicios de intereses por un monto de aproximadamente 1.386 millones de d\u00f3lares, correspondientes a los t\u00edtulos emitidos en los canjes de deuda con legislaci\u00f3n extranjera y legislaci\u00f3n local efectuados durante el a\u00f1o 2020\u201d.<\/span><\/p>\n<p><span style=\"font-weight: 400;\">Tambi\u00e9n se prev\u00e9 una reducci\u00f3n del 0,3% a los subsidios a las tarifas que repercutir\u00e1 directamente en el precio de consumo.<\/span><\/p>\n<\/div>\n<\/div>\n","protected":false},"excerpt":{"rendered":"<p>En medio de un contexto de tensi\u00f3n, Mart\u00edn Guzm\u00e1n present\u00f3 el proyecto de presupuesto al Congreso Nacional. El mi\u00e9rcoles pasado Mart\u00edn Guzman, ministro de econom\u00eda, present\u00f3 en el Congreso los lineamientos de la pol\u00edtica econ\u00f3mica del Gobierno Nacional para el a\u00f1o 2022. Las proyecciones prev\u00e9n un crecimiento de la econom\u00eda del 4%, una inflaci\u00f3n del [&hellip;]<\/p>\n","protected":false},"author":2,"featured_media":4264,"comment_status":"open","ping_status":"open","sticky":false,"template":"","format":"standard","meta":{"_exactmetrics_skip_tracking":false,"_exactmetrics_sitenote_active":false,"_exactmetrics_sitenote_note":"","_exactmetrics_sitenote_category":0,"jnews-multi-image_gallery":[],"jnews_single_post":{"source_name":"","source_url":"","via_name":"","via_url":"","override_template":"0","override":[{"template":"1","single_blog_custom":"","parallax":"1","fullscreen":"1","layout":"right-sidebar","sidebar":"default-sidebar","second_sidebar":"default-sidebar","sticky_sidebar":"1","share_position":"top","share_float_style":"share-monocrhome","show_share_counter":"1","show_view_counter":"1","show_featured":"1","show_post_meta":"1","show_post_author":"1","show_post_author_image":"1","show_post_date":"1","post_date_format":"default","post_date_format_custom":"Y\/m\/d","show_post_category":"1","show_post_reading_time":"0","post_reading_time_wpm":"300","show_zoom_button":"0","zoom_button_out_step":"2","zoom_button_in_step":"3","show_post_tag":"1","show_prev_next_post":"1","show_popup_post":"1","number_popup_post":"1","show_author_box":"0","show_post_related":"0","show_inline_post_related":"0"}],"override_image_size":"0","image_override":[{"single_post_thumbnail_size":"crop-500","single_post_gallery_size":"crop-500"}],"trending_post":"0","trending_post_position":"meta","trending_post_label":"Trending","sponsored_post":"0","sponsored_post_label":"Sponsored by","sponsored_post_name":"","sponsored_post_url":"","sponsored_post_logo_enable":"0","sponsored_post_logo":"","sponsored_post_desc":""},"jnews_primary_category":{"id":"22"},"jnews_social_meta":{"fb_title":"","fb_description":"","fb_image":"","twitter_title":"","twitter_description":"","twitter_image":""},"jnews_override_counter":{"override_view_counter":"0","view_counter_number":"0","override_share_counter":"0","share_counter_number":"0","override_like_counter":"0","like_counter_number":"0","override_dislike_counter":"0","dislike_counter_number":"0"},"_joinchat":[],"footnotes":""},"categories":[22],"tags":[109,52,39,161,35],"class_list":["post-4263","post","type-post","status-publish","format-standard","has-post-thumbnail","hentry","category-actualidad","tag-condiciones-de-vida","tag-finanzas","tag-gobierno","tag-inflacion","tag-trabajadores"],"_links":{"self":[{"href":"https:\/\/tribunavm.com.ar\/index.php\/wp-json\/wp\/v2\/posts\/4263"}],"collection":[{"href":"https:\/\/tribunavm.com.ar\/index.php\/wp-json\/wp\/v2\/posts"}],"about":[{"href":"https:\/\/tribunavm.com.ar\/index.php\/wp-json\/wp\/v2\/types\/post"}],"author":[{"embeddable":true,"href":"https:\/\/tribunavm.com.ar\/index.php\/wp-json\/wp\/v2\/users\/2"}],"replies":[{"embeddable":true,"href":"https:\/\/tribunavm.com.ar\/index.php\/wp-json\/wp\/v2\/comments?post=4263"}],"version-history":[{"count":3,"href":"https:\/\/tribunavm.com.ar\/index.php\/wp-json\/wp\/v2\/posts\/4263\/revisions"}],"predecessor-version":[{"id":4304,"href":"https:\/\/tribunavm.com.ar\/index.php\/wp-json\/wp\/v2\/posts\/4263\/revisions\/4304"}],"wp:featuredmedia":[{"embeddable":true,"href":"https:\/\/tribunavm.com.ar\/index.php\/wp-json\/wp\/v2\/media\/4264"}],"wp:attachment":[{"href":"https:\/\/tribunavm.com.ar\/index.php\/wp-json\/wp\/v2\/media?parent=4263"}],"wp:term":[{"taxonomy":"category","embeddable":true,"href":"https:\/\/tribunavm.com.ar\/index.php\/wp-json\/wp\/v2\/categories?post=4263"},{"taxonomy":"post_tag","embeddable":true,"href":"https:\/\/tribunavm.com.ar\/index.php\/wp-json\/wp\/v2\/tags?post=4263"}],"curies":[{"name":"wp","href":"https:\/\/api.w.org\/{rel}","templated":true}]}}