{"id":4317,"date":"2021-09-26T20:26:42","date_gmt":"2021-09-26T20:26:42","guid":{"rendered":"https:\/\/tribunavm.com.ar\/?p=4317"},"modified":"2021-09-26T20:26:42","modified_gmt":"2021-09-26T20:26:42","slug":"paneo-latinoamericano-11","status":"publish","type":"post","link":"https:\/\/tribunavm.com.ar\/index.php\/2021\/09\/26\/paneo-latinoamericano-11\/","title":{"rendered":"Paneo Latinoamericano"},"content":{"rendered":"<div class=\"row clearfix\">\n<div class=\"col-md-8\">\n<h3><span style=\"font-weight: 400; color: #ff9900;\">EEUU reprimi\u00f3 a miles de migrantes haitianos<\/span><\/h3>\n<p><img loading=\"lazy\" decoding=\"async\" class=\"aligncenter size-full wp-image-4318\" src=\"https:\/\/tribunavm.com.ar\/wp-content\/uploads\/2021\/09\/eeuu.jpg\" alt=\"\" width=\"665\" height=\"457\" srcset=\"https:\/\/tribunavm.com.ar\/wp-content\/uploads\/2021\/09\/eeuu.jpg 665w, https:\/\/tribunavm.com.ar\/wp-content\/uploads\/2021\/09\/eeuu-300x206.jpg 300w\" sizes=\"(max-width: 665px) 100vw, 665px\" \/><\/p>\n<p><span style=\"font-weight: 400;\"><span class=\"dropcap \" style=\"background-color: #ffffff; color: #dd9933; border-color: #ffffff;\">F<\/span>inalizando la semana pasada se viralizaron fotos de guardias fronterizos montados a caballos de EEUU reprimiendo con l\u00e1tigos a centenares de migrantes haitianos que se encontraban en un acampe luego de cruzar el R\u00edo Bravo, ubicado entre la ciudad mexicana de Ciudad Acu\u00f1a y Texas.\u00a0<\/span><\/p>\n<p><span style=\"font-weight: 400;\">Debido al suceso el enviado especial de Estados Unidos en Hait\u00ed, Daniel Foote dio a conocer en una carta dirigida al secretario de Estado, Anthony Blinken, su renuncia luego de ocupar el cargo desde julio y expres\u00f3 \u201cNo me asociar\u00e9 con la decisi\u00f3n inhumana y contraproducente de Estados Unidos de deportar a miles de refugiados y migrantes ilegales haitianos a Hait\u00ed\u201d.\u00a0<\/span><\/p>\n<p><span style=\"font-weight: 400;\">Hait\u00ed tiene una poblaci\u00f3n de casi 12 millones de personas. seg\u00fan el Informe de Desarrollo Humano es uno de los pa\u00edses m\u00e1s empobrecidos del mundo, con una esperanza de vida hasta los 57 a\u00f1os, una mortalidad infantil del 61% y sin acceso a agua potable de m\u00e1s del 30% de la poblaci\u00f3n, sumado a una gran inestabilidad pol\u00edtica que no est\u00e1 dando soluciones a las familias que deciden migrar a Chile, Brasil y EEUU para buscar mejores condiciones y as\u00ed sobrevivir.<\/span><\/p>\n<h3><span style=\"font-weight: 400; color: #ff9900;\">Movilizaciones en Ecuador<\/span><\/h3>\n<p><img loading=\"lazy\" decoding=\"async\" class=\"aligncenter size-full wp-image-4319\" src=\"https:\/\/tribunavm.com.ar\/wp-content\/uploads\/2021\/09\/movilizacion_sectores_sociales_ecuador_guillermo_lasso.jpg_1689854195-1.jpg\" alt=\"\" width=\"600\" height=\"330\" srcset=\"https:\/\/tribunavm.com.ar\/wp-content\/uploads\/2021\/09\/movilizacion_sectores_sociales_ecuador_guillermo_lasso.jpg_1689854195-1.jpg 600w, https:\/\/tribunavm.com.ar\/wp-content\/uploads\/2021\/09\/movilizacion_sectores_sociales_ecuador_guillermo_lasso.jpg_1689854195-1-300x165.jpg 300w\" sizes=\"(max-width: 600px) 100vw, 600px\" \/><\/p>\n<p><span style=\"font-weight: 400;\"><span class=\"dropcap \" style=\"background-color: #ffffff; color: #dd9933; border-color: #ffffff;\">S<\/span>indicatos y movimientos sociales ecuatorianos convocaron a una cuarta jornada de movilizaciones en rechazo al presidente Guillermo Lasso, frente a los anuncios de reformas laborales y pol\u00edticas econ\u00f3micas dadas por el gobierno, entre las demandas tambi\u00e9n se exige el congelamiento en las tarifas de combustibles.\u00a0<\/span><\/p>\n<p><span style=\"font-weight: 400;\">En el marco de los reclamos salieron a la calle los agr\u00edcolas,\u00a0 que exigieron la reapertura de la Unidad Nacional de Almacenamiento, la que garantizar\u00e1 justicia en el pago del quintal de arroz y la compra por parte del Gobierno de la producci\u00f3n del peque\u00f1o y mediano productor.\u00a0<\/span><\/p>\n<p><span style=\"font-weight: 400;\">Mientras tanto, el Gobierno ha reforzado la seguridad interna con operativos de las Fuerzas Armadas, desplegando 1200 efectivos policiales, 104 blindados y 7 aeronaves reforzando una operaci\u00f3n llamada \u201cEspada-2\u201d, con el fin de disuadir los focos de \u201cdelincuencia\u201d.\u00a0<\/span><\/p>\n<h3><span style=\"font-weight: 400; color: #ff9900;\">Movilizaci\u00f3n de cocaleros en Bolivia<\/span><\/h3>\n<p><img loading=\"lazy\" decoding=\"async\" class=\"aligncenter size-jnews-750x536 wp-image-4324\" src=\"https:\/\/tribunavm.com.ar\/wp-content\/uploads\/2021\/09\/6541ad2a-6924-43dc-88e9-3c1992315c86_alta-libre-aspect-ratio_default_0-750x536.jpg\" alt=\"\" width=\"750\" height=\"536\" srcset=\"https:\/\/tribunavm.com.ar\/wp-content\/uploads\/2021\/09\/6541ad2a-6924-43dc-88e9-3c1992315c86_alta-libre-aspect-ratio_default_0-750x536.jpg 750w, https:\/\/tribunavm.com.ar\/wp-content\/uploads\/2021\/09\/6541ad2a-6924-43dc-88e9-3c1992315c86_alta-libre-aspect-ratio_default_0-120x86.jpg 120w, https:\/\/tribunavm.com.ar\/wp-content\/uploads\/2021\/09\/6541ad2a-6924-43dc-88e9-3c1992315c86_alta-libre-aspect-ratio_default_0-350x250.jpg 350w\" sizes=\"(max-width: 750px) 100vw, 750px\" \/><\/p>\n<p><span style=\"font-weight: 400;\"><span class=\"dropcap \" style=\"background-color: #ffffff; color: #dd9933; border-color: #ffffff;\">E<\/span>l jueves y viernes pasado cocaleros de los Yungas de La Paz, Bolivia, realizaron movilizaciones con el objetivo de retomar el control del mercado de la Asociaci\u00f3n Departamental de Productores de Coca (Adepcoca) donde se enfrentaron con la Polic\u00eda. Esta \u00faltima reprimi\u00f3 con gases lacrim\u00f3genos y llev\u00f3 detenidos a 33 cocaleros que se encontraban en la movilizaci\u00f3n. Los manifestantes ped\u00edan reunirse con el presidente en ejercicio, David Choquehuanca, para entablar un di\u00e1logo, pero no obtuvieron respuesta.\u00a0<\/span><\/p>\n<p><span style=\"font-weight: 400;\">El conflicto surgi\u00f3 por que el dirigente Armin Lluta se proclam\u00f3 el lunes como dirigente de Adepcoca, pese al rechazo de los otros dos bloques, y tom\u00f3 el control del mercado para comercializar la hoja de coca. \u201cHemos visto tres cabezas que dicen que son presidentes. Ese es el tema principal con el que vamos a entrar en di\u00e1logo, se les invita a todos, ya no entremos m\u00e1s en conflicto\u201d, pidi\u00f3 Choquehuanca luego de los enfrentamientos.<\/span><\/p>\n<\/div>\n<\/div>\n","protected":false},"excerpt":{"rendered":"<p>EEUU reprimi\u00f3 a miles de migrantes haitianos Finalizando la semana pasada se viralizaron fotos de guardias fronterizos montados a caballos de EEUU reprimiendo con l\u00e1tigos a centenares de migrantes haitianos que se encontraban en un acampe luego de cruzar el R\u00edo Bravo, ubicado entre la ciudad mexicana de Ciudad Acu\u00f1a y Texas.\u00a0 Debido al suceso [&hellip;]<\/p>\n","protected":false},"author":2,"featured_media":4070,"comment_status":"open","ping_status":"open","sticky":false,"template":"","format":"standard","meta":{"_exactmetrics_skip_tracking":false,"_exactmetrics_sitenote_active":false,"_exactmetrics_sitenote_note":"","_exactmetrics_sitenote_category":0,"jnews-multi-image_gallery":[],"jnews_single_post":{"source_name":"","source_url":"","via_name":"","via_url":"","override_template":"0","override":[{"template":"1","single_blog_custom":"","parallax":"1","fullscreen":"1","layout":"right-sidebar","sidebar":"default-sidebar","second_sidebar":"default-sidebar","sticky_sidebar":"1","share_position":"top","share_float_style":"share-monocrhome","show_share_counter":"1","show_view_counter":"1","show_featured":"1","show_post_meta":"1","show_post_author":"1","show_post_author_image":"1","show_post_date":"1","post_date_format":"default","post_date_format_custom":"Y\/m\/d","show_post_category":"1","show_post_reading_time":"0","post_reading_time_wpm":"300","show_zoom_button":"0","zoom_button_out_step":"2","zoom_button_in_step":"3","show_post_tag":"1","show_prev_next_post":"1","show_popup_post":"1","number_popup_post":"1","show_author_box":"0","show_post_related":"0","show_inline_post_related":"0"}],"override_image_size":"0","image_override":[{"single_post_thumbnail_size":"crop-500","single_post_gallery_size":"crop-500"}],"trending_post":"0","trending_post_position":"meta","trending_post_label":"Trending","sponsored_post":"0","sponsored_post_label":"Sponsored by","sponsored_post_name":"","sponsored_post_url":"","sponsored_post_logo_enable":"0","sponsored_post_logo":"","sponsored_post_desc":""},"jnews_primary_category":{"id":"22"},"jnews_social_meta":{"fb_title":"","fb_description":"","fb_image":"","twitter_title":"","twitter_description":"","twitter_image":""},"jnews_override_counter":{"override_view_counter":"0","view_counter_number":"0","override_share_counter":"0","share_counter_number":"0","override_like_counter":"0","like_counter_number":"0","override_dislike_counter":"0","dislike_counter_number":"0"},"_joinchat":[],"footnotes":""},"categories":[22],"tags":[65,109,69,200,35],"class_list":["post-4317","post","type-post","status-publish","format-standard","has-post-thumbnail","hentry","category-actualidad","tag-america-latina","tag-condiciones-de-vida","tag-latinoamerica","tag-paneo-latinoamericano","tag-trabajadores"],"_links":{"self":[{"href":"https:\/\/tribunavm.com.ar\/index.php\/wp-json\/wp\/v2\/posts\/4317"}],"collection":[{"href":"https:\/\/tribunavm.com.ar\/index.php\/wp-json\/wp\/v2\/posts"}],"about":[{"href":"https:\/\/tribunavm.com.ar\/index.php\/wp-json\/wp\/v2\/types\/post"}],"author":[{"embeddable":true,"href":"https:\/\/tribunavm.com.ar\/index.php\/wp-json\/wp\/v2\/users\/2"}],"replies":[{"embeddable":true,"href":"https:\/\/tribunavm.com.ar\/index.php\/wp-json\/wp\/v2\/comments?post=4317"}],"version-history":[{"count":1,"href":"https:\/\/tribunavm.com.ar\/index.php\/wp-json\/wp\/v2\/posts\/4317\/revisions"}],"predecessor-version":[{"id":4327,"href":"https:\/\/tribunavm.com.ar\/index.php\/wp-json\/wp\/v2\/posts\/4317\/revisions\/4327"}],"wp:featuredmedia":[{"embeddable":true,"href":"https:\/\/tribunavm.com.ar\/index.php\/wp-json\/wp\/v2\/media\/4070"}],"wp:attachment":[{"href":"https:\/\/tribunavm.com.ar\/index.php\/wp-json\/wp\/v2\/media?parent=4317"}],"wp:term":[{"taxonomy":"category","embeddable":true,"href":"https:\/\/tribunavm.com.ar\/index.php\/wp-json\/wp\/v2\/categories?post=4317"},{"taxonomy":"post_tag","embeddable":true,"href":"https:\/\/tribunavm.com.ar\/index.php\/wp-json\/wp\/v2\/tags?post=4317"}],"curies":[{"name":"wp","href":"https:\/\/api.w.org\/{rel}","templated":true}]}}