{"id":4340,"date":"2021-09-26T20:47:56","date_gmt":"2021-09-26T20:47:56","guid":{"rendered":"https:\/\/tribunavm.com.ar\/?p=4340"},"modified":"2021-09-26T20:47:56","modified_gmt":"2021-09-26T20:47:56","slug":"4-millones-de-desocupados","status":"publish","type":"post","link":"https:\/\/tribunavm.com.ar\/index.php\/2021\/09\/26\/4-millones-de-desocupados\/","title":{"rendered":"4 millones de desocupados"},"content":{"rendered":"<div class=\"row clearfix\">\n<div class=\"col-md-8\">\n<p><span style=\"font-weight: 400;\"><span class=\"dropcap \" style=\"background-color: #ffffff; color: #dd9933; border-color: #ffffff;\">L<\/span>a desocupaci\u00f3n se ubic\u00f3 en el segundo trimestre del a\u00f1o en 9,6%, lo que significa que m\u00e1s de 4,4 millones de personas se encuentran en dicha situaci\u00f3n. Hay 230.000 personas m\u00e1s que se encuentran ocupadas pero demandan m\u00e1s empleo respecto al trimestre anterior.<\/span><\/p>\n<p><span style=\"font-weight: 400;\">El porcentaje aumenta en los grupos et\u00e1reos de j\u00f3venes y mujeres. El 16% de los varones de 14 a 29 a\u00f1os est\u00e1n desocupados, mientras que ese porcentaje aumenta a 22% en mujeres del mismo rango. Mientras que, la sobreocupaci\u00f3n (m\u00e1s de 48hs semanales) viene aumentando de manera sostenida desde el 2do trimestre de 2020, ubic\u00e1ndose en el 11,2%.<\/span><\/p>\n<\/div>\n<\/div>\n","protected":false},"excerpt":{"rendered":"<p>La desocupaci\u00f3n se ubic\u00f3 en el segundo trimestre del a\u00f1o en 9,6%, lo que significa que m\u00e1s de 4,4 millones de personas se encuentran en dicha situaci\u00f3n. Hay 230.000 personas m\u00e1s que se encuentran ocupadas pero demandan m\u00e1s empleo respecto al trimestre anterior. El porcentaje aumenta en los grupos et\u00e1reos de j\u00f3venes y mujeres. El [&hellip;]<\/p>\n","protected":false},"author":2,"featured_media":4341,"comment_status":"open","ping_status":"open","sticky":false,"template":"","format":"standard","meta":{"_exactmetrics_skip_tracking":false,"_exactmetrics_sitenote_active":false,"_exactmetrics_sitenote_note":"","_exactmetrics_sitenote_category":0,"jnews-multi-image_gallery":[],"jnews_single_post":{"source_name":"","source_url":"","via_name":"","via_url":"","override_template":"0","override":[{"template":"1","single_blog_custom":"","parallax":"1","fullscreen":"1","layout":"right-sidebar","sidebar":"default-sidebar","second_sidebar":"default-sidebar","sticky_sidebar":"1","share_position":"top","share_float_style":"share-monocrhome","show_share_counter":"1","show_view_counter":"1","show_featured":"1","show_post_meta":"1","show_post_author":"1","show_post_author_image":"1","show_post_date":"1","post_date_format":"default","post_date_format_custom":"Y\/m\/d","show_post_category":"1","show_post_reading_time":"0","post_reading_time_wpm":"300","show_zoom_button":"0","zoom_button_out_step":"2","zoom_button_in_step":"3","show_post_tag":"1","show_prev_next_post":"1","show_popup_post":"1","number_popup_post":"1","show_author_box":"0","show_post_related":"0","show_inline_post_related":"0"}],"override_image_size":"0","image_override":[{"single_post_thumbnail_size":"crop-500","single_post_gallery_size":"crop-500"}],"trending_post":"0","trending_post_position":"meta","trending_post_label":"Trending","sponsored_post":"0","sponsored_post_label":"Sponsored by","sponsored_post_name":"","sponsored_post_url":"","sponsored_post_logo_enable":"0","sponsored_post_logo":"","sponsored_post_desc":""},"jnews_primary_category":{"id":"22"},"jnews_social_meta":{"fb_title":"","fb_description":"","fb_image":"","twitter_title":"","twitter_description":"","twitter_image":""},"jnews_override_counter":{"override_view_counter":"0","view_counter_number":"0","override_share_counter":"0","share_counter_number":"0","override_like_counter":"0","like_counter_number":"0","override_dislike_counter":"0","dislike_counter_number":"0"},"_joinchat":[],"footnotes":""},"categories":[22],"tags":[109,201,35],"class_list":["post-4340","post","type-post","status-publish","format-standard","has-post-thumbnail","hentry","category-actualidad","tag-condiciones-de-vida","tag-edicion-71","tag-trabajadores"],"_links":{"self":[{"href":"https:\/\/tribunavm.com.ar\/index.php\/wp-json\/wp\/v2\/posts\/4340"}],"collection":[{"href":"https:\/\/tribunavm.com.ar\/index.php\/wp-json\/wp\/v2\/posts"}],"about":[{"href":"https:\/\/tribunavm.com.ar\/index.php\/wp-json\/wp\/v2\/types\/post"}],"author":[{"embeddable":true,"href":"https:\/\/tribunavm.com.ar\/index.php\/wp-json\/wp\/v2\/users\/2"}],"replies":[{"embeddable":true,"href":"https:\/\/tribunavm.com.ar\/index.php\/wp-json\/wp\/v2\/comments?post=4340"}],"version-history":[{"count":1,"href":"https:\/\/tribunavm.com.ar\/index.php\/wp-json\/wp\/v2\/posts\/4340\/revisions"}],"predecessor-version":[{"id":4342,"href":"https:\/\/tribunavm.com.ar\/index.php\/wp-json\/wp\/v2\/posts\/4340\/revisions\/4342"}],"wp:featuredmedia":[{"embeddable":true,"href":"https:\/\/tribunavm.com.ar\/index.php\/wp-json\/wp\/v2\/media\/4341"}],"wp:attachment":[{"href":"https:\/\/tribunavm.com.ar\/index.php\/wp-json\/wp\/v2\/media?parent=4340"}],"wp:term":[{"taxonomy":"category","embeddable":true,"href":"https:\/\/tribunavm.com.ar\/index.php\/wp-json\/wp\/v2\/categories?post=4340"},{"taxonomy":"post_tag","embeddable":true,"href":"https:\/\/tribunavm.com.ar\/index.php\/wp-json\/wp\/v2\/tags?post=4340"}],"curies":[{"name":"wp","href":"https:\/\/api.w.org\/{rel}","templated":true}]}}