{"id":4387,"date":"2021-10-04T00:38:07","date_gmt":"2021-10-04T00:38:07","guid":{"rendered":"https:\/\/tribunavm.com.ar\/?p=4387"},"modified":"2021-10-04T00:38:07","modified_gmt":"2021-10-04T00:38:07","slug":"movilizacion-popular-para-evitar-el-saqueo","status":"publish","type":"post","link":"https:\/\/tribunavm.com.ar\/index.php\/2021\/10\/04\/movilizacion-popular-para-evitar-el-saqueo\/","title":{"rendered":"Movilizaci\u00f3n popular para evitar el saqueo"},"content":{"rendered":"<div class=\"row clearfix\">\n<div class=\"col-md-8\">\n<div class=\"intro-text\">\n<p><span style=\"font-weight: 400;\">Madres de Plaza de Mayo llam\u00f3 a movilizarse contra el pago de la deuda externa. \u201cEndeudar a los pa\u00edses es la forma de quitarles soberan\u00eda y de someter a sus econom\u00edas dejando de lado las necesidades y deseos de los pueblos\u201d.<\/span><\/p>\n<\/div>\n<p><span style=\"font-weight: 400;\"><span class=\"dropcap \" style=\"background-color: #ffffff; color: #dd9933; border-color: #ffffff;\">D<\/span>urante la semana pasada se conoci\u00f3 mediante una circular la convocatoria a realizar marchas y asambleas en todo el pa\u00eds exigiendo al Gobierno detener las negociaciones vigentes con el FMI por el pago de la deuda externa.<\/span><\/p>\n<p><span style=\"font-weight: 400;\">\u201cLa Asociaci\u00f3n Madres de Plaza de Mayo te convoca a marchar por el NO PAGO A LA DEUDA\u201d, se titula el documento. La convocatoria est\u00e1 prevista para el domingo 17 de octubre a las 16:00.<\/span><\/p>\n<p><span style=\"font-weight: 400;\">\u201cEl FMI nos \u201cenchuf\u00f3\u201d con la complicidad de Macri una deuda de 44.000.000.000 d\u00f3lares violando sus propios estatutos. El mismo FMI excedi\u00f3 adem\u00e1s la propia cuota que hab\u00eda admitido de 23.000.000.000 para \u201cestabilizar\u201d la econom\u00eda argentina. Cuando dicen \u201cestabilizar\u201d en realidad esconden que lo hacen para proteger a los capitales especulativos da\u00f1ando los salarios, las jubilaciones y la econom\u00eda nacional\u201d, contin\u00faa el documento.\u00a0<\/span><\/p>\n<p><span style=\"font-weight: 400;\">De esa deuda \u201cno qued\u00f3 uno solo de esos d\u00f3lares (ni hospitales, ni escuelas, ni universidades, ni centrales el\u00e9ctricas, caminos, ni NADA). Esta plata la usaron ellos mismos para la fuga descontrolada a sus bolsillos. <\/span><b>Por lo tanto la deuda es ileg\u00edtima e ilegal\u201d.<\/b><\/p>\n<p><b>\u201cEndeudar a los pa\u00edses es la forma de quitarles soberan\u00eda y de someter a sus econom\u00edas<\/b><span style=\"font-weight: 400;\">. <\/span><b>Las pol\u00edticas econ\u00f3micas pasan a ser decididas<\/b><span style=\"font-weight: 400;\"> y condicionadas por el acreedor s\u00f3lo <\/span><b>en funci\u00f3n de sus intereses financieros, dejando de lado las necesidades y deseos de los pueblos<\/b><span style=\"font-weight: 400;\">\u201d, concluye el comunicado.<\/span><\/p>\n<p><span style=\"font-weight: 400;\">Por otro lado, la Autoconvocatoria contra el pago a la deuda, llam\u00f3 a movilizar el 5 de octubre contra el pago al FMI.\u00a0<\/span><\/p>\n<p><span style=\"font-weight: 400;\">\u201cEn el marco de la crisis agravada por la pandemia, el 22 de septiembre el gobierno realiz\u00f3 el primer pago de capital al FMI, por la estafa consumada con Macri en 2018. Implic\u00f3 el desembolso de casi 1900 millones de d\u00f3lares &#8211; \u00a1m\u00e1s de $4000 por habitante! Se trata de una enorme suma de dinero que bien podr\u00eda haber servido para mejorar las condiciones de vida del pueblo, que viene padeciendo la desocupaci\u00f3n y la pobreza\u201d, plantea el comunicado.<\/span><\/p>\n<p><span style=\"font-weight: 400;\">Por ello, es necesario exigir \u201cnuestro derecho a que se suspenda el pago y se investigue a fondo los or\u00edgenes y usos de este reclamo odioso y sancionar a los responsables locales y extranjeros\u201d.\u00a0\u00a0<\/span><\/p>\n<p><span style=\"font-weight: 400;\">Las iniciativas de movilizaci\u00f3n social contra el pago a la deuda tienen su curso en un contexto social signado por los n\u00fameros de pobreza que se difundieron la semana pasada alcanzando al 40% de la poblaci\u00f3n. Mientras al Congreso ingres\u00f3 el Proyecto de Presupuesto 2022 que viene de ser criticado por no incrementar el gasto en pol\u00edtica social.<\/span><\/p>\n<p><span style=\"font-weight: 400;\">En ese sentido, el referente de Unidad Popular, Claudio Lozano, plante\u00f3 que \u201cel presupuesto 2022 debe ser revisado; es muy similar al de 2021. Es un presupuesto que parece no haberse dado cuenta de lo que pas\u00f3, y no tiene ninguna novedad en materia de pol\u00edtica social&#8221;. Para el economista, la administraci\u00f3n viene realizando un ajuste fiscal. Para que tengamos noci\u00f3n, \u201cse gastaron 43 mil millones de pesos por mes hasta agosto, por lo que para llegar a la meta que ten\u00edan, en estos meses tendr\u00edan que gastar 146 mil millones, lo cual es imposible&#8221;.<\/span><\/p>\n<p><span style=\"font-weight: 400;\">Adem\u00e1s, la Central de Trabajadores Aut\u00f3noma (CTA Aut\u00f3noma), llam\u00f3 a movilizaci\u00f3n para el 13 de Octubre, bajo la proclama \u201cJornada Nacional de Lucha por un Presupuesto sin ajuste\u201d. El dirigente, Ricardo Peidro, plante\u00f3: \u201cQueremos un presupuesto que vaya en l\u00ednea con la idea de terminar con la desigualdad\u201d. Seg\u00fan la adjunta de la central, Claudia Baigorria, \u201cse necesitan 67 mil pesos por mes para no caer en la pobreza. Tenemos que salir a fortalecer nuestra propuesta del salario universal\u201d.<\/span><\/p>\n<\/div>\n<\/div>\n","protected":false},"excerpt":{"rendered":"<p>Madres de Plaza de Mayo llam\u00f3 a movilizarse contra el pago de la deuda externa. \u201cEndeudar a los pa\u00edses es la forma de quitarles soberan\u00eda y de someter a sus econom\u00edas dejando de lado las necesidades y deseos de los pueblos\u201d. Durante la semana pasada se conoci\u00f3 mediante una circular la convocatoria a realizar marchas [&hellip;]<\/p>\n","protected":false},"author":2,"featured_media":4385,"comment_status":"open","ping_status":"open","sticky":false,"template":"","format":"standard","meta":{"_exactmetrics_skip_tracking":false,"_exactmetrics_sitenote_active":false,"_exactmetrics_sitenote_note":"","_exactmetrics_sitenote_category":0,"jnews-multi-image_gallery":[],"jnews_single_post":{"source_name":"","source_url":"","via_name":"","via_url":"","override_template":"0","override":[{"template":"1","single_blog_custom":"","parallax":"1","fullscreen":"1","layout":"right-sidebar","sidebar":"default-sidebar","second_sidebar":"default-sidebar","sticky_sidebar":"1","share_position":"top","share_float_style":"share-monocrhome","show_share_counter":"1","show_view_counter":"1","show_featured":"1","show_post_meta":"1","show_post_author":"1","show_post_author_image":"1","show_post_date":"1","post_date_format":"default","post_date_format_custom":"Y\/m\/d","show_post_category":"1","show_post_reading_time":"0","post_reading_time_wpm":"300","show_zoom_button":"0","zoom_button_out_step":"2","zoom_button_in_step":"3","show_post_tag":"1","show_prev_next_post":"1","show_popup_post":"1","number_popup_post":"1","show_author_box":"0","show_post_related":"0","show_inline_post_related":"0"}],"override_image_size":"0","image_override":[{"single_post_thumbnail_size":"crop-500","single_post_gallery_size":"crop-500"}],"trending_post":"0","trending_post_position":"meta","trending_post_label":"Trending","sponsored_post":"0","sponsored_post_label":"Sponsored by","sponsored_post_name":"","sponsored_post_url":"","sponsored_post_logo_enable":"0","sponsored_post_logo":"","sponsored_post_desc":""},"jnews_primary_category":{"id":"22"},"jnews_social_meta":{"fb_title":"","fb_description":"","fb_image":"","twitter_title":"","twitter_description":"","twitter_image":""},"jnews_override_counter":{"override_view_counter":"0","view_counter_number":"0","override_share_counter":"0","share_counter_number":"0","override_like_counter":"0","like_counter_number":"0","override_dislike_counter":"0","dislike_counter_number":"0"},"_joinchat":[],"footnotes":""},"categories":[22],"tags":[203,35],"class_list":["post-4387","post","type-post","status-publish","format-standard","has-post-thumbnail","hentry","category-actualidad","tag-edicion-72","tag-trabajadores"],"_links":{"self":[{"href":"https:\/\/tribunavm.com.ar\/index.php\/wp-json\/wp\/v2\/posts\/4387"}],"collection":[{"href":"https:\/\/tribunavm.com.ar\/index.php\/wp-json\/wp\/v2\/posts"}],"about":[{"href":"https:\/\/tribunavm.com.ar\/index.php\/wp-json\/wp\/v2\/types\/post"}],"author":[{"embeddable":true,"href":"https:\/\/tribunavm.com.ar\/index.php\/wp-json\/wp\/v2\/users\/2"}],"replies":[{"embeddable":true,"href":"https:\/\/tribunavm.com.ar\/index.php\/wp-json\/wp\/v2\/comments?post=4387"}],"version-history":[{"count":1,"href":"https:\/\/tribunavm.com.ar\/index.php\/wp-json\/wp\/v2\/posts\/4387\/revisions"}],"predecessor-version":[{"id":4388,"href":"https:\/\/tribunavm.com.ar\/index.php\/wp-json\/wp\/v2\/posts\/4387\/revisions\/4388"}],"wp:featuredmedia":[{"embeddable":true,"href":"https:\/\/tribunavm.com.ar\/index.php\/wp-json\/wp\/v2\/media\/4385"}],"wp:attachment":[{"href":"https:\/\/tribunavm.com.ar\/index.php\/wp-json\/wp\/v2\/media?parent=4387"}],"wp:term":[{"taxonomy":"category","embeddable":true,"href":"https:\/\/tribunavm.com.ar\/index.php\/wp-json\/wp\/v2\/categories?post=4387"},{"taxonomy":"post_tag","embeddable":true,"href":"https:\/\/tribunavm.com.ar\/index.php\/wp-json\/wp\/v2\/tags?post=4387"}],"curies":[{"name":"wp","href":"https:\/\/api.w.org\/{rel}","templated":true}]}}